{"id":42682,"date":"2025-09-23T06:36:08","date_gmt":"2025-09-23T06:36:08","guid":{"rendered":"https:\/\/www.europesays.com\/no\/42682\/"},"modified":"2025-09-23T06:36:08","modified_gmt":"2025-09-23T06:36:08","slug":"russlands-krigskasse-tommes-putin-strammer-inn","status":"publish","type":"post","link":"https:\/\/www.europesays.com\/no\/42682\/","title":{"rendered":"Russlands krigskasse t\u00f8mmes: Putin strammer inn"},"content":{"rendered":"<p>    Vladimir Putin har planer om \u00e5 fryse utgiftene og \u00f8ke avgiftene etter at Russlands budsjettunderskudd er blitt mer enn tredoblet i l\u00f8pet av \u00e5ret.<\/p>\n<p>\n        Vladimir Putin ser seg n\u00f8dt til \u00e5 fryse utgifter og vurdere skatteskjerpelser for \u00e5 dekke krigsunderskuddet<br \/>\n        Foto: Anton Vaganov \/ Reuters \/ NTB\n    <\/p>\n<p class=\"italic m-italic\" data-lab-italic=\"italic\"><a href=\"https:\/\/www.finansavisen.no\/makro\/2025\/09\/22\/8294869\/russlands-krigskasse-tommes-putin-strammer-inn\" target=\"_blank\" rel=\"nofollow noopener\">Denne artikkelen<\/a> ble f\u00f8rst publisert hos <a href=\"https:\/\/www.finansavisen.no\/\" target=\"_blank\" rel=\"nofollow noopener\">Finansavisen<\/a>.<\/p>\n<p>Russland planlegger \u00e5 fryse de f\u00f8derale utgiftene neste \u00e5r, for \u00e5 pr\u00f8ve \u00e5 h\u00e5ndtere et raskt voksende budsjettunderskudd, skriver Bloomberg.\u00a0<\/p>\n<p>Samtidig vurderer myndighetene i landet \u00e5 \u00f8ke skattene for spe p\u00e5 statsfinansene, som lider tungt p\u00e5 grunn av krigen i Ukraina, kombinert med\u00a0fallende olje- og gassinntekter.<\/p>\n<p>Tredoblet underskudd<\/p>\n<p>If\u00f8lge kilder Bloomberg har snakket med, vurderer Finansdepartementet \u00e5 \u00f8ke merverdiavgiften fra 20 til 22 prosent fraSS 2026. Samtidig kan skatteplikten utvides til selskaper med \u00e5rlig inntekt ned mot 10 millioner rubler, mot dagens 60 millioner. Tiltaket kan if\u00f8lge anslag gi staten rundt 1.000 milliarder rubler \u2013 rundt 118 milliarder kroner \u2013 i \u00e5rlige inntekter.<\/p>\n<p>\u2013 Vi m\u00e5 gj\u00f8re budsjettet mer robust, slik at det kan m\u00f8te de begrensningene vi st\u00e5r overfor, sa finansminister Anton Siluanov under et forum i Moskva i forrige uke.<\/p>\n<p>Selv om regjeringen formelt har hatt stramme m\u00e5l, har utgiftene jevnlig overskredet planene under krigen, if\u00f8lge Bloomberg. For 2025 er utgiftene oppjustert til 42,3 billioner rubler, tilsvarende 19 prosent av BNP. Samtidig har budsjettunderskuddet \u00f8kt fra et opprinnelig m\u00e5l p\u00e5 0,5 prosent av BNP til 1,7 prosent.<\/p>\n<p>Kritisk n\u00e6ringsliv<\/p>\n<p>Forrige gang Russland \u00f8kte merverdiavgiften var i 2019, da satsen ble hevet fra 18 til 20 prosent. Sentralbanken advarte den gang mot inflasjonseffekter, men virker mer forsonlig denne gangen.\u00a0<\/p>\n<p>\u2013 Hvis underskuddet vokser, m\u00e5 vi heve styringsrenten. Det er bedre at utgifter dekkes av inntekter enn av gjeld, sa sentralbanksjef Elvira Nabiullina tidligere denne m\u00e5neden.<\/p>\n<p>N\u00e6ringslivsledere reagerer derimot sterkt p\u00e5 utsiktene til nye skatteskjerpelser, if\u00f8lge Bloomberg.\u00a0<\/p>\n<p>\u2013 \u00d8kt merverdiavgift er det mest ubehagelige b\u00e5de for bedrifter og forbrukere, sier Alexander Sjochin, leder for den russiske arbeidsgiverorganisasjonen RSPP.<\/p>\n<p>\u2013 Til slutt er det forbrukerne som betaler, advarer han.<\/p>\n<p>Det er ventet at den russiske regjeringen legger frem budsjettforslaget sitt for 2026 den 29. september.\u00a0<\/p>\n","protected":false},"excerpt":{"rendered":"Vladimir Putin har planer om \u00e5 fryse utgiftene og \u00f8ke avgiftene etter at Russlands budsjettunderskudd er blitt mer&hellip;\n","protected":false},"author":2,"featured_media":42683,"comment_status":"","ping_status":"","sticky":false,"template":"","format":"standard","meta":{"footnotes":""},"categories":[12],"tags":[20,21,24,25,15,22,23,13,30,28,29,14,16,26,27,42,43,44,45],"class_list":{"0":"post-42682","1":"post","2":"type-post","3":"status-publish","4":"format-standard","5":"has-post-thumbnail","7":"category-verden","8":"tag-breaking-news","9":"tag-breakingnews","10":"tag-featured-news","11":"tag-featurednews","12":"tag-headlines","13":"tag-latest-news","14":"tag-latestnews","15":"tag-news","16":"tag-no","17":"tag-norge","18":"tag-norway","19":"tag-nyheter","20":"tag-overskrifter","21":"tag-top-stories","22":"tag-topstories","23":"tag-verden","24":"tag-world","25":"tag-world-news","26":"tag-worldnews"},"share_on_mastodon":{"url":"","error":""},"_links":{"self":[{"href":"https:\/\/www.europesays.com\/no\/wp-json\/wp\/v2\/posts\/42682","targetHints":{"allow":["GET"]}}],"collection":[{"href":"https:\/\/www.europesays.com\/no\/wp-json\/wp\/v2\/posts"}],"about":[{"href":"https:\/\/www.europesays.com\/no\/wp-json\/wp\/v2\/types\/post"}],"author":[{"embeddable":true,"href":"https:\/\/www.europesays.com\/no\/wp-json\/wp\/v2\/users\/2"}],"replies":[{"embeddable":true,"href":"https:\/\/www.europesays.com\/no\/wp-json\/wp\/v2\/comments?post=42682"}],"version-history":[{"count":0,"href":"https:\/\/www.europesays.com\/no\/wp-json\/wp\/v2\/posts\/42682\/revisions"}],"wp:featuredmedia":[{"embeddable":true,"href":"https:\/\/www.europesays.com\/no\/wp-json\/wp\/v2\/media\/42683"}],"wp:attachment":[{"href":"https:\/\/www.europesays.com\/no\/wp-json\/wp\/v2\/media?parent=42682"}],"wp:term":[{"taxonomy":"category","embeddable":true,"href":"https:\/\/www.europesays.com\/no\/wp-json\/wp\/v2\/categories?post=42682"},{"taxonomy":"post_tag","embeddable":true,"href":"https:\/\/www.europesays.com\/no\/wp-json\/wp\/v2\/tags?post=42682"}],"curies":[{"name":"wp","href":"https:\/\/api.w.org\/{rel}","templated":true}]}}