{"id":42688,"date":"2025-09-23T06:45:10","date_gmt":"2025-09-23T06:45:10","guid":{"rendered":"https:\/\/www.europesays.com\/no\/42688\/"},"modified":"2025-09-23T06:45:10","modified_gmt":"2025-09-23T06:45:10","slug":"oslo-lufthavn-stengte-for-trafikk-pa-grunn-av-dronehendelse","status":"publish","type":"post","link":"https:\/\/www.europesays.com\/no\/42688\/","title":{"rendered":"Oslo lufthavn stengte for trafikk p\u00e5 grunn av dronehendelse"},"content":{"rendered":"<p class=\"extendedContent hyperion-css-eyn926\" data-test-tag=\"lead-text\">Flere fly p\u00e5 vei til Oslo lufthavn m\u00e5tte omdirigeres p\u00e5 grunn av droneobservasjoner i omr\u00e5det. Dette skjedde samtidig som K\u00f8benhavn lufthavn var stengt av samme \u00e5rsak.<\/p>\n<p><img decoding=\"async\" class=\"image-asset hyperion-css-u06ts1\" data-test-tag=\"image-asset\" src=\"https:\/\/www.europesays.com\/no\/wp-content\/uploads\/2025\/09\/2c315099-9213-4008-8c12-ea3f44d28b41\"  alt=\"Det var mandag kveld ingen flytrafikk p\u00e5 Oslo lufthavn. Arkivbilde.\"  loading=\"eager\" fetchpriority=\"high\" style=\"aspect-ratio:2048 \/ 1365\"\/>Det var mandag kveld ingen flytrafikk p\u00e5 Oslo lufthavn. Arkivbilde. Foto: Hans O. Torgersen \/ NTB<\/p>\n<p class=\"paywall hyperion-css-1j42uic\">Oslo lufthavn m\u00e5tte holde stengt i flere timer natt til tirsdag etter to droneobservasjoner i n\u00e6rheten av flyplassen.<\/p>\n<p class=\"paywall hyperion-css-1j42uic\">Oslo lufthavns kommunikasjonssjef Monica Iren Fasting bekreftet at luftrommet ble stengt rundt klokken 0.30 av sikkerhetshensyn. F\u00f8rst klokken 3.30 ble det \u00e5pnet igjen.<\/p>\n<p class=\"paywall hyperion-css-1j42uic\">\u2013 Skal man ut \u00e5 reise i dag, skal man m\u00f8te p\u00e5 flyplassen til normal tid, sier Fasting til Aftenposten i 7-tiden tirsdag. <\/p>\n<p>Forsvaret holdes orientert<\/p>\n<p class=\"paywall hyperion-css-1j42uic\">B\u00e5de Politiets sikkerhetstjeneste (PST) og Forsvaret er blitt holdt orientert om aktiviteten ved flyplassen natt til tirsdag. <\/p>\n<p class=\"paywall hyperion-css-1j42uic\">\u2013 Vi har ikke mottatt en bistandsanmodning fra politiet, sier talsperson ved Forsvarets operative hovedkvaret (FOH), oberstl\u00f8ytnant Brynjar Stordal, tirsdag morgen.<\/p>\n<p class=\"paywall hyperion-css-1j42uic\">En slik anmodning kunne kommet dersom politiet vurderte det som n\u00f8dvendig \u00e5 ta ned droner. Gardermoen best\u00e5r av en sivil del og en milit\u00e6r flystasjon, som Forsvaret har vakt- og sikringsansvar for. <\/p>\n<p class=\"paywall hyperion-css-1j42uic\">\u2013 Det er ingen rapport p\u00e5 at det har v\u00e6rt droneaktivitet rettet mot den milit\u00e6re flystasjonen, sier Stordal.  <\/p>\n<p class=\"paywall hyperion-css-1j42uic\">PST opplyser at de er rutinemessig i kontakt med relevante akt\u00f8rer b\u00e5de nasjonalt og internasjonalt. <\/p>\n<p class=\"paywall hyperion-css-1j42uic\">\u2013 Vi holdes fortl\u00f8pende oppdatert om utviklingen, sier seniorr\u00e5dgiver Eirik Veum i PST.<\/p>\n<p>Politiet: Droneobservasjonene ikke verifisert<\/p>\n<p class=\"paywall hyperion-css-1j42uic\">\u2013 Tilfellet er at det er mulige droneobservasjoner og de er ikke verifisert, dermed er det ikke gjort lokalisering av dronepilot, sier operasjonsleder P\u00e5l Bjelland i \u00d8st politidistrikt til NTB.<\/p>\n<p class=\"paywall hyperion-css-1j42uic\">Bjelland opplyser at det som er meldt er visuelle observasjoner.<\/p>\n<p class=\"paywall hyperion-css-1j42uic\">\u2013 Det vi gj\u00f8r er \u00e5 samle opplysninger og unders\u00f8ke om det kan v\u00e6re fly eller andre observasjoner som har blitt gjort, sier han.<\/p>\n<p class=\"paywall hyperion-css-1j42uic\">Det er per n\u00e5 ikke kjent om det er en sammenheng mellom hendelsene i Norge og Danmark, if\u00f8lge politiet.<\/p>\n<p><img decoding=\"async\" class=\"image-asset hyperion-css-u06ts1\" data-test-tag=\"image-asset\" src=\"https:\/\/www.europesays.com\/no\/wp-content\/uploads\/2025\/09\/edcf4898-6854-4b33-a7c3-ef478be88a69\"  alt=\"Et fly fra Kypros til Gardemoen landet rundt kl. 05.00 tirsdag morgen, etter at flyplassen \u00e5pnet igjen etter dronehendelsen. \"  loading=\"eager\" fetchpriority=\"high\" style=\"aspect-ratio:2048 \/ 1536\"\/>Et fly fra Kypros til Gardemoen landet rundt kl. 05.00 tirsdag morgen, etter at flyplassen \u00e5pnet igjen etter dronehendelsen. Foto: Marte GundersenKan bli f\u00f8lgefeil i flytrafikken<\/p>\n<p class=\"paywall hyperion-css-1j42uic\">Mandag kveld opplyste Avinor til NRK at det var observert en drone i n\u00e6rheten av Oslo lufthavn. <\/p>\n<p class=\"paywall hyperion-css-1j42uic\">Flytrafikken ble da flyttet over til den ene rullebanen, uten at det fikk konsekvenser for trafikkavviklingen.<\/p>\n<p class=\"paywall hyperion-css-1j42uic\">Senere ble totalt 14 flyvninger p\u00e5 vei til Gardermoen omdirigert p\u00e5 grunn av hendelsen, som f\u00f8rer til utfordringer ogs\u00e5 tirsdag.  <\/p>\n<p class=\"paywall hyperion-css-1j42uic\">\u2013 Det kan bli noen f\u00f8lgefeil utover dagen. Det er viktig \u00e5 f\u00f8lge med p\u00e5 informasjonen fra sitt flyselskap, sier Fasting. <\/p>\n<p class=\"paywall hyperion-css-1j42uic\">\u00d8st politidistrikt bekreftet overfor NRK natt til tirsdag at de rykket ut til Oslo lufthavn, men at de ikke har klart \u00e5 finne droneoperat\u00f8ren.<\/p>\n<p class=\"paywall hyperion-css-1j42uic\">Politiet jobber n\u00e5 med \u00e5 finne ut hvem som disponerte dronen, som ble observert innenfor femkilometersgrensen fra flyplassen.<\/p>\n<p>Samarbeider med dansk politi<\/p>\n<p class=\"paywall hyperion-css-1j42uic\">Mandag kveld <a data-test-tag=\"internal-link\" href=\"https:\/\/www.aftenposten.no\/verden\/i\/4By34e\/koebenhavn-lufthavn-stengt-grunnet-droner-i-luften\" class=\"hyperion-css-1raymq9\" rel=\"nofollow noopener\" target=\"\" aria-label=\"var ogs\u00e5 K\u00f8benhavn lufthavn Kastrup stengt\" theme=\"breaking-short\">var ogs\u00e5 K\u00f8benhavn lufthavn Kastrup stengt<\/a> p\u00e5 grunn av droneaktivitet i omr\u00e5det rundt flyplassen. Det er uklart hvem som sto bak. <\/p>\n<p class=\"paywall hyperion-css-1j42uic\">Dronene forsvant av seg selv etter en stund, og dansk politi sier p\u00e5 en pressekonferanse natt til tirsdag at de vil samarbeide med norsk politi for \u00e5 kartlegge om hendelsene har en sammenheng, <a aria-label=\"skriver DR.\" class=\"breaking-short hyperion-css-1raymq9\" href=\"https:\/\/www.dr.dk\/nyheder\/indland\/droner-set-over-koebenhavns-lufthavn\" target=\"_blank\" rel=\"noopener nofollow noreferrer\" data-test-tag=\"external-link\">skriver DR.<\/a><\/p>\n<p class=\"paywall hyperion-css-1j42uic\">Flere fly er forsinket ved Kastrup som f\u00f8lge av nattens hendelser. Av 26 planlagte avganger mellom klokken 6 og 7 i morges, er 10 innstilt eller forsinket, skriver <a aria-label=\"NRK\" class=\"breaking-short hyperion-css-1raymq9\" href=\"https:\/\/www.nrk.no\/\" target=\"_blank\" rel=\"noopener nofollow noreferrer\" data-test-tag=\"external-link\">NRK<\/a>.<\/p>\n<p>To arrestert i Oslo &#8211; annen dronehendelse<\/p>\n<p class=\"paywall hyperion-css-1j42uic\">Tidligere mandag kveld <a data-test-tag=\"internal-link\" href=\"https:\/\/www.aftenposten.no\/norge\/i\/W0nv5d\/to-utenlandske-statsborgere-paagrepet-for-droneflyvning-ved-akershus-festning\" class=\"hyperion-css-1raymq9\" rel=\"nofollow noopener\" target=\"\" aria-label=\"ble ogs\u00e5 to utenlandske statsborgere p\u00e5grepet\" theme=\"breaking-short\">ble ogs\u00e5 to utenlandske statsborgere p\u00e5grepet<\/a> for \u00e5 ha flydd droner over Forsvarets anlegg p\u00e5 Akerhus festning i Oslo.<\/p>\n<p class=\"paywall hyperion-css-1j42uic\">PST er orientert ogs\u00e5 om denne hendelsen og oppdateres forl\u00f8pende.<\/p>\n","protected":false},"excerpt":{"rendered":"Flere fly p\u00e5 vei til Oslo lufthavn m\u00e5tte omdirigeres p\u00e5 grunn av droneobservasjoner i omr\u00e5det. Dette skjedde samtidig&hellip;\n","protected":false},"author":2,"featured_media":42689,"comment_status":"","ping_status":"","sticky":false,"template":"","format":"standard","meta":{"footnotes":""},"categories":[5],"tags":[20,21,24,25,15,19,22,23,17,18,13,30,28,29,14,16,26,27],"class_list":{"0":"post-42688","1":"post","2":"type-post","3":"status-publish","4":"format-standard","5":"has-post-thumbnail","7":"category-overskrifter","8":"tag-breaking-news","9":"tag-breakingnews","10":"tag-featured-news","11":"tag-featurednews","12":"tag-headlines","13":"tag-hovedoppslag","14":"tag-latest-news","15":"tag-latestnews","16":"tag-main-news","17":"tag-mainnews","18":"tag-news","19":"tag-no","20":"tag-norge","21":"tag-norway","22":"tag-nyheter","23":"tag-overskrifter","24":"tag-top-stories","25":"tag-topstories"},"share_on_mastodon":{"url":"","error":""},"_links":{"self":[{"href":"https:\/\/www.europesays.com\/no\/wp-json\/wp\/v2\/posts\/42688","targetHints":{"allow":["GET"]}}],"collection":[{"href":"https:\/\/www.europesays.com\/no\/wp-json\/wp\/v2\/posts"}],"about":[{"href":"https:\/\/www.europesays.com\/no\/wp-json\/wp\/v2\/types\/post"}],"author":[{"embeddable":true,"href":"https:\/\/www.europesays.com\/no\/wp-json\/wp\/v2\/users\/2"}],"replies":[{"embeddable":true,"href":"https:\/\/www.europesays.com\/no\/wp-json\/wp\/v2\/comments?post=42688"}],"version-history":[{"count":0,"href":"https:\/\/www.europesays.com\/no\/wp-json\/wp\/v2\/posts\/42688\/revisions"}],"wp:featuredmedia":[{"embeddable":true,"href":"https:\/\/www.europesays.com\/no\/wp-json\/wp\/v2\/media\/42689"}],"wp:attachment":[{"href":"https:\/\/www.europesays.com\/no\/wp-json\/wp\/v2\/media?parent=42688"}],"wp:term":[{"taxonomy":"category","embeddable":true,"href":"https:\/\/www.europesays.com\/no\/wp-json\/wp\/v2\/categories?post=42688"},{"taxonomy":"post_tag","embeddable":true,"href":"https:\/\/www.europesays.com\/no\/wp-json\/wp\/v2\/tags?post=42688"}],"curies":[{"name":"wp","href":"https:\/\/api.w.org\/{rel}","templated":true}]}}