{"id":42692,"date":"2025-09-23T06:51:07","date_gmt":"2025-09-23T06:51:07","guid":{"rendered":"https:\/\/www.europesays.com\/no\/42692\/"},"modified":"2025-09-23T06:51:07","modified_gmt":"2025-09-23T06:51:07","slug":"troms-trafikk-trafikkulykke-i-nord-troms","status":"publish","type":"post","link":"https:\/\/www.europesays.com\/no\/42692\/","title":{"rendered":"Troms, Trafikk | Trafikkulykke i Nord-Troms"},"content":{"rendered":"\n<p>Det har v\u00e6rt en trafikkulykke i Nord-Troms, melder politiet. Det er to biler involvert. De skadde ivaretas av ambulansepersonell p\u00e5 stedet. <\/p>\n<p>Ulykken fremst\u00e5r alvorlig med personskader. Det er ogs\u00e5 sendt luftambulanse til stedet, skriver politiet. <\/p>\n<p>\u2013 De involverte ivaretas av ambulansepersonell p\u00e5 stedet. Det ene kj\u00f8ret\u00f8yet st\u00e5r i brann. Brannvesenet er i gang med slukking, skriver politiet. <\/p>\n<p>Vegen er ogs\u00e5 stengt p\u00e5 stedet. <\/p>\n","protected":false},"excerpt":{"rendered":"Det har v\u00e6rt en trafikkulykke i Nord-Troms, melder politiet. Det er to biler involvert. De skadde ivaretas av&hellip;\n","protected":false},"author":2,"featured_media":2176,"comment_status":"","ping_status":"","sticky":false,"template":"","format":"standard","meta":{"footnotes":""},"categories":[10],"tags":[36,222,20,21,24,25,15,22,23,13,30,28,29,14,16,1510,26,27,224,2409],"class_list":{"0":"post-42692","1":"post","2":"type-post","3":"status-publish","4":"format-standard","5":"has-post-thumbnail","7":"category-norge","8":"tag-art","9":"tag-bil","10":"tag-breaking-news","11":"tag-breakingnews","12":"tag-featured-news","13":"tag-featurednews","14":"tag-headlines","15":"tag-latest-news","16":"tag-latestnews","17":"tag-news","18":"tag-no","19":"tag-norge","20":"tag-norway","21":"tag-nyheter","22":"tag-overskrifter","23":"tag-story","24":"tag-top-stories","25":"tag-topstories","26":"tag-trafikk","27":"tag-troms"},"share_on_mastodon":{"url":"","error":""},"_links":{"self":[{"href":"https:\/\/www.europesays.com\/no\/wp-json\/wp\/v2\/posts\/42692","targetHints":{"allow":["GET"]}}],"collection":[{"href":"https:\/\/www.europesays.com\/no\/wp-json\/wp\/v2\/posts"}],"about":[{"href":"https:\/\/www.europesays.com\/no\/wp-json\/wp\/v2\/types\/post"}],"author":[{"embeddable":true,"href":"https:\/\/www.europesays.com\/no\/wp-json\/wp\/v2\/users\/2"}],"replies":[{"embeddable":true,"href":"https:\/\/www.europesays.com\/no\/wp-json\/wp\/v2\/comments?post=42692"}],"version-history":[{"count":0,"href":"https:\/\/www.europesays.com\/no\/wp-json\/wp\/v2\/posts\/42692\/revisions"}],"wp:featuredmedia":[{"embeddable":true,"href":"https:\/\/www.europesays.com\/no\/wp-json\/wp\/v2\/media\/2176"}],"wp:attachment":[{"href":"https:\/\/www.europesays.com\/no\/wp-json\/wp\/v2\/media?parent=42692"}],"wp:term":[{"taxonomy":"category","embeddable":true,"href":"https:\/\/www.europesays.com\/no\/wp-json\/wp\/v2\/categories?post=42692"},{"taxonomy":"post_tag","embeddable":true,"href":"https:\/\/www.europesays.com\/no\/wp-json\/wp\/v2\/tags?post=42692"}],"curies":[{"name":"wp","href":"https:\/\/api.w.org\/{rel}","templated":true}]}}