{"id":42705,"date":"2025-09-23T07:12:15","date_gmt":"2025-09-23T07:12:15","guid":{"rendered":"https:\/\/www.europesays.com\/no\/42705\/"},"modified":"2025-09-23T07:12:15","modified_gmt":"2025-09-23T07:12:15","slug":"snart-har-vi-ny-eldrebolge-i-alta-og-far-okte-overforinger-fra-staten-altaposten-no","status":"publish","type":"post","link":"https:\/\/www.europesays.com\/no\/42705\/","title":{"rendered":"(+) \u2013 Snart har vi ny eldreb\u00f8lge i Alta, og f\u00e5r \u00f8kte overf\u00f8ringer fra staten &#8211; altaposten.no"},"content":{"rendered":"<ol>\n<li><a href=\"https:\/\/news.google.com\/rss\/articles\/CBMitwFBVV95cUxOemI0TlNuU0t4cWNmajNDaUs5QWZtdWhYVjJZSDAxdjRSQXRMMnBoc2UyUXctZWtOR3hRTE52UktadGRuX3ZVZGZqZzc1cG5PcFR1NXRmMF9OWVo1a3Q0WUxRZ0NXdWhtejRKdDRhSUw1THc1enNNeUhyNzd6bW1qaDMzMHQ1bmFFV1FGX1ZlWkxwbGYweC0zYXhaMmJMdTFjMUZVVFVqRWhsQWVfYmhGY0FlLUVmY2M?oc=5\" target=\"_blank\" rel=\"nofollow noopener\">(+) \u2013 Snart har vi ny eldreb\u00f8lge i Alta, og f\u00e5r \u00f8kte overf\u00f8ringer fra staten<\/a>&nbsp;&nbsp;altaposten.no<\/li>\n<li><a href=\"https:\/\/news.google.com\/rss\/articles\/CBMiswFBVV95cUxQWWRQZVJqRWtzbE9RQjc0OFA0VExNQ2FHRl9pS2xVY2szSG44SVpHTzhoRDNsR0oxV2lKM3F0ZW02YUJQZWw0Y0ZMU0N3WWl1N3lqR3o2dFR0ZDFjQ2g1NXRvd2Y1T2lZclQwNnBVZUxPVnRsS0J2N3RXTXdGOTkwVGVWR0psQXZIMWFjS051eEJIek8tUzFZWjUwU0hNc2pfWGpqT0xuWnctNW9McTAyM0pJdw?oc=5\" target=\"_blank\" rel=\"nofollow noopener\">Frykter at demenssyke m\u00e5 dele rom &#8211; kommunen p\u00e5 vei mot Robek-lista<\/a>&nbsp;&nbsp;NRK<\/li>\n<li><a href=\"https:\/\/news.google.com\/rss\/articles\/CBMipgFBVV95cUxOX29CbFVQbXlFaHE0RzZyMnViTnpCUHJQbVJMMUxZSFhmTkpJWXpCSjNRTDFVNjljX1RYaThfczRlMmVlTzlqZk1vSFhCWkg5bzY2TXdkVlZtSW9nMEZ2ZzdSMFJsc2NQc01iZ2RZOXJSM19kVzRBTGVSdzUzcVRWaGZyTXBBTWVYbDhQWWpLWXZpSFNWQ1kwMHlOTHFYM3pJZ01obHN3?oc=5\" target=\"_blank\" rel=\"nofollow noopener\">Alta, Alta IF | Referat fra m\u00f8te: \u2013 Alta IF er ikke avhengig av \u00e5 bygge turnhallen<\/a>&nbsp;&nbsp;iFinnmark<\/li>\n<li><a href=\"https:\/\/news.google.com\/rss\/articles\/CBMiugFBVV95cUxPSTJWamFjMHJqa1VVbHZHT3R1V25hbi1DV2dtNjROU1pKd0lQV0plVW5BUlVIdFh6U01aMGxEZlVCUVZwdzFBMVVIMlpMWE9MYzEwYk1lSWFPeXBDenFrWFdLTHgzTnZoaG5ZWmlNQVRhVWRfUHU1RVBUTkJCVzE2eG1ybWJkRmNjWkl2ZFdWREY2SlF3YjFZN0dmd1RIdTJWYXFVcE91bVdoT3ZwU0JxM1ZUd0pFemFnN2c?oc=5\" target=\"_blank\" rel=\"nofollow noopener\">(+) Kjetil klar i sin tale: \u2013 Vil ta seg d\u00e5rlig ut \u00e5 stemme ned dette prosjektet<\/a>&nbsp;&nbsp;altaposten.no<\/li>\n<li><a href=\"https:\/\/news.google.com\/rss\/articles\/CBMiY0FVX3lxTFBOUVJJTmFCRnlTRHJnWVdEUFVBcXBva2NjZGY3aFdaZkZlNE8yTlBZcjVWUDBCdkR2dVNXOENwTEJLT0F0RXFob3VZZzBSQjZSc2R3VU5zUGZCMEFIWkt2WFRBaw?oc=5\" target=\"_blank\" rel=\"nofollow noopener\">Ytring | \u2013 Turnhall i Altaparken<\/a>&nbsp;&nbsp;Kronstadposten<\/li>\n<\/ol>\n","protected":false},"excerpt":{"rendered":"(+) \u2013 Snart har vi ny eldreb\u00f8lge i Alta, og f\u00e5r \u00f8kte overf\u00f8ringer fra staten&nbsp;&nbsp;altaposten.no Frykter at demenssyke&hellip;\n","protected":false},"author":2,"featured_media":42706,"comment_status":"","ping_status":"","sticky":false,"template":"","format":"standard","meta":{"footnotes":""},"categories":[10],"tags":[6360,20,21,6709,24,25,15,6708,22,23,13,30,28,29,14,6710,6044,16,26,27],"class_list":{"0":"post-42705","1":"post","2":"type-post","3":"status-publish","4":"format-standard","5":"has-post-thumbnail","7":"category-norge","8":"tag-alta-omsorgssenter","9":"tag-breaking-news","10":"tag-breakingnews","11":"tag-eldrebolge","12":"tag-featured-news","13":"tag-featurednews","14":"tag-headlines","15":"tag-hjemmetjenesten","16":"tag-latest-news","17":"tag-latestnews","18":"tag-news","19":"tag-no","20":"tag-norge","21":"tag-norway","22":"tag-nyheter","23":"tag-omsorgsboliger","24":"tag-omstilling","25":"tag-overskrifter","26":"tag-top-stories","27":"tag-topstories"},"share_on_mastodon":{"url":"","error":""},"_links":{"self":[{"href":"https:\/\/www.europesays.com\/no\/wp-json\/wp\/v2\/posts\/42705","targetHints":{"allow":["GET"]}}],"collection":[{"href":"https:\/\/www.europesays.com\/no\/wp-json\/wp\/v2\/posts"}],"about":[{"href":"https:\/\/www.europesays.com\/no\/wp-json\/wp\/v2\/types\/post"}],"author":[{"embeddable":true,"href":"https:\/\/www.europesays.com\/no\/wp-json\/wp\/v2\/users\/2"}],"replies":[{"embeddable":true,"href":"https:\/\/www.europesays.com\/no\/wp-json\/wp\/v2\/comments?post=42705"}],"version-history":[{"count":0,"href":"https:\/\/www.europesays.com\/no\/wp-json\/wp\/v2\/posts\/42705\/revisions"}],"wp:featuredmedia":[{"embeddable":true,"href":"https:\/\/www.europesays.com\/no\/wp-json\/wp\/v2\/media\/42706"}],"wp:attachment":[{"href":"https:\/\/www.europesays.com\/no\/wp-json\/wp\/v2\/media?parent=42705"}],"wp:term":[{"taxonomy":"category","embeddable":true,"href":"https:\/\/www.europesays.com\/no\/wp-json\/wp\/v2\/categories?post=42705"},{"taxonomy":"post_tag","embeddable":true,"href":"https:\/\/www.europesays.com\/no\/wp-json\/wp\/v2\/tags?post=42705"}],"curies":[{"name":"wp","href":"https:\/\/api.w.org\/{rel}","templated":true}]}}