{"id":42721,"date":"2025-09-23T07:31:14","date_gmt":"2025-09-23T07:31:14","guid":{"rendered":"https:\/\/www.europesays.com\/no\/42721\/"},"modified":"2025-09-23T07:31:14","modified_gmt":"2025-09-23T07:31:14","slug":"billigere-nye-biler-helt-uvanlig-situasjon","status":"publish","type":"post","link":"https:\/\/www.europesays.com\/no\/42721\/","title":{"rendered":"Billigere nye biler: &#8211; Helt uvanlig situasjon"},"content":{"rendered":"<p>        Saken oppsummert<\/p>\n<ul lang=\"nb-NO\">\n<li>Prisene p\u00e5 nye biler har falt med 2,4 prosent fra januar 2023 til september 2025.<\/li>\n<li>\u00d8kt konkurranse og kampanjer har bidratt til prisnedgangen.<\/li>\n<li>Analysesjef Jonathan Parr i Rebil mener situasjonen er uvanlig og ikke vil vare.<\/li>\n<li>Usikkerhet rundt elbilavgifter kan f\u00f8re til fremtidige pris\u00f8kninger.<\/li>\n<\/ul>\n<p class=\"italic ai-disclaimer\" data-lab-italic=\"italic\">Oppsummeringen er laget med kunstig intelligens (KI) fra OpenAI. Innholdet er kvalitetssikret av TV 2s journalister. <a target=\"_blank\" href=\"https:\/\/hjelp.tv2.no\/info\/artikkel\/slik-jobber-vi-med-ki-i-tv-2\" title=\"Les om hvordan vi jobber med KI\" rel=\"nofollow noopener\">Les om hvordan vi jobber med KI<\/a><\/p>\n<p>At prisene bare stiger og stiger, er noe vi alltid har m\u00e5ttet forholde oss til. Men de siste \u00e5rene har prisene p\u00e5 mange varer og tjenester steget langt mer enn normalt.\u00a0<\/p>\n<p>    <a class=\"article__link\" data-ga-active-label=\"\" data-ga-active-label-animation=\"\" href=\"https:\/\/www.tv2.no\/broom\/elbilsalget-svikter-1000-mister-jobben\/18104199\/\" rel=\"nofollow noopener\" target=\"_blank\"><\/p>\n<p>    <img class=\"image__img lazyload\" itemprop=\"image\" title=\"\" alt=\"\" width=\"489\" height=\"206\" bad-src=\"https:\/\/www.europesays.com\/no\/wp-content\/uploads\/2025\/09\/18105046.webp\" fetchpriority=\"auto\" \/><\/p>\n<p>            Elbilsalget svikter \u2013 1000 mister jobben<\/p>\n<p>    <\/a><\/p>\n<p>Men ikke alt blir dyrere. Prisene p\u00e5 nye biler har for eksempel i snitt falt med 2,4 prosent fra januar 2023 til september 2025, viser tall fra Statistisk Sentralbyr\u00e5 (SSB).<\/p>\n<p>Det er det mange \u00e5rsaker til. En av dem er at det knapt har v\u00e6rt st\u00f8rre konkurranse om nybilkj\u00f8perne p\u00e5 markedet. En rekke nye akt\u00f8rer har etablert seg, og for \u00e5 selge biler har mange m\u00e5ttet ty til b\u00e5de priskutt og rentekampanjer p\u00e5 ned mot null prosent.\u00a0<\/p>\n<p>I tillegg har utvalget sm\u00e5 og billige ebiler <a href=\"https:\/\/www.tv2.no\/broom\/rekordmange-billigbiler-11-til-under-250000\/18092978\/\" rel=\"nofollow noopener\" target=\"_blank\">aldri v\u00e6rt st\u00f8rre<\/a>.\u00a0<\/p>\n<p>Tror prisene skal opp<\/p>\n<p>        <img class=\"image__img lazyload\" itemprop=\"image\" title=\"Foto: Rebil\" alt=\"FORVENTER ENDRING: \u00d8kt kj\u00f8pekraft til nybilkj\u00f8p vil bety h\u00f8yere priser p\u00e5 sikt, mener Jonathan Parr hos Rebil. Foto: Rebil\" width=\"338\" height=\"295\" bad-src=\"https:\/\/www.europesays.com\/no\/wp-content\/uploads\/2025\/09\/17385475.webp\" fetchpriority=\"auto\" \/><\/p>\n<p>      FORVENTER ENDRING: \u00d8kt kj\u00f8pekraft til nybilkj\u00f8p vil bety h\u00f8yere priser p\u00e5 sikt, mener Jonathan Parr hos Rebil.<br \/>\n         Foto: Rebil<\/p>\n<p>Situasjonen er imidlertid \u00e5 anse som alt annet enn normalt, if\u00f8lge analysesjef hos bruktbilforhandleren Rebil, Jonathan Parr.<\/p>\n<p> \u2013 Det at biler bare blir billigere mens alt annet blir dyrere, er en helt uvanlig situasjon i et historisk perspektiv, sier han til Broom.<\/p>\n<p>Han sier det er tegn i markedet til at dette ikke kommer til \u00e5 vedvare, og peker blant annet p\u00e5 at vi har hatt en l\u00f8nnsvekst som er h\u00f8yere enn inflasjonen siden desember 2022.\u00a0<\/p>\n<p> \u2013 I tillegg har vi f\u00e5tt to rentekutt p\u00e5 f\u00e5 m\u00e5neder. Det vil \u00f8ke ettersp\u00f8rselen etter nye biler. Samtidig har forhandlerne stabilisert tilbudet etter store varelagre de siste \u00e5rene. Dette tilsier at prisene p\u00e5 nye biler skal opp, sier Parr.<\/p>\n<p><a href=\"https:\/\/www.tv2.no\/broom\/rekordmange-billigbiler-11-til-under-250000\/18092978\/\" rel=\"nofollow noopener\" target=\"_blank\">Rekordmange billigbiler: 11 til under 250.000<\/a><\/p>\n<p>\u00d8kt kj\u00f8pekraft til nybilkj\u00f8p<\/p>\n<p>Gjennomsnittsl\u00f8nnen har if\u00f8lge SSB \u00f8kt med 12 prosent i den aktuelle perioden, mens inflasjonen har v\u00e6rt p\u00e5 9,4 prosent. N\u00e5r nybilprisene i tillegg har g\u00e5tt ned, har gjennomsnittsnordmannen f\u00e5tt \u00f8kt kj\u00f8pekraft til nybilkj\u00f8p, understreker han.<\/p>\n<p>    <a class=\"article__link\" data-ga-active-label=\"\" data-ga-active-label-animation=\"\" href=\"https:\/\/www.tv2.no\/broom\/topp-10-kun-en-eksosbil\/18057980\/\" rel=\"nofollow noopener\" target=\"_blank\"><\/p>\n<p>    <img class=\"image__img lazyload\" itemprop=\"image\" title=\"\" alt=\"\" width=\"489\" height=\"206\" bad-src=\"https:\/\/www.europesays.com\/no\/wp-content\/uploads\/2025\/09\/18058214.webp\" fetchpriority=\"auto\" \/><\/p>\n<p>            Topp 10: Kun \u00e9n eksosbil<\/p>\n<p>    <\/a><\/p>\n<p> \u2013 I dag m\u00e5 en sykepleier bruke 75 prosent av \u00e5rsl\u00f8nnen for \u00e5 f\u00e5 en splitter ny versjon av Norges mest popul\u00e6re bil, Tesla Model Y Long Range med firehjulsdrift. Hvis vi spoler tilbake til desember 2022, tilsvarte prisen for bilen over 90 prosent av sykepleierl\u00f8nnen, sier han. <\/p>\n<p>Frykter elbilmoms<\/p>\n<p>Det er ogs\u00e5 en annen faktor som kan bidra til \u00f8kte bilpriser. Nylig skrev Broom om at det er usikkerhet rundt hva som skjer med elbilavgiftene i neste \u00e5rs statsbudsjett.\u00a0<\/p>\n<p>Mange frykter at momsfritaket snart st\u00e5r for fall. Moms fra f\u00f8rste krone vil i s\u00e5 fall f\u00f8re til at en bil til 500.000 kroner blir 125.000 kroner dyrere.\u00a0<\/p>\n<p class=\"bold m-bold\" data-lab-font_weight=\"bold\">Det skjer neppe fra nytt\u00e5r. Mer sannsynlig er det at det blir en gradvis \u00f8kning i avgiftene. Det kan du lese mer om under:<\/p>\n","protected":false},"excerpt":{"rendered":"Saken oppsummert Prisene p\u00e5 nye biler har falt med 2,4 prosent fra januar 2023 til september 2025. \u00d8kt&hellip;\n","protected":false},"author":2,"featured_media":42722,"comment_status":"","ping_status":"","sticky":false,"template":"","format":"standard","meta":{"footnotes":""},"categories":[56],"tags":[60,61,62,30,28,29],"class_list":{"0":"post-42721","1":"post","2":"type-post","3":"status-publish","4":"format-standard","5":"has-post-thumbnail","7":"category-naeringsliv","8":"tag-business","9":"tag-economy","10":"tag-naeringsliv","11":"tag-no","12":"tag-norge","13":"tag-norway"},"share_on_mastodon":{"url":"","error":""},"_links":{"self":[{"href":"https:\/\/www.europesays.com\/no\/wp-json\/wp\/v2\/posts\/42721","targetHints":{"allow":["GET"]}}],"collection":[{"href":"https:\/\/www.europesays.com\/no\/wp-json\/wp\/v2\/posts"}],"about":[{"href":"https:\/\/www.europesays.com\/no\/wp-json\/wp\/v2\/types\/post"}],"author":[{"embeddable":true,"href":"https:\/\/www.europesays.com\/no\/wp-json\/wp\/v2\/users\/2"}],"replies":[{"embeddable":true,"href":"https:\/\/www.europesays.com\/no\/wp-json\/wp\/v2\/comments?post=42721"}],"version-history":[{"count":0,"href":"https:\/\/www.europesays.com\/no\/wp-json\/wp\/v2\/posts\/42721\/revisions"}],"wp:featuredmedia":[{"embeddable":true,"href":"https:\/\/www.europesays.com\/no\/wp-json\/wp\/v2\/media\/42722"}],"wp:attachment":[{"href":"https:\/\/www.europesays.com\/no\/wp-json\/wp\/v2\/media?parent=42721"}],"wp:term":[{"taxonomy":"category","embeddable":true,"href":"https:\/\/www.europesays.com\/no\/wp-json\/wp\/v2\/categories?post=42721"},{"taxonomy":"post_tag","embeddable":true,"href":"https:\/\/www.europesays.com\/no\/wp-json\/wp\/v2\/tags?post=42721"}],"curies":[{"name":"wp","href":"https:\/\/api.w.org\/{rel}","templated":true}]}}