{"id":42729,"date":"2025-09-23T07:42:18","date_gmt":"2025-09-23T07:42:18","guid":{"rendered":"https:\/\/www.europesays.com\/no\/42729\/"},"modified":"2025-09-23T07:42:18","modified_gmt":"2025-09-23T07:42:18","slug":"vill-melding-politiet-kan-ikke-utelukke","status":"publish","type":"post","link":"https:\/\/www.europesays.com\/no\/42729\/","title":{"rendered":"Vill melding: Politiet kan ikke utelukke"},"content":{"rendered":"<p class=\"kicker \" style=\"\">Dronekaos i Danmark:<\/p>\n<p>  Flere st\u00f8rre droner skapte kaos p\u00e5 Kastrup flyplass i Danmark. Ukrainas president, Volodymyr Zelenskyj, hevder Russland sto bak krenkelsen.<\/p>\n<p>\n    RUSSLAND-MELDING: Ukrainas president Volodymyr Zelenskyj anklager Russland etter dronekrenkelse i K\u00f8benhavn. Foto: AFP \/ NTB\n  <\/p>\n<p>Dansk politi sier at det er iverksatt en intensiv etterforskning etter droneaktiviteten p\u00e5 Kastrup lufthavn i K\u00f8benhavn mandag kveld.<\/p>\n<p class=\"font-weight-bold m-font-weight-bold\" data-lab-font_weight=\"font-weight-bold\">31 flygninger og rundt 20 000 passasjerer ble rammet da flyplassen m\u00e5tte stenge.<\/p>\n<p>&#8211; Det handler om antallet droner, st\u00f8rrelsen p\u00e5 dem, og hvor lenge de kunne operere over flyplassen. Det var i tre-fire timer.<\/p>\n<p>    <a itemprop=\"url\" href=\"https:\/\/www.dagbladet.no\/nyheter\/kan-gi-konsekvenser\/83629561\" rel=\"nofollow noopener\" target=\"_blank\"><\/p>\n<p>      <img loading=\"lazy\" decoding=\"async\" src=\"https:\/\/www.europesays.com\/no\/wp-content\/uploads\/2025\/09\/83629567.webp\" width=\"980\" height=\"441\" title=\"- Kan gi konsekvenser\" alt=\"\" class=\"lazyload\" style=\"--aspect-ratio-image: 2.22; \"\/><\/p>\n<p>        &#8211; Kan gi konsekvenser<\/p>\n<p>    <\/a><\/p>\n<p>Etterforskningen skjer i samarbeid med PET, som tilsvarer Politiets sikkerhetstjeneste (PST) i Norge, og det danske forsvaret, opplyser visepolitiinspekt\u00f8r Jakob Hansen i K\u00f8benhavn-politiet p\u00e5 et pressetreff natt til tirsdag.<\/p>\n<p class=\"font-weight-bold m-font-weight-bold\" data-lab-font_weight=\"font-weight-bold\">&#8211; I den forbindelse vil det bli iverksatt en rekke tiltak, som jeg ikke kan g\u00e5 n\u00e6rmere inn p\u00e5 her, sier Hansen.<\/p>\n<p>Det er forel\u00f8pig uklart om dronehendelser i Norge og Danmark kan knyttes sammen, men norsk og dansk politi samarbeider for \u00e5 finne det ut, opplyser Hansen.<\/p>\n<p>Russland-melding\t<\/p>\n<p>Dansk politi vet ikke hvem som st\u00e5r bak droneflygningen p\u00e5 K\u00f8benhavns lufthavn Kastrup mandag kveld.<\/p>\n<p>&#8211; Dronenes m\u00e5te \u00e5 operere p\u00e5, deres st\u00f8rrelse og tiden over stedet gjorde at vi har konkludert med at det trolig er en kapabel akt\u00f8r bak dronebruken, sier Jens Jespersen fra K\u00f8benhavns politi tirsdag morgen under en pressekonferanse.<\/p>\n<p>&#8211; Hva legger man i uttrykket \u00abkapabel akt\u00f8r\u00bb? lyder et sp\u00f8rsm\u00e5l fra pressen.<\/p>\n<p>&#8211; Det ligger i at det er en akt\u00f8r som har visse kapasiteter, vilje og verkt\u00f8y til \u00e5 vise seg frem p\u00e5 denne m\u00e5ten. Kanskje ogs\u00e5 for \u00e5 \u00f8ve seg. Det er umulig \u00e5 si sikkert, sier Jespersen.<\/p>\n<p>          <img loading=\"lazy\" decoding=\"async\" src=\"https:\/\/www.europesays.com\/no\/wp-content\/uploads\/2025\/09\/83629834.webp\" width=\"686\" height=\"392\" title=\"DRONEAKTIVITET: Flere droner i lufta rundt Kastrup stopper flytrafikken. Foto: Skjermdump \/ Flightradar \/ NTB\" alt=\"\" class=\"\" style=\"--aspect-ratio-image: 1.75; \"\/><\/p>\n<p>\n          DRONEAKTIVITET: Flere droner i lufta rundt Kastrup stopper flytrafikken. Foto: Skjermdump \/ Flightradar \/ NTB\n      <\/p>\n<p>Ukrainas president Volodymyr Zelenskyj har p\u00e5 sin side en klar tanke om hvem han hevder st\u00e5r bak.\u00a0<\/p>\n<p>I et innlegg p\u00e5 <a href=\"https:\/\/x.com\/ZelenskyyUa\/status\/1970288284099052025\" rel=\"nofollow\">X<\/a> hevder Ukrainas president Volodymyr Zelenskyj at det var Russland som stod bak krenkelsen av dansk luftrom mandag kveld. Det skriver han etter et m\u00f8te med\u00a0Kristalina Georgieva, administrerende direkt\u00f8r for Det internasjonale pengefondet.<\/p>\n<p>&#8211; Vi viet spesiell oppmerksomhet til Russlands krenkelser av NATO-medlemsstatenes luftrom, inkludert 22. september i K\u00f8benhavn. Vi utvekslet synspunkter p\u00e5 \u00e5rsakene. Dersom det ikke kommer en resolutt respons fra allierte &#8211; b\u00e5de stater og institusjoner &#8211; p\u00e5 aggressive provokasjoner, vil Russland fortsette med dem, skriver Zelenskyj.<\/p>\n<p>        NEW YORK, USA: Estlands utenriksminister, Margus Tsahkna, raser mot Russland med det han hevder er bevis p\u00e5 russisk krenkelse av estisk luftrom. Video: Reuters. Reporter: Christina H. Korneliussen<\/p>\n<p>Det kommer ikke fram om dette var i forbindelse med droneobservasjonene p\u00e5 flyplassen. Russland har ikke uttalt seg seg om hendelsen per n\u00e5.\u00a0<\/p>\n<p>Politiinspekt\u00f8ren i K\u00f8benhavn ble ogs\u00e5 spurt om den ukrainske presidentens Russland-anklage.<\/p>\n<p>&#8211; Det kan jeg ikke si noe om. Ikke fordi jeg ikke vil, men fordi jeg ikke vet noe om det, forklarer han.<\/p>\n<p>K\u00f8behavn-politiet forteller til danske TV 2 at de ikke kan utelukke at dronene er et ledd i et russisk hybridangrep.<\/p>\n<p class=\"font-weight-bold m-font-weight-bold\" data-lab-font_weight=\"font-weight-bold\">&#8211;\u00a0Det ville v\u00e6re dumt \u00e5 ikke gj\u00f8re det. Jeg kan ikke utelukke at det er det det er snakk om. Heller ikke om de har kommet fra ett eller flere skip i \u00d8resund eller i \u00d8stersj\u00f8en. Det er noe av det som inng\u00e5r i v\u00e5re vurderinger, sier han.<\/p>\n<p>Han understreker at de ogs\u00e5 ser i andre retninger.\u00a0<\/p>\n<p>&#8211; Risikoen var for stor\t<\/p>\n<p>Overfor danske <a href=\"https:\/\/nyheder.tv2.dk\/live\/krimi\/2025-09-22-droner-forstyrrer-luftrummet-over-koebenhavns-lufthavn\" rel=\"nofollow noopener\" target=\"_blank\">TV 2<\/a> opplyser politiinspekt\u00f8r Jens Jespersen at de s\u00e5 p\u00e5 \u00abrisikoen for stor\u00bb til \u00e5 skyte ned dronene i luftrommet.\u00a0<\/p>\n<p>&#8211; Vi hadde \u00e5 gj\u00f8re med temmelig store droner og over et objekt der det er drivstofflagre, der det er fly med passasjerer i, og hvor det oppholder seg passasjerer i terminalene, sier Jespersen til kanalen.<\/p>\n<p data-lab-italic=\"italic\" class=\"italic m-italic\">&#8211; N\u00e5r bestemte dere dere for at dere ikke skulle handle mot dem?<\/p>\n<p>          <img loading=\"lazy\" decoding=\"async\" src=\"https:\/\/www.europesays.com\/no\/wp-content\/uploads\/2025\/09\/83629874.webp\" width=\"980\" height=\"559\" title=\"POLITIET P\u00c5 PLASS: Mandag kveld, like f\u00f8r klokka 21 over \u00d8resund, kunen ingen fly lande eller lette fra K\u00f8benhavns flyplass. \u00c5rsaken var to til tre uidentifiserte droner i omr\u00e5det. Foto: Johan Nilsson \/ TT \/ NTB\" alt=\"\" class=\"\" style=\"--aspect-ratio-image: 1.75; \"\/><\/p>\n<p>\n          POLITIET P\u00c5 PLASS: Mandag kveld, like f\u00f8r klokka 21 over \u00d8resund, kunen ingen fly lande eller lette fra K\u00f8benhavns flyplass. \u00c5rsaken var to til tre uidentifiserte droner i omr\u00e5det. Foto: Johan Nilsson \/ TT \/ NTB\n      <\/p>\n<p>&#8211; Kapasiteten til \u00e5 ta ned disse dronene etablerte vi i l\u00f8pet av kvelden, men vurderingen var at risikoen rett og slett var for stor.<\/p>\n<p>Jespersen forklarer at dronene kom fra \u00abflere forskjellige retninger\u00bb.\u00a0<\/p>\n<p>Politiinspekt\u00f8ren understreket at det ikke var noe som tydet p\u00e5 at akt\u00f8rene bak dronene hadde til hensikt \u00e5 skade noen:<\/p>\n<p>&#8211; Det er ingenting som tyder p\u00e5 at de har hatt til hensikt \u00e5 skade noen mennesker. De har hatt til hensikt \u00e5 vise seg fram.<\/p>\n","protected":false},"excerpt":{"rendered":"Dronekaos i Danmark: Flere st\u00f8rre droner skapte kaos p\u00e5 Kastrup flyplass i Danmark. Ukrainas president, Volodymyr Zelenskyj, hevder&hellip;\n","protected":false},"author":2,"featured_media":42730,"comment_status":"","ping_status":"","sticky":false,"template":"","format":"standard","meta":{"footnotes":""},"categories":[59],"tags":[1524,3923,6719,30,28,29,14,188,83,82,489,412,488],"class_list":{"0":"post-42729","1":"post","2":"type-post","3":"status-publish","4":"format-standard","5":"has-post-thumbnail","7":"category-sport","8":"tag-danmark","9":"tag-drone","10":"tag-kastrup","11":"tag-no","12":"tag-norge","13":"tag-norway","14":"tag-nyheter","15":"tag-russland","16":"tag-sport","17":"tag-sports","18":"tag-ukraina","19":"tag-utenriks","20":"tag-volodymyr-zelenskyj"},"share_on_mastodon":{"url":"","error":""},"_links":{"self":[{"href":"https:\/\/www.europesays.com\/no\/wp-json\/wp\/v2\/posts\/42729","targetHints":{"allow":["GET"]}}],"collection":[{"href":"https:\/\/www.europesays.com\/no\/wp-json\/wp\/v2\/posts"}],"about":[{"href":"https:\/\/www.europesays.com\/no\/wp-json\/wp\/v2\/types\/post"}],"author":[{"embeddable":true,"href":"https:\/\/www.europesays.com\/no\/wp-json\/wp\/v2\/users\/2"}],"replies":[{"embeddable":true,"href":"https:\/\/www.europesays.com\/no\/wp-json\/wp\/v2\/comments?post=42729"}],"version-history":[{"count":0,"href":"https:\/\/www.europesays.com\/no\/wp-json\/wp\/v2\/posts\/42729\/revisions"}],"wp:featuredmedia":[{"embeddable":true,"href":"https:\/\/www.europesays.com\/no\/wp-json\/wp\/v2\/media\/42730"}],"wp:attachment":[{"href":"https:\/\/www.europesays.com\/no\/wp-json\/wp\/v2\/media?parent=42729"}],"wp:term":[{"taxonomy":"category","embeddable":true,"href":"https:\/\/www.europesays.com\/no\/wp-json\/wp\/v2\/categories?post=42729"},{"taxonomy":"post_tag","embeddable":true,"href":"https:\/\/www.europesays.com\/no\/wp-json\/wp\/v2\/tags?post=42729"}],"curies":[{"name":"wp","href":"https:\/\/api.w.org\/{rel}","templated":true}]}}