{"id":42734,"date":"2025-09-23T07:55:07","date_gmt":"2025-09-23T07:55:07","guid":{"rendered":"https:\/\/www.europesays.com\/no\/42734\/"},"modified":"2025-09-23T07:55:07","modified_gmt":"2025-09-23T07:55:07","slug":"ulovlig-ulvejakt-skjer-i-skjul-bygda-beskytter-jegerne-nrk-innlandet-lokale-nyheter-tv-og-radio","status":"publish","type":"post","link":"https:\/\/www.europesays.com\/no\/42734\/","title":{"rendered":"Ulovlig ulvejakt skjer i skjul \u2013 bygda beskytter jegerne \u2013 NRK Innlandet \u2013 Lokale nyheter, TV og radio"},"content":{"rendered":"<p>En fersk rapport fra \u00d8kokrim tegner et bilde av at lukkede jaktlag f\u00e5r hjelp fra lokalbefolkningen, som ofte tier om ulovligheter. Det skriver <a href=\"https:\/\/www.vg.no\/nyheter\/i\/QMQRXP\/oekokrim-om-ulvejakt-hemmelige-jaktlag-faar-hjelp-i-bygda\" ec-id=\"https:\/\/www.vg.no\/nyheter\/i\/QMQRXP\/oekokrim-om-ulvejakt-hemmelige-jaktlag-faar-hjelp-i-bygda\" ec-name=\"VG\" rel=\"nofollow noopener\" target=\"_blank\">VG<\/a>.<\/p>\n<p>P\u00e5 to \u00e5r er ulvestammen i Norge nesten halvert \u2013 og ulovlig jakt f\u00e5r skylden.<\/p>\n<p>Rapporten viser at fire av fem rovviltarter i Norge er truet, og at ulovlig jakt er en alvorlig milj\u00f8kriminalitet som ofte skjer i det skjulte. Flere innbyggere, som ikke engang jakter selv, sier if\u00f8lge rapporten at de heller holder munn enn \u00e5 varsle politiet dersom de f\u00e5r vite om eller oppdager ulovlig jakt, skriver VG.<\/p>\n","protected":false},"excerpt":{"rendered":"En fersk rapport fra \u00d8kokrim tegner et bilde av at lukkede jaktlag f\u00e5r hjelp fra lokalbefolkningen, som ofte&hellip;\n","protected":false},"author":2,"featured_media":42735,"comment_status":"","ping_status":"","sticky":false,"template":"","format":"standard","meta":{"footnotes":""},"categories":[10],"tags":[20,21,24,25,15,22,23,13,30,28,29,14,16,26,27],"class_list":{"0":"post-42734","1":"post","2":"type-post","3":"status-publish","4":"format-standard","5":"has-post-thumbnail","7":"category-norge","8":"tag-breaking-news","9":"tag-breakingnews","10":"tag-featured-news","11":"tag-featurednews","12":"tag-headlines","13":"tag-latest-news","14":"tag-latestnews","15":"tag-news","16":"tag-no","17":"tag-norge","18":"tag-norway","19":"tag-nyheter","20":"tag-overskrifter","21":"tag-top-stories","22":"tag-topstories"},"share_on_mastodon":{"url":"","error":""},"_links":{"self":[{"href":"https:\/\/www.europesays.com\/no\/wp-json\/wp\/v2\/posts\/42734","targetHints":{"allow":["GET"]}}],"collection":[{"href":"https:\/\/www.europesays.com\/no\/wp-json\/wp\/v2\/posts"}],"about":[{"href":"https:\/\/www.europesays.com\/no\/wp-json\/wp\/v2\/types\/post"}],"author":[{"embeddable":true,"href":"https:\/\/www.europesays.com\/no\/wp-json\/wp\/v2\/users\/2"}],"replies":[{"embeddable":true,"href":"https:\/\/www.europesays.com\/no\/wp-json\/wp\/v2\/comments?post=42734"}],"version-history":[{"count":0,"href":"https:\/\/www.europesays.com\/no\/wp-json\/wp\/v2\/posts\/42734\/revisions"}],"wp:featuredmedia":[{"embeddable":true,"href":"https:\/\/www.europesays.com\/no\/wp-json\/wp\/v2\/media\/42735"}],"wp:attachment":[{"href":"https:\/\/www.europesays.com\/no\/wp-json\/wp\/v2\/media?parent=42734"}],"wp:term":[{"taxonomy":"category","embeddable":true,"href":"https:\/\/www.europesays.com\/no\/wp-json\/wp\/v2\/categories?post=42734"},{"taxonomy":"post_tag","embeddable":true,"href":"https:\/\/www.europesays.com\/no\/wp-json\/wp\/v2\/tags?post=42734"}],"curies":[{"name":"wp","href":"https:\/\/api.w.org\/{rel}","templated":true}]}}