{"id":42750,"date":"2025-09-23T08:19:08","date_gmt":"2025-09-23T08:19:08","guid":{"rendered":"https:\/\/www.europesays.com\/no\/42750\/"},"modified":"2025-09-23T08:19:08","modified_gmt":"2025-09-23T08:19:08","slug":"seriestjerna-jamie-mcshane-det-beste-jeg-har-vaert-med-pa","status":"publish","type":"post","link":"https:\/\/www.europesays.com\/no\/42750\/","title":{"rendered":"Seriestjerna Jamie McShane: &#8211; Det beste jeg har v\u00e6rt med p\u00e5"},"content":{"rendered":"\n<p class=\"_lead_ew2ao_2 _lead_xtcu6_50 layout-component text-serif-m layout-normal text-serif-l layout-component layout-wide layout-padded _wide_17hqh_1 layout-padded\">Ny HBO Max-serie overg\u00e5r alt annet i Jamie McShanes (59) karriere. <\/p>\n<p><img alt=\"Jamie McShane avbildet f\u00f8r en visning av \u00abTask\u00bb i New York 4. september.  Foto: Andy Kropa \/ AP \/ NTB\" class=\"_image_qp4xg_65 layout-component layout-wide\" data-fullscreen- data-track-element-type=\"Article image fullscreen\" data-track-name=\"ImageFullscreen\" fetchpriority=\"high\" decoding=\"sync\" loading=\"eager\" height=\"2333\" itemprop=\"image\"  src=\"https:\/\/www.europesays.com\/no\/wp-content\/uploads\/2025\/09\/bfe255f7-0b46-4e28-9316-7b08931175b7\"  style=\"object-position:0% 0%\" width=\"2984\"\/>Jamie McShane avbildet f\u00f8r en visning av \u00abTask\u00bb i New York 4. september.  Foto: Andy Kropa \/ AP \/ NTB<\/p>\n<ul aria-hidden=\"true\" class=\"_images_1y6fe_106\">\n<li><a class=\"_link_1y6fe_111\" href=\"https:\/\/www.vg.no\/forfatter\/thor-benjamin-brekken\" style=\"z-index:1\" title=\"Benjamin Brekken\" rel=\"nofollow noopener\" target=\"_blank\"><img alt=\"Bilde av Benjamin Brekken\" class=\"_image_1y6fe_88\" fetchpriority=\"low\" loading=\"lazy\" decoding=\"async\" itemprop=\"image\"  src=\"https:\/\/www.europesays.com\/no\/wp-content\/uploads\/2025\/09\/1758615548_817_1729a004-83db-4715-83a1-201a2b6019bd\"  width=\"480\"\/><\/a><\/li>\n<\/ul>\n<p> Oppdatert tirsdag 23. september kl. 09:47     <\/p>\n<p class=\"_paragraph_ew2ao_4 _paragraph_xtcu6_10 layout-component text-serif-m layout-normal text-serif-m layout-padded\">\u2013 Det er det beste jeg noen gang har v\u00e6rt med p\u00e5, punktum!<\/p>\n<p class=\"_paragraph_ew2ao_4 _paragraph_xtcu6_10 layout-component text-serif-m layout-normal text-serif-m layout-padded\">Seriestjernen Jamie McShane s\u00e5r ingen tvil overfor VG om at hans nye HBO Max-serie \u00abTask\u00bb er det definitive h\u00f8ydepunktet i hans innholdsrike karriere. <\/p>\n<p class=\"_paragraph_ew2ao_4 _paragraph_xtcu6_10 layout-component text-serif-m layout-normal text-serif-m layout-padded\">\u2013 Manuset var enormt bra. Karakterene er bra. Alle skuespillerne var fantastiske og vennlige. Alle var s\u00e5 snille. Det var rett og slett fantastisk. Et lagspill.<\/p>\n<p><img alt=\"T\u00d8FFING: Jamie McShane som Perry, lederen for motorsykkelklubben Dark Hearts i \u00abTask\u00bb.   Foto: HBO Max \/ HBO Max\" class=\"_image_qp4xg_65 layout-component layout-normal\" data-fullscreen- data-track-element-type=\"Article image fullscreen\" data-track-name=\"ImageFullscreen\" decoding=\"async\" loading=\"lazy\" height=\"4000\" itemprop=\"image\"  src=\"https:\/\/www.europesays.com\/no\/wp-content\/uploads\/2025\/09\/c159c4a5-d8b5-4dbe-9548-d24e408da606\"  style=\"object-position:0% 0%\" width=\"6000\"\/>T\u00d8FFING: Jamie McShane som Perry, lederen for motorsykkelklubben Dark Hearts i \u00abTask\u00bb.   Foto: HBO Max \/ HBO Max<\/p>\n<p class=\"_paragraph_ew2ao_4 _paragraph_xtcu6_10 layout-component text-serif-m layout-normal text-serif-m layout-padded\">McShane har ikke rent lite \u00e5 sammenligne \u00abTask\u00bb med p\u00e5 CV-en. 59-\u00e5ringen har hatt betydelige roller i storserier som \u00ab24\u00bb, \u00abBloodlines\u00bb, \u00abSons of Anarchy\u00bb, \u00abFear of the Walking Dead\u00bb, \u00abBosch\u00bb, \u00abLoven i en Lincoln\u00bb, \u00ab1923\u00bb og \u00abWednesday\u00bb. <\/p>\n<p class=\"_paragraph_ew2ao_4 _paragraph_xtcu6_10 layout-component text-serif-m layout-normal text-serif-m layout-padded\">\u2013 Jeg elsket \u00e5 v\u00e6re med i alle de seriene, men \u00abTask\u00bb er den beste jobben jeg har hatt i karrieren min, understreker amerikaneren p\u00e5 nytt. <\/p>\n<p class=\"_paragraph_ew2ao_4 _paragraph_xtcu6_10 layout-component text-serif-m layout-normal text-serif-m layout-padded\"><strong class=\"_strong_ew2ao_25\">Sjekk McShanes karaktergalleri: <\/strong><\/p>\n<p>Jamie McShane i \u00abWednesday\u00bb.  Foto: Netflix<\/p>\n<p class=\"_paragraph_ew2ao_4 _paragraph_xtcu6_10 layout-component text-serif-m layout-normal text-serif-m layout-padded\">\u00abTask\u00bb er den nye serien fra manusforfatter Brad Ingelsby, som ogs\u00e5 sto bak publikums- og kritikerfavoritten \u00abMare of Easttown\u00bb. MCU-stjerna Mark Ruffalo har hovedrollen. <\/p>\n<p class=\"_paragraph_ew2ao_4 _paragraph_xtcu6_10 layout-component text-serif-m layout-normal layout-padded\"><strong class=\"_strong_ew2ao_25\">Les ogs\u00e5:<\/strong> <a href=\"https:\/\/www.vg.no\/i\/B0gWLe\" data-track-element-type=\"Link\" data-track-id=\"link:B0gWLe\" class=\"_link_ew2ao_39\" rel=\"nofollow noopener\" target=\"_blank\">Emilia Jones (23): \u2013 Elsker at det er blitt en greie<\/a><\/p>\n<p class=\"_paragraph_ew2ao_4 _paragraph_xtcu6_10 layout-component text-serif-m layout-normal text-serif-m layout-padded\">Serien handler om et FBI-team som skal finne de skyldige bak en rekke v\u00e6pnede ran mot narkohus i arbeiderklasseforstedene rundt Philadelphia.<\/p>\n<p> <img alt=\"FBI-TEAM: Mark Ruffalo og hans gjeng med agenter i \u00abTask\u00bb.   Foto: HBO Max \/ HBO Max\" class=\"_image_qp4xg_65 layout-component layout-normal\" data-fullscreen- data-track-element-type=\"Article image fullscreen\" data-track-name=\"ImageFullscreen\" decoding=\"async\" loading=\"lazy\" height=\"4000\" itemprop=\"image\"  src=\"https:\/\/www.europesays.com\/no\/wp-content\/uploads\/2025\/09\/0d83bd08-6d53-461c-a9d0-16f31a86aad4\"  style=\"object-position:0% 0%\" width=\"6000\"\/>FBI-TEAM: Mark Ruffalo og hans gjeng med agenter i \u00abTask\u00bb.   Foto: HBO Max \/ HBO Max<\/p>\n<p class=\"_paragraph_ew2ao_4 _paragraph_xtcu6_10 layout-component text-serif-m layout-normal text-serif-m layout-padded\">McShane forteller at det var \u00f8yeblikk under innspillingen han ikke klarer \u00e5 slutte \u00e5 tenke p\u00e5.<\/p>\n<p class=\"_paragraph_ew2ao_4 _paragraph_xtcu6_10 layout-component text-serif-m layout-normal text-serif-m layout-padded\">\u2013 P\u00e5 et tidspunkt skulle jeg og Sam Keeley ta hodene v\u00e5re mot hverandre. Regiss\u00f8ren \u00f8nsket at vi skulle komme litt n\u00e6rmere hverandre, da Sam spurte: Kan jeg legge hodet mitt mot ditt? Og det endret hele scenen. Det ble s\u00e5 tungt, men samtidig s\u00e5 menneskelig, sier skuespilleren. <\/p>\n<p class=\"_paragraph_ew2ao_4 _paragraph_xtcu6_10 layout-component text-serif-m layout-normal layout-padded\"><strong class=\"_strong_ew2ao_25\">Les ogs\u00e5:<\/strong> <a href=\"https:\/\/www.vg.no\/i\/AveP4q\" data-track-element-type=\"Link\" data-track-id=\"link:AveP4q\" class=\"_link_ew2ao_39\" rel=\"nofollow noopener\" target=\"_blank\">\u00abHouse of the Dragon\u00bb-stjernen: \u2013 Forandret alt<\/a><\/p>\n<p><img alt=\"Jamie McShane og kona poserer for fotografene.   Foto: Tammie Arroyo \/ AFF-USA.COM \/ Pa Photos \/ NTB\" class=\"_image_qp4xg_65 layout-component layout-normal\" data-fullscreen- data-track-element-type=\"Article image fullscreen\" data-track-name=\"ImageFullscreen\" decoding=\"async\" loading=\"lazy\" height=\"1925\" itemprop=\"image\"  src=\"https:\/\/www.europesays.com\/no\/wp-content\/uploads\/2025\/09\/82efd902-fb08-493c-bde5-d4997f3ba218\"  style=\"object-position:0% 0%\" width=\"2393\"\/>Jamie McShane og kona poserer for fotografene.   Foto: Tammie Arroyo \/ AFF-USA.COM \/ Pa Photos \/ NTB<\/p>\n<p class=\"_paragraph_ew2ao_4 _paragraph_xtcu6_10 layout-component text-serif-m layout-normal text-serif-m layout-padded\">Flere av karakterene i \u00abTask\u00bb befinner seg i en slags moralsk gr\u00e5sone. <\/p>\n<p class=\"_paragraph_ew2ao_4 _paragraph_xtcu6_10 layout-component text-serif-m layout-normal text-serif-m layout-padded\">\u2013 Fikk du ditt eget moralske kompass utfordret? <\/p>\n<p class=\"_paragraph_ew2ao_4 _paragraph_xtcu6_10 layout-component text-serif-m layout-normal text-serif-m layout-padded\">\u2013 Som skuespiller tror jeg du bare flyter med str\u00f8mmen. Du finner dine \u00f8yeblikk, hvor alt kommer fra. Det er f\u00f8rst n\u00e5r du ser det p\u00e5 skjermen at det treffer deg. Og det traff meg skikkelig hardt.<\/p>\n<p class=\"_paragraph_ew2ao_4 _paragraph_xtcu6_10 layout-component text-serif-m layout-normal text-serif-m layout-padded\"><strong class=\"_strong_ew2ao_25\">Se flere saker fra film- og serieverdenen: <\/strong><\/p>\n","protected":false},"excerpt":{"rendered":"Ny HBO Max-serie overg\u00e5r alt annet i Jamie McShanes (59) karriere. Jamie McShane avbildet f\u00f8r en visning av&hellip;\n","protected":false},"author":2,"featured_media":42751,"comment_status":"","ping_status":"","sticky":false,"template":"","format":"standard","meta":{"footnotes":""},"categories":[58],"tags":[71,2740,30,28,29,376,72],"class_list":{"0":"post-42750","1":"post","2":"type-post","3":"status-publish","4":"format-standard","5":"has-post-thumbnail","7":"category-underholdning","8":"tag-entertainment","9":"tag-hbo-max","10":"tag-no","11":"tag-norge","12":"tag-norway","13":"tag-tv-serier","14":"tag-underholdning"},"share_on_mastodon":{"url":"","error":""},"_links":{"self":[{"href":"https:\/\/www.europesays.com\/no\/wp-json\/wp\/v2\/posts\/42750","targetHints":{"allow":["GET"]}}],"collection":[{"href":"https:\/\/www.europesays.com\/no\/wp-json\/wp\/v2\/posts"}],"about":[{"href":"https:\/\/www.europesays.com\/no\/wp-json\/wp\/v2\/types\/post"}],"author":[{"embeddable":true,"href":"https:\/\/www.europesays.com\/no\/wp-json\/wp\/v2\/users\/2"}],"replies":[{"embeddable":true,"href":"https:\/\/www.europesays.com\/no\/wp-json\/wp\/v2\/comments?post=42750"}],"version-history":[{"count":0,"href":"https:\/\/www.europesays.com\/no\/wp-json\/wp\/v2\/posts\/42750\/revisions"}],"wp:featuredmedia":[{"embeddable":true,"href":"https:\/\/www.europesays.com\/no\/wp-json\/wp\/v2\/media\/42751"}],"wp:attachment":[{"href":"https:\/\/www.europesays.com\/no\/wp-json\/wp\/v2\/media?parent=42750"}],"wp:term":[{"taxonomy":"category","embeddable":true,"href":"https:\/\/www.europesays.com\/no\/wp-json\/wp\/v2\/categories?post=42750"},{"taxonomy":"post_tag","embeddable":true,"href":"https:\/\/www.europesays.com\/no\/wp-json\/wp\/v2\/tags?post=42750"}],"curies":[{"name":"wp","href":"https:\/\/api.w.org\/{rel}","templated":true}]}}