{"id":42752,"date":"2025-09-23T08:22:10","date_gmt":"2025-09-23T08:22:10","guid":{"rendered":"https:\/\/www.europesays.com\/no\/42752\/"},"modified":"2025-09-23T08:22:10","modified_gmt":"2025-09-23T08:22:10","slug":"norske-verdier-likestilling-norge-ble-rikt-pa-likestilling-og-apenhet-ikke-pa-1950-tallsfamilien","status":"publish","type":"post","link":"https:\/\/www.europesays.com\/no\/42752\/","title":{"rendered":"Norske verdier, Likestilling | Norge ble rikt p\u00e5 likestilling og \u00e5penhet \u2013 ikke p\u00e5 1950-tallsfamilien"},"content":{"rendered":"\n<p>Venstresiden angriper folk som Ungarns statsminister Vitor Orb\u00e1n og USAs president Donald Trump for autorit\u00e6re holdninger og nedbygging av demokratiet. Det er en viktig debatt.<\/p>\n<p>Men andre deler av den nasjonalistiske h\u00f8yreb\u00f8lgen har sluppet s\u00f8kelyset, og det er reaksjon\u00e6re holdninger til familieverdier, religion og nasjonalisme.<\/p>\n<p>Dette er i strid med norske verdier og norske \u00f8konomiske interesser.<\/p>\n<p><b>F\u00e5 varslinger for hver Nett p\u00e5 sak i Nettavisen-appen til <a href=\"https:\/\/apps.apple.com\/no\/app\/nettavisen-iphone-edition\/id395673519\" rel=\"noopener noreferrer nofollow\" target=\"_blank\">iPhone <\/a>og <a href=\"https:\/\/play.google.com\/store\/apps\/details?id=no.nettavisen.phonegap.na\" rel=\"noopener noreferrer nofollow\" target=\"_blank\">Android<\/a> .<\/b><\/p>\n<p>I l\u00f8pet av de siste ti\u00e5rene har Norge vist at vekst, velferd og frihet henger sammen. Ikke p\u00e5 tross av likestilling, internasjonalt samarbeid og moderne familieforst\u00e5else, men p\u00e5 grunn av dem.<\/p>\n<p>Men n\u00e5 ser vi en voksende bevegelse, konservativ og h\u00f8yre-nasjonalistisk, som vil rykke oss tilbake mot 1950-tallets idealer.<\/p>\n<p>Den er \u00f8deleggende hva vi st\u00e5r for og trenger her i landet.<\/p>\n<p>   <img decoding=\"async\" width=\"3987\" height=\"732\" fetchpriority=\"low\"  loading=\"lazy\"  src=\"https:\/\/www.europesays.com\/no\/wp-content\/uploads\/2025\/08\/Nyhetsanalyse+bilde.jpg\" alt=\"\" class=\"brick-c-cFOWSL\" style=\"--brick-image-ratio: 3987 \/ 732;\"\/><\/p>\n<p>  Kvinnelige reaksjon\u00e6re forbilder<\/p>\n<p>Paradoksalt nok er det ikke bare middelaldrene menn som markedsf\u00f8rer disse politiske id\u00e9ene. B\u00e5de i Tyskland, Frankrike og Italia er det profilerte kvinnelige frontfigurer som st\u00e5r for en miks av familieverdier og nasjonalisme:<\/p>\n<ul>\n<li>Italias statsminister <b>Giorgia Meloni<\/b> har frontet \u00abja til den naturlige familien\u00bb og er kjent for utsagn som \u00abJeg er kvinne, mor, italiener og kristen\u00bb.<\/li>\n<li>Frankrikes <b>Marine Le Pen<\/b>, leder for Nasjonal samling, har EU som fiendebilde og mener at den europeiske unionen er \u00abantidemokratisk og antinasjonal\u00bb.<\/li>\n<li>Tysklands <b>Alice Weidel<\/b> (leder for Alternativ for Tyskland, AfD) er lesbisk og n\u00e6ringsliberal, men er klimaskeptiker, \u00f8nsker \u00e5 rive alle vindm\u00f8ller og satse p\u00e5 kullkraft. Ogs\u00e5 hun er EU-skeptisk og vil vingeklippe unionen.<\/li>\n<\/ul>\n<p>Uten handel &#8211; ingen velferd<\/p>\n<p>I Norge er det spennende \u00e5 se hvordan H\u00f8yre vil reorientere seg med en ny leder etter valgnederlaget. Spesielt er det interessant \u00e5 se om partiet vil fl\u00f8rte med nasjonale str\u00f8mninger i Senterpartiet og Fremskrittspartiet, eller s\u00f8ke mot Kristelig Folkepartis nye kristenkonservative linje.<\/p>\n<p>Etter en valgkamp om formuesskatt m\u00e5 h\u00f8yresiden finne en ny og moderne politikk som hviler p\u00e5 norske verdier og interesser, og sl\u00e5r ned p\u00e5 naiv nasjonalisme i strid med norske verdier:<\/p>\n<p>Norge er tjent med internasjonal frihandel uten tollmurer. Sm\u00e5 land som Norge trenger kj\u00f8reregler som temmer egoistiske stormakter, og da er ikke alenegang noen l\u00f8sning. B\u00e5de FN, Nato og E\u00d8S-avtalen er b\u00e6rebjelker.<\/p>\n<p>Fyndord som selvr\u00e5derett og selvforsyning h\u00f8res bra ut, men er ikke noe vern mot \u00f8konomiske stormakter som finner p\u00e5 egne spilleregler. Norge m\u00e5 s\u00f8ke ly under EU-paraplyen og st\u00f8tte Verdens handelsorganisasjon (WTO).<\/p>\n<p>Kvinnelige verdier er l\u00f8nnsomme<\/p>\n<p>I mange land er det en motsetning mellom partier og politikere som st\u00e5r for en tradisjonell nasjonal egoisme p\u00e5 den ene siden, og moderne, internasjonale idealister p\u00e5 den andre siden.<\/p>\n<p>I Norge er dette konflikter som g\u00e5r tvers gjennom partier som Senterpartiet og Fremskrittspartiet.<\/p>\n<p>Innvandringspolitikk har v\u00e6rt en drivkraft i denne konflikten, men med en innvandrerbefolkning som n\u00e6rmer seg en million mennesker, er det for sent \u00e5 dr\u00f8mme seg tilbake til 1950-tallet hvor en farget person var en sensasjon.<\/p>\n<p>Like meningsl\u00f8st er det \u00e5 \u00f8nske seg tilbake til kj\u00f8nnsroller og familiestrukturer fra Einar Gerhardsens tid. Et av v\u00e5re st\u00f8rste framskritt har v\u00e6rt at s\u00e5 mange kvinner har f\u00e5tt mulighet til yrkesdeltakelse. Dette har v\u00e6rt en motor for vekst, innovasjon og sosial mobilitet.<\/p>\n<p>   <img decoding=\"async\" width=\"1200\" height=\"900\" fetchpriority=\"low\"  loading=\"lazy\"  src=\"https:\/\/www.europesays.com\/no\/wp-content\/uploads\/2025\/09\/andel-menn-og-kvinner-15.jpeg\" alt=\"Statistisk\" class=\"brick-c-cFOWSL\" style=\"--brick-image-ratio: 1200 \/ 900;\"\/><\/p>\n<p>    KVINNELIGE VERDIER: I Norge n\u00e6rmer kvinnelig yrkesdeltakelse menns-<\/p>\n<p>  \u00abJa til den naturlige familien\u00bb<\/p>\n<p>\u2013 Ja til den naturlige familien, nei til LGBT-lobbyen, sier Meloni.<\/p>\n<p>Som om det bare er kjernefamilien med mor, far og to barn som er \u00abnaturlig\u00bb.<\/p>\n<p>I Norge vet vi at b\u00e5de likekj\u00f8nnede og aleneforeldre kan gi barn omsorg og en trygg barndom.<\/p>\n<p>N\u00e5r nasjonalistiske tradisjonalister sier at kvinnens plass f\u00f8rst og fremst er hjemme, at jobben hennes \u00abtar fra familien\u00bb, s\u00e5 mener jeg vi risikerer \u00e5 ofre b\u00e5de individers frihet og nasjonens \u00f8konomiske b\u00e6rekraft.<\/p>\n<p><a href=\"https:\/\/www.hrw.org\/news\/2024\/11\/18\/interview-womens-rights-under-trump?utm_source=chatgpt.com\" rel=\"Follow nofollow noopener\" target=\"_blank\">Donald Trump sier det p\u00e5 sin m\u00e5te: <\/a>\u00abI\u2019ll protect women whether they like it or not.\u00bb<\/p>\n<p>Dette uttrykker mer enn beskyttelse; det sier at kvinner ikke trenger \u00e5 bestemme over eget liv og egne valg \u2014 en paternalistisk holdning som skraper bort ved likestillingens fundament.<\/p>\n<p>Gro Harlem Brundtland og Erna Solberg<\/p>\n<p>Norge er, med rette, stolt over kvinnelige ledere og kvinnelig yrkesdeltakelse.<\/p>\n<p>N\u00e5r Gro Harlem Brundtland (86) st\u00e5r p\u00e5 FNs talerstol og Erna Solberg er den borgerlige politikeren etter krigen som har v\u00e6rt statsminister lengst, s\u00e5 er det i tr\u00e5d med v\u00e5re idealer.<\/p>\n<ul>\n<li>Fra tidlig p\u00e5 1970-tallet \u00f8kte kvinners yrkesdeltakelse i Norge, og den ligger n\u00e5 p\u00e5 70 prosent. Her ligger det verdiskaping p\u00e5 mange hundre milliarder kroner i \u00e5ret, men fortsatt jobber mange kvinner deltid i offentlige lavtl\u00f8nnsyrker.<\/li>\n<li>Neste b\u00f8lge er \u00e5 \u00f8ke sysselsettingen i innvandrerbefolkningen, noe som vil utl\u00f8se nye hundrevis av milliarder i verdiskaping. Statistikken viser at b\u00e5de l\u00f8nn og yrkesdeltakelse \u00f8ker fra \u00e5r til \u00e5r i innvandrerbefolkningen.<\/li>\n<\/ul>\n<p>Mye av dette er \u00e5penbare selvf\u00f8lgeligheter, men i en tid med en b\u00f8lge av h\u00f8yreorientert tradisjonalisme m\u00e5 det sies. Oppr\u00f8rer mot woke er vel og bra, men ikke la oss havne i den motsatte gr\u00f8ften!<\/p>\n<p><b>Har du meninger om denne saken? Da kan du kommentere i kommentarfeltet under artikkelen.<\/b><\/p>\n","protected":false},"excerpt":{"rendered":"Venstresiden angriper folk som Ungarns statsminister Vitor Orb\u00e1n og USAs president Donald Trump for autorit\u00e6re holdninger og nedbygging&hellip;\n","protected":false},"author":2,"featured_media":42753,"comment_status":"","ping_status":"","sticky":false,"template":"","format":"standard","meta":{"footnotes":""},"categories":[12],"tags":[20,21,24,25,15,22,23,13,30,28,29,14,16,26,27,42,43,44,45],"class_list":{"0":"post-42752","1":"post","2":"type-post","3":"status-publish","4":"format-standard","5":"has-post-thumbnail","7":"category-verden","8":"tag-breaking-news","9":"tag-breakingnews","10":"tag-featured-news","11":"tag-featurednews","12":"tag-headlines","13":"tag-latest-news","14":"tag-latestnews","15":"tag-news","16":"tag-no","17":"tag-norge","18":"tag-norway","19":"tag-nyheter","20":"tag-overskrifter","21":"tag-top-stories","22":"tag-topstories","23":"tag-verden","24":"tag-world","25":"tag-world-news","26":"tag-worldnews"},"share_on_mastodon":{"url":"","error":""},"_links":{"self":[{"href":"https:\/\/www.europesays.com\/no\/wp-json\/wp\/v2\/posts\/42752","targetHints":{"allow":["GET"]}}],"collection":[{"href":"https:\/\/www.europesays.com\/no\/wp-json\/wp\/v2\/posts"}],"about":[{"href":"https:\/\/www.europesays.com\/no\/wp-json\/wp\/v2\/types\/post"}],"author":[{"embeddable":true,"href":"https:\/\/www.europesays.com\/no\/wp-json\/wp\/v2\/users\/2"}],"replies":[{"embeddable":true,"href":"https:\/\/www.europesays.com\/no\/wp-json\/wp\/v2\/comments?post=42752"}],"version-history":[{"count":0,"href":"https:\/\/www.europesays.com\/no\/wp-json\/wp\/v2\/posts\/42752\/revisions"}],"wp:featuredmedia":[{"embeddable":true,"href":"https:\/\/www.europesays.com\/no\/wp-json\/wp\/v2\/media\/42753"}],"wp:attachment":[{"href":"https:\/\/www.europesays.com\/no\/wp-json\/wp\/v2\/media?parent=42752"}],"wp:term":[{"taxonomy":"category","embeddable":true,"href":"https:\/\/www.europesays.com\/no\/wp-json\/wp\/v2\/categories?post=42752"},{"taxonomy":"post_tag","embeddable":true,"href":"https:\/\/www.europesays.com\/no\/wp-json\/wp\/v2\/tags?post=42752"}],"curies":[{"name":"wp","href":"https:\/\/api.w.org\/{rel}","templated":true}]}}