{"id":42784,"date":"2025-09-23T08:47:09","date_gmt":"2025-09-23T08:47:09","guid":{"rendered":"https:\/\/www.europesays.com\/no\/42784\/"},"modified":"2025-09-23T08:47:09","modified_gmt":"2025-09-23T08:47:09","slug":"heidi-weng-med-ny-ekstrem-pers-pa-10-kilometer","status":"publish","type":"post","link":"https:\/\/www.europesays.com\/no\/42784\/","title":{"rendered":"Heidi Weng med ny ekstrem pers p\u00e5 10 kilometer"},"content":{"rendered":"\n<p class=\"_lead_ew2ao_2 _lead_xtcu6_50 layout-component text-serif-m layout-normal text-serif-l layout-component layout-wide layout-padded _wide_17hqh_1 layout-padded\">Heidi Weng (34) ble nummer to p\u00e5 10-kilometeren under Oslo Maraton \u2013 bare noen f\u00e5 sekunder fra seier. <\/p>\n<p><img alt=\"RASK: Heidi Weng imponerte p\u00e5 10 kilometer i Oslos gater l\u00f8rdag.  Foto: Lars Thomas Nordby \/ NTB\" class=\"_image_qp4xg_65 layout-component layout-wide\" data-fullscreen- data-track-element-type=\"Article image fullscreen\" data-track-name=\"ImageFullscreen\" fetchpriority=\"high\" decoding=\"sync\" loading=\"eager\" height=\"4672\" itemprop=\"image\"  src=\"https:\/\/www.europesays.com\/no\/wp-content\/uploads\/2025\/09\/56a8d08a-7d33-4299-975c-c0a2088cb646\"  style=\"object-position:0% 0%\" width=\"7008\"\/>RASK: Heidi Weng imponerte p\u00e5 10 kilometer i Oslos gater l\u00f8rdag.  Foto: Lars Thomas Nordby \/ NTB<\/p>\n<ul aria-hidden=\"true\" class=\"_images_1y6fe_106\">\n<li><a class=\"_link_1y6fe_111\" href=\"https:\/\/www.vg.no\/forfatter\/camilla-vesteng\" style=\"z-index:1\" title=\"Camilla Vesteng\" rel=\"nofollow noopener\" target=\"_blank\"><img alt=\"Bilde av Camilla Vesteng\" class=\"_image_1y6fe_88\" fetchpriority=\"low\" loading=\"lazy\" decoding=\"async\" itemprop=\"image\"  src=\"https:\/\/www.europesays.com\/no\/wp-content\/uploads\/2025\/09\/1758617228_895_ab49df32-fc16-44e1-a56a-ce5ad5bd90d2\"  width=\"480\"\/><\/a><\/li>\n<\/ul>\n<p> Oppdatert tirsdag 23. september kl. 10:21    <\/p>\n<ul class=\"_list_ew2ao_3 _list_64s2r_85 _unordered_ew2ao_99 text-sans-m\">\n<li class=\"_item_ew2ao_30\">Heidi Weng ble nummer to p\u00e5 10-kilometeren under Oslo Maraton, kun 16 sekunder bak vinneren.<\/li>\n<li class=\"_item_ew2ao_30\">Landslagstrener Sjur Ole Svarstaf var skeptisk til at hun skulle delta, men Weng var str\u00e5lende forn\u00f8yd med l\u00f8pet og ny pers. <\/li>\n<li class=\"_item_ew2ao_30\">P\u00e5l Golberg imponerte med en femteplass p\u00e5 maraton, etter \u00e5 ha lagt opp som langrennsl\u00f8per tidligere i \u00e5r.<\/li>\n<\/ul>\n<p>Vis mer <\/p>\n<p class=\"_paragraph_ew2ao_4 _paragraph_xtcu6_10 layout-component text-serif-m layout-normal text-serif-m layout-padded\">\u2013 Jeg var litt overrasket, treneren var skeptisk til at jeg skulle stille her. Jeg er glad det gikk fort, sier <a href=\"https:\/\/www.vg.no\/tag\/heidi-weng?utm_source=vg-article&amp;utm_medium=auto-tagger&amp;utm_campaign=3Mr9X9\" class=\"_link_ew2ao_39\" rel=\"nofollow noopener\" target=\"_blank\">Heidi Weng<\/a> under sendingen til VG+ Sport.<\/p>\n<p class=\"_paragraph_ew2ao_4 _paragraph_xtcu6_10 layout-component text-serif-m layout-normal text-serif-m layout-padded\"><strong class=\"_strong_ew2ao_25\">Langrennslandslagets veteran p\u00e5dro seg covid under samlingen i svenske Torsby nylig. <\/strong><\/p>\n<p class=\"_paragraph_ew2ao_4 _paragraph_xtcu6_10 layout-component text-serif-m layout-normal text-serif-m layout-padded\">\u2013 S\u00e5 jeg har v\u00e6rt syk, sier Weng.<\/p>\n<p class=\"_paragraph_ew2ao_4 _paragraph_xtcu6_10 layout-component text-serif-m layout-normal text-serif-m layout-padded\"><strong class=\"_strong_ew2ao_25\">Men hun var ikke til \u00e5 stoppe da 10 kilometer for Grete Waitz var i gang under Oslo Maraton l\u00f8rdag ettermiddag. <\/strong><\/p>\n<p><img decoding=\"async\" alt=\"Bilde av Sjur Ole Svarstad\" class=\"_image_ygndg_42\" height=\"27\" itemprop=\"image\" loading=\"lazy\"  src=\"https:\/\/www.europesays.com\/no\/wp-content\/uploads\/2025\/09\/c8e9fdbc-84e4-470e-a75d-268aae03c6e8\"  width=\"40\"\/><strong class=\"_name_ygndg_51 title-serif-xs\">Sjur Ole Svarstad<\/strong><\/p>\n<p class=\"_paragraph_ew2ao_4 text-sans-m _description_ygndg_56\">Landslagstrener langrenn<\/p>\n<p class=\"_paragraph_ew2ao_4 _paragraph_xtcu6_10 layout-component text-serif-m layout-normal text-serif-m layout-padded\">Landslagstrener Sjur Ole Svarstad skal ha satt sv\u00e6rt lite pris p\u00e5 at Weng dro til p\u00e5 \u00ab10 for Grete\u00bb l\u00f8rdag.<\/p>\n<p class=\"_paragraph_ew2ao_4 _paragraph_xtcu6_10 layout-component text-serif-m layout-normal text-serif-m layout-padded\"><strong class=\"_strong_ew2ao_25\">\u2013 Det er g\u00f8y \u00e5 l\u00f8pe. Men treneren var veldig skeptisk. Det er jo ikke l\u00f8ping jeg satser p\u00e5, sier Weng. <\/strong><\/p>\n<p class=\"_paragraph_ew2ao_4 _paragraph_xtcu6_10 layout-component text-serif-m layout-normal text-serif-m layout-padded\">Hun sier hun fikk klar beskjed.<\/p>\n<p class=\"_paragraph_ew2ao_4 _paragraph_xtcu6_10 layout-component text-serif-m layout-normal text-serif-m layout-padded\">\u2013 Du m\u00e5 skjerpe deg litt, forteller Weng at treneren sa.<\/p>\n<p class=\"_paragraph_ew2ao_4 _paragraph_xtcu6_10 layout-component text-serif-m layout-normal text-serif-m layout-padded\">Hun l\u00f8p p\u00e5<a href=\"https:\/\/www.vg.no\/sport\/i\/dR9Q1q\/heidi-weng-vant-sentrumsloepet\" data-track-element-type=\"Link\" data-track-id=\"link:dR9Q1q\" class=\"_link_ew2ao_39\" rel=\"nofollow noopener\" target=\"_blank\"> 33.29 da hun vant Sentrumsl\u00f8pet<\/a> i april. L\u00f8rdag l\u00f8p hun fortere, mye fortere. Hun var i m\u00e5l som nummer to, p\u00e5 tiden 32.35 minutter, 16 sekunder bak Kristine Lande Dommersnes. <\/p>\n<p class=\"_paragraph_ew2ao_4 _paragraph_xtcu6_10 layout-component text-serif-m layout-normal text-serif-m layout-padded\"><strong class=\"_strong_ew2ao_25\">\u2013 Beina mine er ikke vant til at det skal g\u00e5 s\u00e5 fort. Jeg fikk det litt, men hentet meg inn igjen. Jeg er veldig forn\u00f8yd tiden, en ekstrem pers, sier en str\u00e5lende Heidi Weng til VG+ Sport. <\/strong><\/p>\n<p class=\"_paragraph_ew2ao_4 _paragraph_xtcu6_10 layout-component text-serif-m layout-normal text-serif-m layout-padded\">N\u00e5 er det ikke lenge f\u00f8r vinteren banker p\u00e5. Det er bare to m\u00e5neder til langrennssesongen er i gang med nasjonal \u00e5pning p\u00e5 Beitost\u00f8len. I februar er det OL i Italia. <\/p>\n<p class=\"_paragraph_ew2ao_4 _paragraph_xtcu6_10 layout-component text-serif-m layout-normal text-serif-m layout-padded\">Alt tyder p\u00e5 at Heidi Weng er i rute. <\/p>\n<p class=\"_paragraph_ew2ao_4 _paragraph_xtcu6_10 layout-component text-serif-m layout-normal text-serif-m layout-padded\">Vil du lese mer om l\u00f8ping? Magasinet L\u00f8ping for alle inneholder 132 sider med tips om teknikk, \u00f8velser, treningsopplegg og utstyr, og kan kj\u00f8pes i <a href=\"https:\/\/butikk.vg.no\/products\/loping-for-alle\" class=\"_link_ew2ao_39\" rel=\"nofollow noopener\" target=\"_blank\">v\u00e5r nettbutikk (gratis frakt!)<\/a><\/p>\n<p><img alt=\"\" class=\"_image_qp4xg_65 layout-component layout-normal\" data-fullscreen- data-track-element-type=\"Article image fullscreen\" data-track-name=\"ImageFullscreen\" decoding=\"async\" loading=\"lazy\" height=\"2308\" itemprop=\"image\"  src=\"https:\/\/www.europesays.com\/no\/wp-content\/uploads\/2025\/09\/f6f89610-8675-4f09-8abf-649c1d9e6efa\"  style=\"object-position:0% 0%\" width=\"1776\"\/>    <\/p>\n","protected":false},"excerpt":{"rendered":"Heidi Weng (34) ble nummer to p\u00e5 10-kilometeren under Oslo Maraton \u2013 bare noen f\u00e5 sekunder fra seier.&hellip;\n","protected":false},"author":2,"featured_media":42785,"comment_status":"","ping_status":"","sticky":false,"template":"","format":"standard","meta":{"footnotes":""},"categories":[59],"tags":[5413,30,28,29,526,5383,6236,83,82],"class_list":{"0":"post-42784","1":"post","2":"type-post","3":"status-publish","4":"format-standard","5":"has-post-thumbnail","7":"category-sport","8":"tag-heidi-weng","9":"tag-no","10":"tag-norge","11":"tag-norway","12":"tag-ol","13":"tag-oslo-maraton","14":"tag-pal-golberg","15":"tag-sport","16":"tag-sports"},"share_on_mastodon":{"url":"","error":""},"_links":{"self":[{"href":"https:\/\/www.europesays.com\/no\/wp-json\/wp\/v2\/posts\/42784","targetHints":{"allow":["GET"]}}],"collection":[{"href":"https:\/\/www.europesays.com\/no\/wp-json\/wp\/v2\/posts"}],"about":[{"href":"https:\/\/www.europesays.com\/no\/wp-json\/wp\/v2\/types\/post"}],"author":[{"embeddable":true,"href":"https:\/\/www.europesays.com\/no\/wp-json\/wp\/v2\/users\/2"}],"replies":[{"embeddable":true,"href":"https:\/\/www.europesays.com\/no\/wp-json\/wp\/v2\/comments?post=42784"}],"version-history":[{"count":0,"href":"https:\/\/www.europesays.com\/no\/wp-json\/wp\/v2\/posts\/42784\/revisions"}],"wp:featuredmedia":[{"embeddable":true,"href":"https:\/\/www.europesays.com\/no\/wp-json\/wp\/v2\/media\/42785"}],"wp:attachment":[{"href":"https:\/\/www.europesays.com\/no\/wp-json\/wp\/v2\/media?parent=42784"}],"wp:term":[{"taxonomy":"category","embeddable":true,"href":"https:\/\/www.europesays.com\/no\/wp-json\/wp\/v2\/categories?post=42784"},{"taxonomy":"post_tag","embeddable":true,"href":"https:\/\/www.europesays.com\/no\/wp-json\/wp\/v2\/tags?post=42784"}],"curies":[{"name":"wp","href":"https:\/\/api.w.org\/{rel}","templated":true}]}}