{"id":42788,"date":"2025-09-23T08:53:07","date_gmt":"2025-09-23T08:53:07","guid":{"rendered":"https:\/\/www.europesays.com\/no\/42788\/"},"modified":"2025-09-23T08:53:07","modified_gmt":"2025-09-23T08:53:07","slug":"vekter-gikk-manedsvis-uten-sykepenger-rodt-krever-lovendring","status":"publish","type":"post","link":"https:\/\/www.europesays.com\/no\/42788\/","title":{"rendered":"Vekter gikk m\u00e5nedsvis uten sykepenger \u2013 R\u00f8dt krever lovendring"},"content":{"rendered":"<p class=\"byline\">\u00d8ystein Helmikst\u00f8l<\/p>\n<p class=\"epost\">oystein@lomedia.no<\/p>\n<p class=\"tekst\">Vekteren Vaji Jaganantharasa sto uten inntekt i flere m\u00e5neder etter at arbeidsgiveren Securitas <a target=\"_blank\" rel=\"noopener nofollow\" href=\"https:\/\/frifagbevegelse.no\/arbeidsmanden\/securitas-godkjente-ikke-sykmeldingen-na-har-vajitharan-gatt-tre-maneder-uten-lonn-6.158.1119578.8655db19e8\">avviste sykmeldingen<\/a> hans. <\/p>\n<p class=\"tekst\">NAV avslo f\u00f8rst s\u00f8knaden om sykepenger, men har n\u00e5 konkludert med at <a target=\"_blank\" rel=\"noopener nofollow\" href=\"https:\/\/frifagbevegelse.no\/arbeidsmanden\/arbeidsgiveren-avviste-sykmeldingen-na-far-vekter-vaji-full-stotte-fra-nav-6.158.1162354.350b5ea9d4\">Vaji hadde rett p\u00e5 sykepenger<\/a> fra november 2024 til april 2025. <\/p>\n<p><img decoding=\"async\" class=\"Image Image_\" src=\"\" data-aghref=\"http:\/\/frifagbevegelse.no\/image-3.614577.152428.20250923075645.1.d1739e9ebc\" data-agimagetype=\"hardcrop\" alt=\"Nav sl\u00e5r fast at vekter Vaji Jaganantharasa hadde krav p\u00e5 sykepenger hele tiden.\"\/><\/p>\n<p class=\"Caption\">Nav sl\u00e5r fast at vekter Vaji Jaganantharasa hadde krav p\u00e5 sykepenger hele tiden.<\/p>\n<p class=\"Source\">Jan-Erik \u00d8stlie<\/p>\n<p class=\"mellomtittel\">R\u00f8dt reagerer<\/p>\n<p class=\"tekst\">Saken har f\u00e5tt stortingsrepresentant Tobias Drevland Lund (R\u00f8dt) til \u00e5 reagere kraftig.<\/p>\n<p class=\"tekst\">\u2013 Saken om Vaji illustrerer tydelig hvorfor vi trenger \u00e5 beskytte arbeidstakere n\u00e5r det kommer til \u00e5 sikre full l\u00f8nn under sykdom, sier Lund til Arbeidsmanden.<\/p>\n<p class=\"tekst\">Han viser til at Vaji m\u00e5tte leve p\u00e5 konas inntekt etter at sykepengene uteble.<\/p>\n<p class=\"uthevet-avsnitt\">Aktuelt: <a target=\"_blank\" rel=\"noopener nofollow\" href=\"https:\/\/frifagbevegelse.no\/loaktuelt\/unge-blir-oftere-mistrodd-om-sykmeldingen-6.158.1157117.0d7ff3ce77\">Unge blir oftere mistrodd om sykmeldingen<\/a><\/p>\n<p class=\"mellomtittel\">Vil endre loven<\/p>\n<p class=\"tekst\">Tillitsvalgt Dan Christian Torres Legaspi i Securitas har etter saken med Vaji tatt til orde for <a target=\"_blank\" rel=\"noopener nofollow\" href=\"https:\/\/frifagbevegelse.no\/arbeidsmanden\/sjefen-trodde-ikke-pa-at-vajitharan-var-syk-6.158.1124676.bc73a08624\">lovendringer<\/a> som vil gj\u00f8re det mulig \u00e5 b\u00f8telegge arbeidsgivere som bestrider sykmeldinger uten grundig vurdering. <\/p>\n<p class=\"tekst\">Nav understreker at arbeidsgivere m\u00e5 v\u00e6re varsomme med \u00e5 avvise sykmeldinger, og viser til de alvorlige konsekvensene det kan f\u00e5 for ansatte.<\/p>\n<p class=\"tekst\">Securitas sier de har fulgt Navs retningslinjer. <\/p>\n<p class=\"tekst\">\u2013 Det er ikke alltid at arbeidsgiver har rett, og det tar vi selvsagt til etterretning, sa HR-direkt\u00f8r Inger Lovise Lunde i forrige uke.<\/p>\n<p class=\"uthevet-avsnitt\">Innsikt: <a target=\"_blank\" rel=\"noopener nofollow\" href=\"https:\/\/frifagbevegelse.no\/arbeidsmanden\/ble-sykmeldingen-avvist-dette-ma-du-gjore-6.158.1119262.f98c8c2616\">Ble sykmeldingen avvist? Dette m\u00e5 du gj\u00f8re<\/a><\/p>\n<p class=\"mellomtittel\">Nedstemt i Stortinget<\/p>\n<p class=\"tekst\">R\u00f8dt fremmet f\u00f8r sommeren et <a target=\"_blank\" rel=\"noopener nofollow\" href=\"https:\/\/www.stortinget.no\/no\/Saker-og-publikasjoner\/Publikasjoner\/Representantforslag\/2024-2025\/dok8-202425-047s\/?all=true\">forslag<\/a> som de mener vil forbedre sykel\u00f8nnsordningen.<\/p>\n<p class=\"faktatittel\">R\u00f8dts forslag<\/p>\n<p class=\"fakta\">1. Stortinget ber regjeringen fremme forslag om tiltak som kan begrense omfanget av bestridelser av sykemeldinger fra arbeidsgivere.<\/p>\n<p class=\"fakta\">2. Stortinget ber regjeringen legge frem forslag om \u00e5 p\u00e5legge arbeidsgivere \u00e5 forskuttere utbetaling av sykepenger.<\/p>\n<p class=\"fakta\">3. Stortinget ber regjeringen utrede omfanget av bestridelser av sykemeldinger, hvilke grupper som rammes av bestridelser, hvilke konsekvenser det f\u00f8rer til for de rammede, og i hvilke bedrifter og bransjer bestridelser hyppigst skjer.<\/p>\n<p class=\"fakta\">4. Stortinget ber regjeringen legge frem forslag om \u00e5 utvide antall egenmeldingsdager.<\/p>\n<p class=\"fakta\">5. Stortinget ber regjeringen legge frem forslag om \u00e5 utvide sykel\u00f8nnsperioden i enkelte tilfeller, blant annet gjennom innf\u00f8ring av en tidskonto i sykepengeordningen, spesielle regler ved enkelte diagnoser og adgang til forlenget sykepengeperiode dersom sykdommen skyldes unormalt lang ventetid i helsevesenet eller mangel p\u00e5 tilrettelegging fra Nav.<\/p>\n<p class=\"fakta\">6. Stortinget ber regjeringen legge frem forslag til hvordan frilansere og selvstendig n\u00e6ringsdrivende kan gis bedre inntektssikring ved sykdom.<\/p>\n<p class=\"faktakilde\">Kilde: <a target=\"_blank\" rel=\"noopener nofollow\" href=\"https:\/\/www.stortinget.no\/no\/Saker-og-publikasjoner\/Publikasjoner\/Representantforslag\/2024-2025\/dok8-202425-047s\/?all=true\">Stortinget<\/a><\/p>\n<p class=\"tekst\">Forslaget ble nedstemt av Arbeiderpartiet, H\u00f8yre og Venstre.<\/p>\n<p class=\"tekst\">\u2013 Vi vil ha tiltak for \u00e5 gj\u00f8re det vanskeligere for arbeidsgivere \u00e5 bestride sykemeldinger. Og vi vil at sykepenger skal forskutteres, slik at man sikres inntekt uansett, sier Tobias Drevland Lund i R\u00f8dt.<\/p>\n<p class=\"tekst\">Lund erkjenner at forslaget ikke fikk st\u00f8tte, men sier partiet vil jobbe videre med saken.<\/p>\n<p class=\"tekst\">\u2013 Saken med Vaji viser hvorfor det er viktig. Vi vil forbedre sykel\u00f8nnsordningen. Det var det vi gikk til valg p\u00e5, sier han.<\/p>\n<p class=\"tekst\">R\u00f8dt vil sikre alle arbeidstakere l\u00f8nn under sykdom, uten opphold. <\/p>\n<p class=\"tekst\">Partiet vil at alle arbeidsgivere skal forskuttere sykel\u00f8nn til sine ansatte fram til Nav har avgjort om sykemeldingen er gyldig.\u00a0Dette kan ta fire m\u00e5neder, if\u00f8lge <a target=\"_blank\" rel=\"noopener nofollow\" href=\"https:\/\/www.nav.no\/saksbehandlingstider\">Nav<\/a>.<\/p>\n<p class=\"tekst\">\u2013 Men hva hvis Nav sl\u00e5r fast at arbeidstakeren ikke skulle hatt de pengene?<\/p>\n<p class=\"tekst\">\u2013 Da m\u00e5 arbeidstakeren betale pengene tilbake til arbeidsgiveren, svarer Lund.<\/p>\n<p class=\"tekst\">\u2013 Har dere tenkt over konsekvensene for arbeidstakeren dersom hen m\u00e5 betale tilbake mye penger p\u00e5 grunn av at en leges sykmelding er vurdert som ugyldig av Nav?<\/p>\n<p class=\"tekst\">\u2013 Vi tror det er f\u00e5 som pr\u00f8ver \u00e5 svindle til seg trygdeytelser, men dersom Nav kan dokumentere at den sykmeldte har l\u00f8yet og ikke v\u00e6rt syk, s\u00e5 blir konsekvensene de samme som ved andre tilfeller av trygdesvindel &#8211; og du m\u00e5 betale tilbake.\u00a0<\/p>\n<p class=\"uthevet-avsnitt\">Innsikt: <a target=\"_blank\" rel=\"noopener nofollow\" href=\"https:\/\/frifagbevegelse.no\/arbeidsmanden\/langer-ut-mot-bestridelse-av-sykmelding-6.158.1134618.2ff664c149\">Langer ut mot bestridelse av sykmelding<\/a><\/p>\n<p class=\"mellomtittel\">Regjeringen sier nei<\/p>\n<p class=\"tekst\">Arbeids- og sosialkomiteen ba dav\u00e6rende arbeidsminister Tonje Brenna (Ap) om \u00e5 vurdere forslagene fra R\u00f8dt. <\/p>\n<p class=\"tekst\">I det skriftlige <a target=\"_blank\" rel=\"noopener nofollow\" href=\"https:\/\/www.stortinget.no\/globalassets\/pdf\/innstillinger\/stortinget\/2024-2025\/inns-202425-190s-vedlegg.pdf\">svaret<\/a> til komiteen avviser ministeren behovet for lovendringer.<\/p>\n<p class=\"tekst\">\u00abDer bestridelsen er riktig, er det et viktig virkemiddel for arbeidsgivere. Der den er uriktig, vil arbeidstaker f\u00e5 sykepenger fra NAV n\u00e5r saken er behandlet\u00bb, skriver Brenna i sitt svar til Stortinget.<\/p>\n<p class=\"tekst\">Brenna avviser ogs\u00e5 forslaget om \u00e5 p\u00e5legge arbeidsgivere \u00e5 forskuttere sykepenger.<\/p>\n<p class=\"tekst\">\u00abEn generell plikt vil p\u00e5legge s\u00e6rlig sm\u00e5 bedrifter for stor risiko og \u00f8konomisk belastning\u00bb, skriver hun, og mener at forskuttering allerede kan avtales gjennom tariffavtaler.<\/p>\n<p class=\"mellomtittel\">\u2013 En rettighet de ikke skal utnytte<\/p>\n<p class=\"tekst\">Arbeidsmanden har spurt n\u00e5v\u00e6rende arbeids- og inkluderingsminister Kjersti Stenseng (Ap) om det fremdeles er arbeidsministerens politikk at arbeidstakere kan m\u00e5tte st\u00e5 uten inntekt i fire m\u00e5neder n\u00e5r arbeidsgiver har avvist en sykmelding.<\/p>\n<p class=\"tekst\">\u2013 Som arbeidsminister er jeg opptatt av at adgang til \u00e5 bestride sykemeldinger er en rettighet arbeidsgiver har som de ikke skal utnytte, skriver Stenseng i en e-post til Arbeidsmanden. <\/p>\n<p class=\"tekst\">Arbeidsgiver skal ha god grunn til \u00e5 tro at grunnlaget for sykemeldingen ikke er reell, understreker arbeidsministeren. <\/p>\n<p class=\"tekst\">\u2013 Det er viktig for tilliten til v\u00e5rt felles velferdssystem at vi gir st\u00f8tte til dem som faktisk trenger det. Et sykefrav\u00e6r er ikke bare en privatsak, og oppf\u00f8lgingen av en sykemeldt krever samarbeid mellom arbeidsgiver og arbeidstaker, fortsetter Stenseng. <\/p>\n<p class=\"tekst\">Hun vedg\u00e5r at saksbehandlingstiden i disse sakene har v\u00e6rt for lang og opplyser at regjeringen har bedt Nav om \u00e5 prioritere slike saker.<\/p>\n<p class=\"tekst\">\u2013 Vi har redusert saksbehandlingstiden i 2025 fra tolv til fire m\u00e5neder og Nav jobber n\u00e5 med \u00e5 f\u00e5 saksbehandlingstiden ytterligere ned. Det er viktig for meg at sykemeldte ikke skal g\u00e5 lenge i usikkerhet om de har rett p\u00e5 sykepenger, skriver Stenseng.<\/p>\n<p class=\"tekst\">Hun legger til:<\/p>\n<p class=\"tekst\">\u2013 Vi har et godt sikkerhetsnett i Norge, de som er i denne situasjonen kan f\u00e5 hjelp. <\/p>\n<p class=\"tekst\">Stenseng skriver videre at ansatte som opplever at arbeidsgiver bestrider sykemeldingen, kan henvende seg til Nav som har en egen hastesaksrutine for personer som havner i en vanskelig situasjon.\u00a0<\/p>\n<p class=\"uthevet-avsnitt\">Bestridelse av sykmelding: <a target=\"_blank\" rel=\"noopener nofollow\" href=\"https:\/\/frifagbevegelse.no\/arbeidsmanden\/sann-gikk-det-med-nafs-saker-pa-kongressen-6.158.1136337.f816cc2281\">Arbeidsmandsforbundet vant fram p\u00e5 LO-kongressen<\/a><\/p>\n","protected":false},"excerpt":{"rendered":"\u00d8ystein Helmikst\u00f8l oystein@lomedia.no Vekteren Vaji Jaganantharasa sto uten inntekt i flere m\u00e5neder etter at arbeidsgiveren Securitas avviste sykmeldingen&hellip;\n","protected":false},"author":2,"featured_media":42789,"comment_status":"","ping_status":"","sticky":false,"template":"","format":"standard","meta":{"footnotes":""},"categories":[5],"tags":[20,21,24,25,15,19,22,23,17,18,13,30,28,29,14,16,26,27],"class_list":{"0":"post-42788","1":"post","2":"type-post","3":"status-publish","4":"format-standard","5":"has-post-thumbnail","7":"category-overskrifter","8":"tag-breaking-news","9":"tag-breakingnews","10":"tag-featured-news","11":"tag-featurednews","12":"tag-headlines","13":"tag-hovedoppslag","14":"tag-latest-news","15":"tag-latestnews","16":"tag-main-news","17":"tag-mainnews","18":"tag-news","19":"tag-no","20":"tag-norge","21":"tag-norway","22":"tag-nyheter","23":"tag-overskrifter","24":"tag-top-stories","25":"tag-topstories"},"share_on_mastodon":{"url":"","error":""},"_links":{"self":[{"href":"https:\/\/www.europesays.com\/no\/wp-json\/wp\/v2\/posts\/42788","targetHints":{"allow":["GET"]}}],"collection":[{"href":"https:\/\/www.europesays.com\/no\/wp-json\/wp\/v2\/posts"}],"about":[{"href":"https:\/\/www.europesays.com\/no\/wp-json\/wp\/v2\/types\/post"}],"author":[{"embeddable":true,"href":"https:\/\/www.europesays.com\/no\/wp-json\/wp\/v2\/users\/2"}],"replies":[{"embeddable":true,"href":"https:\/\/www.europesays.com\/no\/wp-json\/wp\/v2\/comments?post=42788"}],"version-history":[{"count":0,"href":"https:\/\/www.europesays.com\/no\/wp-json\/wp\/v2\/posts\/42788\/revisions"}],"wp:featuredmedia":[{"embeddable":true,"href":"https:\/\/www.europesays.com\/no\/wp-json\/wp\/v2\/media\/42789"}],"wp:attachment":[{"href":"https:\/\/www.europesays.com\/no\/wp-json\/wp\/v2\/media?parent=42788"}],"wp:term":[{"taxonomy":"category","embeddable":true,"href":"https:\/\/www.europesays.com\/no\/wp-json\/wp\/v2\/categories?post=42788"},{"taxonomy":"post_tag","embeddable":true,"href":"https:\/\/www.europesays.com\/no\/wp-json\/wp\/v2\/tags?post=42788"}],"curies":[{"name":"wp","href":"https:\/\/api.w.org\/{rel}","templated":true}]}}