{"id":42805,"date":"2025-09-23T09:14:13","date_gmt":"2025-09-23T09:14:13","guid":{"rendered":"https:\/\/www.europesays.com\/no\/42805\/"},"modified":"2025-09-23T09:14:13","modified_gmt":"2025-09-23T09:14:13","slug":"rekord-dagbladet","status":"publish","type":"post","link":"https:\/\/www.europesays.com\/no\/42805\/","title":{"rendered":"Rekord! &#8211; Dagbladet"},"content":{"rendered":"<ol>\n<li><a href=\"https:\/\/news.google.com\/rss\/articles\/CBMiWkFVX3lxTFBVQ0ZxRlRub3R6ZnZBMUkyUG5xbHdZWGZtUnpzVFhpR3hZZ2tZMTd0VkNLVmZHM0hqdXhrUDZVcFdtYmtuM1RMNUZ4bkZIN3JfTlVyUC1mZkhtUQ?oc=5\" target=\"_blank\" rel=\"nofollow noopener\">Rekord!<\/a>&nbsp;&nbsp;Dagbladet<\/li>\n<li><a href=\"https:\/\/news.google.com\/rss\/articles\/CBMiogFBVV95cUxNNjViMFZYRlJtc3VIdlplOC1LWjBhMzlNM1V3cm5lTENJN2xQQnNGY3JzZHVXdmhDWFlUaW04a1dERjJvVmtlOWdVVGNVZFBMNVdsLU41NXI5NmxSUXBMeHNYbWRWdHg1UmNIdThSTUt4NVpBUjJFNUlkcTZZdHRwZlJtVHY3SUhzV2pjY1NmdUFybkMzMmlreGVmM25ERkR6UkE?oc=5\" target=\"_blank\" rel=\"nofollow noopener\">n\u00e5: De norske stafettjentene med ny norsk rekord &#8211; sjansel\u00f8se p\u00e5 medalje<\/a>&nbsp;&nbsp;VG<\/li>\n<li><a href=\"https:\/\/news.google.com\/rss\/articles\/CBMiqgFBVV95cUxNUExSTndtNzVTUGczak9pZUU1bzhQZ25WSWpxcnByenlvUTBKYVVUaG1LVVRUR1VYQmgyVjRDTnpyWFEyemFQak1JYWlOckRtbTFTcVBpbVM3UWVTTWIxZHBWM0MxSDVoNy0tckFSYlpiUmh4YlJwM3dYakZxUXQ2WllDUG5VY3FxOVB5dmM1eTNNeVJOUXFIOUlDZkVlUWt3bmJ1eGlLaEdVQQ?oc=5\" target=\"_blank\" rel=\"nofollow noopener\">Se og l\u00e6r av denne gjengen<\/a>&nbsp;&nbsp;Aftenposten<\/li>\n<li><a href=\"https:\/\/news.google.com\/rss\/articles\/CBMiS0FVX3lxTE9MVHRhM3BsWXVwamxPRGpTemoxMTM3WGZYTGVGM1J6VUVJb2lCQzhsU1NFcjRNTDVUVnRfWjBta2lJUXNacW1jeTd3dw?oc=5\" target=\"_blank\" rel=\"nofollow noopener\">M\u00e5tte barbere seg etter VM-veddem\u00e5l<\/a>&nbsp;&nbsp;NRK<\/li>\n<li><a href=\"https:\/\/news.google.com\/rss\/articles\/CBMisAFBVV95cUxNR1MwTnBaSVhOblJZZ2JBeF9rUmxhRVZPdkpnX0hTNUV1VTN1NERzckVlSktXRnAtSG9KZVFnRnUxcGlMMDJDZjFZSW5RZG1xTzJDdjRYNEN1eG00NnV6Ukl3aVB2dWh3UFJoM1hJdk9BZlU0aGx3UHlKT2paTDdVY2ctRUpxMXR1QVlZQTBrVTVHNnVhT2R6YllIOEc4ZlNXRzRFb2lDQXlJdDZyYnlZMA?oc=5\" target=\"_blank\" rel=\"nofollow noopener\">Sport, Friidrett | De norske stafettjentene satte norsk rekord igjen \u2013 ble nummer seks i VM-finalen<\/a>&nbsp;&nbsp;\u00d8stlands-Posten<\/li>\n<\/ol>\n","protected":false},"excerpt":{"rendered":"Rekord!&nbsp;&nbsp;Dagbladet n\u00e5: De norske stafettjentene med ny norsk rekord &#8211; sjansel\u00f8se p\u00e5 medalje&nbsp;&nbsp;VG Se og l\u00e6r av denne&hellip;\n","protected":false},"author":2,"featured_media":42806,"comment_status":"","ping_status":"","sticky":false,"template":"","format":"standard","meta":{"footnotes":""},"categories":[5],"tags":[20,21,24,25,15,19,22,23,17,18,13,30,28,29,14,16,83,26,27],"class_list":{"0":"post-42805","1":"post","2":"type-post","3":"status-publish","4":"format-standard","5":"has-post-thumbnail","7":"category-overskrifter","8":"tag-breaking-news","9":"tag-breakingnews","10":"tag-featured-news","11":"tag-featurednews","12":"tag-headlines","13":"tag-hovedoppslag","14":"tag-latest-news","15":"tag-latestnews","16":"tag-main-news","17":"tag-mainnews","18":"tag-news","19":"tag-no","20":"tag-norge","21":"tag-norway","22":"tag-nyheter","23":"tag-overskrifter","24":"tag-sport","25":"tag-top-stories","26":"tag-topstories"},"share_on_mastodon":{"url":"","error":""},"_links":{"self":[{"href":"https:\/\/www.europesays.com\/no\/wp-json\/wp\/v2\/posts\/42805","targetHints":{"allow":["GET"]}}],"collection":[{"href":"https:\/\/www.europesays.com\/no\/wp-json\/wp\/v2\/posts"}],"about":[{"href":"https:\/\/www.europesays.com\/no\/wp-json\/wp\/v2\/types\/post"}],"author":[{"embeddable":true,"href":"https:\/\/www.europesays.com\/no\/wp-json\/wp\/v2\/users\/2"}],"replies":[{"embeddable":true,"href":"https:\/\/www.europesays.com\/no\/wp-json\/wp\/v2\/comments?post=42805"}],"version-history":[{"count":0,"href":"https:\/\/www.europesays.com\/no\/wp-json\/wp\/v2\/posts\/42805\/revisions"}],"wp:featuredmedia":[{"embeddable":true,"href":"https:\/\/www.europesays.com\/no\/wp-json\/wp\/v2\/media\/42806"}],"wp:attachment":[{"href":"https:\/\/www.europesays.com\/no\/wp-json\/wp\/v2\/media?parent=42805"}],"wp:term":[{"taxonomy":"category","embeddable":true,"href":"https:\/\/www.europesays.com\/no\/wp-json\/wp\/v2\/categories?post=42805"},{"taxonomy":"post_tag","embeddable":true,"href":"https:\/\/www.europesays.com\/no\/wp-json\/wp\/v2\/tags?post=42805"}],"curies":[{"name":"wp","href":"https:\/\/api.w.org\/{rel}","templated":true}]}}