{"id":42911,"date":"2025-09-23T11:27:09","date_gmt":"2025-09-23T11:27:09","guid":{"rendered":"https:\/\/www.europesays.com\/no\/42911\/"},"modified":"2025-09-23T11:27:09","modified_gmt":"2025-09-23T11:27:09","slug":"fange-romte-fra-fengsel","status":"publish","type":"post","link":"https:\/\/www.europesays.com\/no\/42911\/","title":{"rendered":"Fange r\u00f8mte fra fengsel"},"content":{"rendered":"\n<p class=\"_paragraph_ew2ao_4 _paragraph_xtcu6_10 layout-component text-serif-m layout-normal text-serif-m layout-padded\">En mann har r\u00f8mt fra \u00c5na fengesel. Han forsvant en gang mellom kl 0915 og 1045 tirsdag formiddag. <\/p>\n<p class=\"_paragraph_ew2ao_4 _paragraph_xtcu6_10 layout-component text-serif-m layout-normal text-serif-m layout-padded\">\u2013 Han anses ikke som farlig, skriver operativ leder Dag Sverre Steinkopf i <a href=\"https:\/\/www.vg.no\/tag\/soer-vest-politidistrikt?utm_source=vg-article&amp;utm_medium=auto-tagger&amp;utm_campaign=25EvPy\" class=\"_link_ew2ao_39\" rel=\"nofollow noopener\" target=\"_blank\">S\u00f8r-Vest politidistrikt<\/a>. <\/p>\n<p class=\"_paragraph_ew2ao_4 _paragraph_xtcu6_10 layout-component text-serif-m layout-normal text-serif-m layout-padded\">Politiet er i omr\u00e5det med flere ressurser for \u00e5 lete etter r\u00f8mlingen. <\/p>\n<p class=\"_paragraph_ew2ao_4 _paragraph_xtcu6_10 layout-component text-serif-m layout-normal text-serif-m layout-padded\">Mannen er fra Midt-\u00f8sten, har m\u00f8rkt h\u00e5r og m\u00f8rkt skjegg. Han er rundt 160 cm h\u00f8y og kan v\u00e6re kledd i m\u00f8rke arbeidskl\u00e6r, skriver politiet i sin beskrivelse av den r\u00f8mte fangen. <\/p>\n<p class=\"_paragraph_ew2ao_4 _paragraph_xtcu6_10 layout-component text-serif-m layout-normal text-serif-m layout-padded\">\u00c5na fengsel ligger i H\u00e5 kommune omtrent en time fra Stavanger. Fengselet har plass til 140 innsatte. <\/p>\n<p>    <img decoding=\"async\" alt=\"Tips oss illustrasjon\" width=\"62px\" height=\"auto\" src=\"https:\/\/www.europesays.com\/no\/wp-content\/uploads\/2025\/08\/1754784428_95_W9avJzE.png\"\/>    <\/p>\n<p class=\"title-serif-s\">Har du tips til oss?<\/p>\n<p class=\"text-sans-m\">Send oss informasjon, bilder eller video<\/p>\n<p>  <a href=\"https:\/\/www.vg.no\/tips-oss\" rel=\"nofollow noopener\" target=\"_blank\"> Tips oss <\/a>      <\/p>\n","protected":false},"excerpt":{"rendered":"En mann har r\u00f8mt fra \u00c5na fengesel. Han forsvant en gang mellom kl 0915 og 1045 tirsdag formiddag.&hellip;\n","protected":false},"author":2,"featured_media":42912,"comment_status":"","ping_status":"","sticky":false,"template":"","format":"standard","meta":{"footnotes":""},"categories":[12],"tags":[31,20,21,24,25,15,22,23,13,30,28,29,14,16,2610,26,27,42,43,44,45],"class_list":{"0":"post-42911","1":"post","2":"type-post","3":"status-publish","4":"format-standard","5":"has-post-thumbnail","7":"category-verden","8":"tag-breaking","9":"tag-breaking-news","10":"tag-breakingnews","11":"tag-featured-news","12":"tag-featurednews","13":"tag-headlines","14":"tag-latest-news","15":"tag-latestnews","16":"tag-news","17":"tag-no","18":"tag-norge","19":"tag-norway","20":"tag-nyheter","21":"tag-overskrifter","22":"tag-sor-vest-politidistrikt","23":"tag-top-stories","24":"tag-topstories","25":"tag-verden","26":"tag-world","27":"tag-world-news","28":"tag-worldnews"},"share_on_mastodon":{"url":"","error":""},"_links":{"self":[{"href":"https:\/\/www.europesays.com\/no\/wp-json\/wp\/v2\/posts\/42911","targetHints":{"allow":["GET"]}}],"collection":[{"href":"https:\/\/www.europesays.com\/no\/wp-json\/wp\/v2\/posts"}],"about":[{"href":"https:\/\/www.europesays.com\/no\/wp-json\/wp\/v2\/types\/post"}],"author":[{"embeddable":true,"href":"https:\/\/www.europesays.com\/no\/wp-json\/wp\/v2\/users\/2"}],"replies":[{"embeddable":true,"href":"https:\/\/www.europesays.com\/no\/wp-json\/wp\/v2\/comments?post=42911"}],"version-history":[{"count":0,"href":"https:\/\/www.europesays.com\/no\/wp-json\/wp\/v2\/posts\/42911\/revisions"}],"wp:featuredmedia":[{"embeddable":true,"href":"https:\/\/www.europesays.com\/no\/wp-json\/wp\/v2\/media\/42912"}],"wp:attachment":[{"href":"https:\/\/www.europesays.com\/no\/wp-json\/wp\/v2\/media?parent=42911"}],"wp:term":[{"taxonomy":"category","embeddable":true,"href":"https:\/\/www.europesays.com\/no\/wp-json\/wp\/v2\/categories?post=42911"},{"taxonomy":"post_tag","embeddable":true,"href":"https:\/\/www.europesays.com\/no\/wp-json\/wp\/v2\/tags?post=42911"}],"curies":[{"name":"wp","href":"https:\/\/api.w.org\/{rel}","templated":true}]}}