{"id":42961,"date":"2025-09-23T12:10:12","date_gmt":"2025-09-23T12:10:12","guid":{"rendered":"https:\/\/www.europesays.com\/no\/42961\/"},"modified":"2025-09-23T12:10:12","modified_gmt":"2025-09-23T12:10:12","slug":"sande-trafikk-brannalarm-i-tunnel-stanset-togtrafikken","status":"publish","type":"post","link":"https:\/\/www.europesays.com\/no\/42961\/","title":{"rendered":"Sande, Trafikk | Brannalarm i tunnel stanset togtrafikken"},"content":{"rendered":"\n<p><b>DRAMMEN\/SANDE: <\/b>Tirsdag ettermiddag ble det full stans p\u00e5 Vestfoldbanen mellom Sande og Drammen.<\/p>\n<p><b>\u00c5rsaken var at brannalarmen i den nye Drammenstunnelen ble utl\u00f8st. Bane Nor omtalte det som \u00absignalfeil\u00bb p\u00e5 sine egne nettsider.<\/b><\/p>\n<p>De reisende p\u00e5 strekningen fikk opplyst at det kom til \u00e5 ta tid f\u00f8r de kunne kj\u00f8re videre. Men allerede etter 40 minutter kunne jernbanen gjen\u00e5pnes for trafikk igjen.<\/p>\n<p>Teknisk feil<\/p>\n<p>Pressekontakt i Bane Nor, Anna Langhammer, bekrefter overfor Drammens Tidende at jernbanen ble stengt som f\u00f8lge av en utl\u00f8st brannalarm i Drammenstunnelen.<\/p>\n<p>Hun sier det kan oppst\u00e5 noen f\u00f8lgeforsinkelser.<\/p>\n<p>110-sentralen bekrefter overfor avisen at de har hatt mannskaper p\u00e5 stedet, men at det ikke var snakk om en reell brann. Alarmen var utl\u00f8st p\u00e5 grunn av en teknisk feil.<\/p>\n","protected":false},"excerpt":{"rendered":"DRAMMEN\/SANDE: Tirsdag ettermiddag ble det full stans p\u00e5 Vestfoldbanen mellom Sande og Drammen. \u00c5rsaken var at brannalarmen i&hellip;\n","protected":false},"author":2,"featured_media":24401,"comment_status":"","ping_status":"","sticky":false,"template":"","format":"standard","meta":{"footnotes":""},"categories":[10],"tags":[36,2532,20,21,24,25,15,22,23,13,30,28,29,14,16,1342,1510,26,27,224],"class_list":{"0":"post-42961","1":"post","2":"type-post","3":"status-publish","4":"format-standard","5":"has-post-thumbnail","7":"category-norge","8":"tag-art","9":"tag-bane-nor","10":"tag-breaking-news","11":"tag-breakingnews","12":"tag-featured-news","13":"tag-featurednews","14":"tag-headlines","15":"tag-latest-news","16":"tag-latestnews","17":"tag-news","18":"tag-no","19":"tag-norge","20":"tag-norway","21":"tag-nyheter","22":"tag-overskrifter","23":"tag-sande","24":"tag-story","25":"tag-top-stories","26":"tag-topstories","27":"tag-trafikk"},"share_on_mastodon":{"url":"","error":""},"_links":{"self":[{"href":"https:\/\/www.europesays.com\/no\/wp-json\/wp\/v2\/posts\/42961","targetHints":{"allow":["GET"]}}],"collection":[{"href":"https:\/\/www.europesays.com\/no\/wp-json\/wp\/v2\/posts"}],"about":[{"href":"https:\/\/www.europesays.com\/no\/wp-json\/wp\/v2\/types\/post"}],"author":[{"embeddable":true,"href":"https:\/\/www.europesays.com\/no\/wp-json\/wp\/v2\/users\/2"}],"replies":[{"embeddable":true,"href":"https:\/\/www.europesays.com\/no\/wp-json\/wp\/v2\/comments?post=42961"}],"version-history":[{"count":0,"href":"https:\/\/www.europesays.com\/no\/wp-json\/wp\/v2\/posts\/42961\/revisions"}],"wp:featuredmedia":[{"embeddable":true,"href":"https:\/\/www.europesays.com\/no\/wp-json\/wp\/v2\/media\/24401"}],"wp:attachment":[{"href":"https:\/\/www.europesays.com\/no\/wp-json\/wp\/v2\/media?parent=42961"}],"wp:term":[{"taxonomy":"category","embeddable":true,"href":"https:\/\/www.europesays.com\/no\/wp-json\/wp\/v2\/categories?post=42961"},{"taxonomy":"post_tag","embeddable":true,"href":"https:\/\/www.europesays.com\/no\/wp-json\/wp\/v2\/tags?post=42961"}],"curies":[{"name":"wp","href":"https:\/\/api.w.org\/{rel}","templated":true}]}}