{"id":43021,"date":"2025-09-23T13:30:07","date_gmt":"2025-09-23T13:30:07","guid":{"rendered":"https:\/\/www.europesays.com\/no\/43021\/"},"modified":"2025-09-23T13:30:07","modified_gmt":"2025-09-23T13:30:07","slug":"kultur-og-underholdning-honefoss-kino","status":"publish","type":"post","link":"https:\/\/www.europesays.com\/no\/43021\/","title":{"rendered":"Kultur og underholdning, H\u00f8nefoss kino"},"content":{"rendered":"\n<p>Kinosjef Katrine Wang Svendsen og ansatte p\u00e5 H\u00f8nefoss Kino jobber p\u00e5 spreng for \u00e5 rigge alt som skal rigges f\u00f8r kinoens 20-\u00e5rsdag s\u00f8ndag 28. september.<\/p>\n<p>I en pressemelding skriver kinoen at det er lagt opp til flere aktiviteter i tillegg til film p\u00e5 bursdagen. <\/p>\n<p>Nytt konsept<\/p>\n<p>S\u00f8ndag skal H\u00f8nefoss kino blant annet teste et nytt konsept: \u00abHemmelig visning\u00bb.<\/p>\n<p>\u2013 Vi har aldri testet dette f\u00f8r, men det har v\u00e6rt suksess, spesielt i USA. Dette er en f\u00f8rpremiere og man vet kun aldersgrensen p\u00e5 filmen. Utover dette g\u00e5r man blindt inn i kinosalen og vet ikke hva man skal se f\u00f8r filmen starter. Det vi kan love er at det er en bra film, det er f\u00f8rpremiere og det blir kjempeg\u00f8y, sier Wang Svendsen i pressemeldingen.<\/p>\n<p>Jubileumshelgen starter fredag med premiere p\u00e5 den norske storfilmen Bl\u00fccher, med skuespillere som Bj\u00f8rn Sundquist, Jon \u00d8ig\u00e5rden og Jonas Oftebro.<\/p>\n<p>\u2013 Bl\u00fccher er en film som vi har ekstra h\u00f8ye forventninger til. Vi vet at mange har ventet lenge p\u00e5 denne premieren. Ja, vi forventer at dette blir en sv\u00e6rt godt bes\u00f8kt film, sier kinosjefen.<\/p>\n<p>\u2013 Liv og r\u00f8re<\/p>\n<p>Wang Svendsen har selv snart jobbet 10 \u00e5r p\u00e5 kinoen.<\/p>\n<p> \u2013 Akkurat n\u00e5 skjer det masse, og vi storkoser oss med liv og r\u00f8re. Det er kjempeg\u00f8y \u00e5 ha en storfilm som Bl\u00fccher p\u00e5 en festhelg som dette blir! Her blir det kinomagi for alle gjestene, og kinomagi for meg som har v\u00e6rt her s\u00e5 lenge. Tiden g\u00e5r fort n\u00e5r man har det g\u00f8y, sier Svendsen i pressemeldingen.<\/p>\n","protected":false},"excerpt":{"rendered":"Kinosjef Katrine Wang Svendsen og ansatte p\u00e5 H\u00f8nefoss Kino jobber p\u00e5 spreng for \u00e5 rigge alt som skal&hellip;\n","protected":false},"author":2,"featured_media":43022,"comment_status":"","ping_status":"","sticky":false,"template":"","format":"standard","meta":{"footnotes":""},"categories":[58],"tags":[36,71,341,6754,6755,461,955,30,28,29,1510,72],"class_list":{"0":"post-43021","1":"post","2":"type-post","3":"status-publish","4":"format-standard","5":"has-post-thumbnail","7":"category-underholdning","8":"tag-art","9":"tag-entertainment","10":"tag-honefoss","11":"tag-honefoss-kino","12":"tag-jubileum","13":"tag-kino","14":"tag-kultur-og-underholdning","15":"tag-no","16":"tag-norge","17":"tag-norway","18":"tag-story","19":"tag-underholdning"},"share_on_mastodon":{"url":"","error":""},"_links":{"self":[{"href":"https:\/\/www.europesays.com\/no\/wp-json\/wp\/v2\/posts\/43021","targetHints":{"allow":["GET"]}}],"collection":[{"href":"https:\/\/www.europesays.com\/no\/wp-json\/wp\/v2\/posts"}],"about":[{"href":"https:\/\/www.europesays.com\/no\/wp-json\/wp\/v2\/types\/post"}],"author":[{"embeddable":true,"href":"https:\/\/www.europesays.com\/no\/wp-json\/wp\/v2\/users\/2"}],"replies":[{"embeddable":true,"href":"https:\/\/www.europesays.com\/no\/wp-json\/wp\/v2\/comments?post=43021"}],"version-history":[{"count":0,"href":"https:\/\/www.europesays.com\/no\/wp-json\/wp\/v2\/posts\/43021\/revisions"}],"wp:featuredmedia":[{"embeddable":true,"href":"https:\/\/www.europesays.com\/no\/wp-json\/wp\/v2\/media\/43022"}],"wp:attachment":[{"href":"https:\/\/www.europesays.com\/no\/wp-json\/wp\/v2\/media?parent=43021"}],"wp:term":[{"taxonomy":"category","embeddable":true,"href":"https:\/\/www.europesays.com\/no\/wp-json\/wp\/v2\/categories?post=43021"},{"taxonomy":"post_tag","embeddable":true,"href":"https:\/\/www.europesays.com\/no\/wp-json\/wp\/v2\/tags?post=43021"}],"curies":[{"name":"wp","href":"https:\/\/api.w.org\/{rel}","templated":true}]}}