{"id":43023,"date":"2025-09-23T13:32:24","date_gmt":"2025-09-23T13:32:24","guid":{"rendered":"https:\/\/www.europesays.com\/no\/43023\/"},"modified":"2025-09-23T13:32:24","modified_gmt":"2025-09-23T13:32:24","slug":"sortland-kulturfabrikken-ber-om-a-fa-tilfort-nye-millioner","status":"publish","type":"post","link":"https:\/\/www.europesays.com\/no\/43023\/","title":{"rendered":"Sortland, Kulturfabrikken | Ber om \u00e5 f\u00e5 tilf\u00f8rt nye millioner"},"content":{"rendered":"\n<p>Tirsdag behandlet styret i foretaket en sak der administrasjonen anbefalte \u00e5 be om ei ekstrabevilgning fra kommunestyret p\u00e5 5.311.000 kroner.<\/p>\n<p>Inntektssvikt<\/p>\n<p>Foretaket har et udekket bel\u00f8p til investering p\u00e5 644.000 kroner, et udekket bel\u00f8p til husleie p\u00e5 tre millioner kroner, et merforbruk per august p\u00e5 nesten \u00e9n million kroner, og ei \u00f8kning i pensjonsutgifter p\u00e5 700.000 kroner.<\/p>\n<p>Et merforbruk per august p\u00e5 957.000 koner skyldes i hovedsak inntektssvikt p\u00e5 husleieinntekter og billettinntekter med til sammen cirka 800.000 kroner og f\u00e6rre solgte produksjoner i regi av distriktsmusikerne med rundt 200.000 kroner.<\/p>\n<p>Det pekes p\u00e5 at budsjettrammene for foretaket har ikke v\u00e6rt regulert for l\u00f8nns- og prisveksten i perioden 2017 til 2024.<\/p>\n<p>\u2013 Ikke b\u00e6rekraftig<\/p>\n<p>\u2013 Aktiviteten p\u00e5 Kulturfabrikken i juli og fram til rapporteringsdato har v\u00e6rt lavere enn vanlig sammenlignet med tidligere \u00e5r. Det b\u00f8r vurderes om aktivitet og \u00e5pningstider kan tas ytterligere ned i denne perioden til neste \u00e5r, sto det i saken.<\/p>\n<p>Sykefrav\u00e6r og permisjoner har medf\u00f8rt behov for kj\u00f8p av tjenester, vikarer og bruk av ekstrahjelp for \u00e5 kunne f\u00f8lge opp arrangement, kurs og konferanser.<\/p>\n<p>\u2013 Foretakets \u00f8konomiske ramme har ikke v\u00e6rt b\u00e6rekraftig over tid. Inntjeningskravet kompenserer ikke for merkostnadene til l\u00f8nn, prisstigning og \u00f8kningene i tilskuddsordninger som er avtalefestet, skriver administrasjonen.<\/p>\n<p>  <a href=\"https:\/\/www.blv.no\/5-9-854024\" class=\"related-teaser has-image default-story-teaser article--c-eRUmMG article--c-eRUmMG-jKCPdD-design-default\" rel=\"nofollow noopener\" target=\"_blank\"><\/p>\n<p>    <img decoding=\"async\" loading=\"lazy\"  src=\"https:\/\/www.europesays.com\/no\/wp-content\/uploads\/2025\/09\/grete-ellingsen-4t6538ff15m600xakf37qoqcx-5g6cj.jpg\" alt=\"\" class=\"brick-c-cFOWSL\" style=\"\"\/><\/p>\n<p>\n            Les ogs\u00e5<\/p>\n<p>              Ny vending i Kulturfabrikk-striden: \u2013\u00a0Vi har lyttet\n        <\/p>\n<p>  <\/a><br \/>\n  \u2013 Avhengig av betydelig \u00f8kning<\/p>\n<p>Styret vedtok tirsdag \u00e5 be om ekstrabevilgningen p\u00e5 5.311.000.<\/p>\n<p>\u2013 Styret har gjennom budsjett\u00e5ret vedtatt tiltak som skulle bedre den \u00f8konomiske situasjonen, men dette har ikke f\u00f8rt fram. Man er helt avhengig av at kommunen bevilger betydelig mer i grunnramme til foretaket. Den tilbakemeldinga \u00f8nsker vi kommunen skal tas med i vurderinga av om det kommunale foretaket skal bevares eller tilbakef\u00f8res til kommunen, het det i det enstemmige vedtaket.<\/p>\n<p>Styret ber om ei \u00f8kning av tilskudd til 32.200.000 kroner, til inndekning av husleie, \u00f8kt pensjon og netto merforbruk.<\/p>\n","protected":false},"excerpt":{"rendered":"Tirsdag behandlet styret i foretaket en sak der administrasjonen anbefalte \u00e5 be om ei ekstrabevilgning fra kommunestyret p\u00e5&hellip;\n","protected":false},"author":2,"featured_media":43024,"comment_status":"","ping_status":"","sticky":false,"template":"","format":"standard","meta":{"footnotes":""},"categories":[56],"tags":[36,60,61,6756,62,30,28,29,572,3673,1510],"class_list":{"0":"post-43023","1":"post","2":"type-post","3":"status-publish","4":"format-standard","5":"has-post-thumbnail","7":"category-naeringsliv","8":"tag-art","9":"tag-business","10":"tag-economy","11":"tag-kulturfabrikken","12":"tag-naeringsliv","13":"tag-no","14":"tag-norge","15":"tag-norway","16":"tag-okonomi","17":"tag-sortland","18":"tag-story"},"share_on_mastodon":{"url":"","error":""},"_links":{"self":[{"href":"https:\/\/www.europesays.com\/no\/wp-json\/wp\/v2\/posts\/43023","targetHints":{"allow":["GET"]}}],"collection":[{"href":"https:\/\/www.europesays.com\/no\/wp-json\/wp\/v2\/posts"}],"about":[{"href":"https:\/\/www.europesays.com\/no\/wp-json\/wp\/v2\/types\/post"}],"author":[{"embeddable":true,"href":"https:\/\/www.europesays.com\/no\/wp-json\/wp\/v2\/users\/2"}],"replies":[{"embeddable":true,"href":"https:\/\/www.europesays.com\/no\/wp-json\/wp\/v2\/comments?post=43023"}],"version-history":[{"count":0,"href":"https:\/\/www.europesays.com\/no\/wp-json\/wp\/v2\/posts\/43023\/revisions"}],"wp:featuredmedia":[{"embeddable":true,"href":"https:\/\/www.europesays.com\/no\/wp-json\/wp\/v2\/media\/43024"}],"wp:attachment":[{"href":"https:\/\/www.europesays.com\/no\/wp-json\/wp\/v2\/media?parent=43023"}],"wp:term":[{"taxonomy":"category","embeddable":true,"href":"https:\/\/www.europesays.com\/no\/wp-json\/wp\/v2\/categories?post=43023"},{"taxonomy":"post_tag","embeddable":true,"href":"https:\/\/www.europesays.com\/no\/wp-json\/wp\/v2\/tags?post=43023"}],"curies":[{"name":"wp","href":"https:\/\/api.w.org\/{rel}","templated":true}]}}