{"id":43038,"date":"2025-09-23T13:49:09","date_gmt":"2025-09-23T13:49:09","guid":{"rendered":"https:\/\/www.europesays.com\/no\/43038\/"},"modified":"2025-09-23T13:49:09","modified_gmt":"2025-09-23T13:49:09","slug":"arne-bye-far-ikke-sone-varetekt-hjemme-hoyesterett-enige-med-patalemyndigheten","status":"publish","type":"post","link":"https:\/\/www.europesays.com\/no\/43038\/","title":{"rendered":"Arne Bye f\u00e5r ikke sone varetekt hjemme \u2013 H\u00f8yesterett enige med p\u00e5talemyndigheten"},"content":{"rendered":"\n<p class=\"_lead_ew2ao_2 _lead_xtcu6_50 layout-component text-serif-m layout-normal text-serif-l layout-component layout-wide layout-padded _wide_17hqh_1 layout-padded\">H\u00f8yesterett er enige med p\u00e5talemyndigheten om at Arne Bye m\u00e5 sone varetekt i fengsel. N\u00e5 g\u00e5r saken tilbake til lagmannsretten for tredje gang.<\/p>\n<ul aria-hidden=\"true\" class=\"_images_1y6fe_106\">\n<li><a class=\"_link_1y6fe_111\" href=\"https:\/\/www.vg.no\/forfatter\/elise-kvien\" style=\"z-index:1\" title=\"Elise Kvien\" rel=\"nofollow noopener\" target=\"_blank\"><img alt=\"Bilde av Elise Kvien\" class=\"_image_1y6fe_88\" fetchpriority=\"low\" loading=\"lazy\" decoding=\"async\" itemprop=\"image\"  src=\"https:\/\/www.europesays.com\/no\/wp-content\/uploads\/2025\/09\/1758635348_716_e9d71b6f-2a15-4dd1-85be-ea8fb873046c\"  width=\"480\"\/><\/a><\/li>\n<\/ul>\n<p> Oppdatert tirsdag 23. september kl. 15:34     <\/p>\n<p class=\"_paragraph_ew2ao_4 _paragraph_xtcu6_10 layout-component text-serif-m layout-normal text-serif-m layout-padded\">Tirsdag 23. september mottok Tr\u00f8ndelag politidistrikt kjennelse fra H\u00f8yesterett i varetektsfengslingssaken mot Arne Bye etter at lagmannsrettens kjennelse <a href=\"https:\/\/www.vg.no\/nyheter\/i\/AveO83\/arne-bye-faar-sitte-i-varetekt-med-fotlenke-hjemme\" data-track-element-type=\"Link\" data-track-id=\"link:AveO83\" class=\"_link_ew2ao_39\" rel=\"nofollow noopener\" target=\"_blank\">ble p\u00e5anket 18. september<\/a>.<\/p>\n<p class=\"_paragraph_ew2ao_4 _paragraph_xtcu6_10 layout-component text-serif-m layout-normal text-serif-m layout-padded\">\u2013 Vi er forn\u00f8yd med at H\u00f8yesterett er enige med p\u00e5talemyndigheten og at lagmannsrettens kjennelse oppheves. Det har hele veien v\u00e6rt p\u00e5talemyndighetens syn i denne saken at varetekt hjemme med fotlenke ikke i tilstrekkelig grad vil ivareta hensynet til allmennhetens rettsf\u00f8lelse eller oppfattes som en tilstrekkelig inngripen fra samfunnets side i denne saken. Lagmannsretten skal n\u00e5 vurdere dette sp\u00f8rsm\u00e5let for tredje gang. En ny avgj\u00f8relse fra lagmannsretten ventes i l\u00f8pet av de kommende dagene, sier politiadvokat Ole Andreas Aftret ved Tr\u00f8ndelag politidistrikt.<\/p>\n<p class=\"_paragraph_ew2ao_4 _paragraph_xtcu6_10 layout-component text-serif-m layout-normal text-serif-m layout-padded\">Frostating lagmannsrett har to ganger st\u00e5tt p\u00e5 sitt og har ment at Bye kan f\u00e5 sitte i varetekt med fotlenke hjemme. N\u00e5 m\u00e5 de alts\u00e5 behandle saken p\u00e5 nytt.<\/p>\n<p class=\"_paragraph_ew2ao_4 _paragraph_xtcu6_10 layout-component text-serif-m layout-normal text-serif-m layout-padded\">Bye har sittet varetektsfengslet siden rettssaken mot ham ble avsluttet i februar. <\/p>\n<p class=\"_paragraph_ew2ao_4 _paragraph_xtcu6_10 layout-component text-serif-m layout-normal text-serif-m layout-padded\">Den tidligere kommunelegen i <a href=\"https:\/\/www.vg.no\/tag\/frosta?utm_source=vg-article&amp;utm_medium=auto-tagger&amp;utm_campaign=1MmqVW\" class=\"_link_ew2ao_39\" rel=\"nofollow noopener\" target=\"_blank\">Frosta<\/a> er <a href=\"https:\/\/www.vg.no\/nyheter\/i\/93wrp9\/21-aar-fengsel-for-frosta-legen\" data-track-element-type=\"Link\" data-track-id=\"link:93wrp9\" class=\"_link_ew2ao_39\" rel=\"nofollow noopener\" target=\"_blank\">d\u00f8mt til 21 \u00e5rs fengsel<\/a> for 70 voldtekter. Bye har trukket alle erkjennelser og anser seg som ikke straffskyldig i saken mot han.<\/p>\n<p>    <img decoding=\"async\" alt=\"Tips oss illustrasjon\" width=\"62px\" height=\"auto\" src=\"https:\/\/www.europesays.com\/no\/wp-content\/uploads\/2025\/08\/1754784428_95_W9avJzE.png\"\/>    <\/p>\n<p class=\"title-serif-s\">Har du tips til oss?<\/p>\n<p class=\"text-sans-m\">Send oss informasjon, bilder eller video<\/p>\n<p>  <a href=\"https:\/\/www.vg.no\/tips-oss\" rel=\"nofollow noopener\" target=\"_blank\"> Tips oss <\/a>      <\/p>\n","protected":false},"excerpt":{"rendered":"H\u00f8yesterett er enige med p\u00e5talemyndigheten om at Arne Bye m\u00e5 sone varetekt i fengsel. N\u00e5 g\u00e5r saken tilbake&hellip;\n","protected":false},"author":2,"featured_media":43039,"comment_status":"","ping_status":"","sticky":false,"template":"","format":"standard","meta":{"footnotes":""},"categories":[5],"tags":[31,20,21,24,25,6268,3581,15,19,3426,22,23,17,18,13,30,28,29,14,16,26,27],"class_list":{"0":"post-43038","1":"post","2":"type-post","3":"status-publish","4":"format-standard","5":"has-post-thumbnail","7":"category-overskrifter","8":"tag-breaking","9":"tag-breaking-news","10":"tag-breakingnews","11":"tag-featured-news","12":"tag-featurednews","13":"tag-fotlenke","14":"tag-frosta","15":"tag-headlines","16":"tag-hovedoppslag","17":"tag-hoyesterett","18":"tag-latest-news","19":"tag-latestnews","20":"tag-main-news","21":"tag-mainnews","22":"tag-news","23":"tag-no","24":"tag-norge","25":"tag-norway","26":"tag-nyheter","27":"tag-overskrifter","28":"tag-top-stories","29":"tag-topstories"},"share_on_mastodon":{"url":"","error":""},"_links":{"self":[{"href":"https:\/\/www.europesays.com\/no\/wp-json\/wp\/v2\/posts\/43038","targetHints":{"allow":["GET"]}}],"collection":[{"href":"https:\/\/www.europesays.com\/no\/wp-json\/wp\/v2\/posts"}],"about":[{"href":"https:\/\/www.europesays.com\/no\/wp-json\/wp\/v2\/types\/post"}],"author":[{"embeddable":true,"href":"https:\/\/www.europesays.com\/no\/wp-json\/wp\/v2\/users\/2"}],"replies":[{"embeddable":true,"href":"https:\/\/www.europesays.com\/no\/wp-json\/wp\/v2\/comments?post=43038"}],"version-history":[{"count":0,"href":"https:\/\/www.europesays.com\/no\/wp-json\/wp\/v2\/posts\/43038\/revisions"}],"wp:featuredmedia":[{"embeddable":true,"href":"https:\/\/www.europesays.com\/no\/wp-json\/wp\/v2\/media\/43039"}],"wp:attachment":[{"href":"https:\/\/www.europesays.com\/no\/wp-json\/wp\/v2\/media?parent=43038"}],"wp:term":[{"taxonomy":"category","embeddable":true,"href":"https:\/\/www.europesays.com\/no\/wp-json\/wp\/v2\/categories?post=43038"},{"taxonomy":"post_tag","embeddable":true,"href":"https:\/\/www.europesays.com\/no\/wp-json\/wp\/v2\/tags?post=43038"}],"curies":[{"name":"wp","href":"https:\/\/api.w.org\/{rel}","templated":true}]}}