{"id":43051,"date":"2025-09-23T13:58:07","date_gmt":"2025-09-23T13:58:07","guid":{"rendered":"https:\/\/www.europesays.com\/no\/43051\/"},"modified":"2025-09-23T13:58:07","modified_gmt":"2025-09-23T13:58:07","slug":"kong-charles-nekter-prins-harry-en-halvveis-rolle-i-kongefamilien","status":"publish","type":"post","link":"https:\/\/www.europesays.com\/no\/43051\/","title":{"rendered":"Kong Charles nekter prins Harry en halvveis rolle i kongefamilien"},"content":{"rendered":"<p class=\"kicker \" style=\"\">Kronprinsparet i Buskerud:<\/p>\n<p>  Kronprins Haakon m\u00f8tte pressen p\u00e5 fylkesturen til Buskerud. Der m\u00e5tte han svare p\u00e5 sp\u00f8rsm\u00e5l om avtalen mellom kongen og M\u00e4rtha Louise.\u00a0<\/p>\n<p>\n    Foto: Ole Berg-Rusten\/NTB\n  <\/p>\n<p>Tirsdag morgen startet kronprinsparets sin tre dager lange fylkestur til Buskerud. <a href=\"https:\/\/www.dagbladet.no\/kjendis\/kronprinsessen-beklaget\/83631683\" target=\"_blank\" rel=\"nofollow noopener\">Allerede klokka 10.00 ankom<\/a> de til folkefest i Gol kommune, f\u00f8r de seinere reiste videre til Hemsedal.<\/p>\n<p>Dette er kronprins Haakons (52) f\u00f8rste oppdrag siden den mye omtalte Netflix-dokumentaren\u00a0<a href=\"https:\/\/www.dagbladet.no\/kjendis\/sender-sjokkbolger-i-europa\/83602452\" target=\"_blank\" rel=\"nofollow noopener\">\u00abRebel Royals: An Unlikely Love Story\u00bb ble sluppet forrige uke<\/a>.<\/p>\n<p>Like etter klokka 15.30 m\u00f8ter Haakon pressen. Innledningsvis snakker kronprinsen varmt om bes\u00f8ket i Hemsedal, som han har et tett forhold til p\u00e5 grunn av hans interesse for ski.<\/p>\n<p>Kronprins Haakon bekrefter deretter at kongehuset har hatt flere samtaler med M\u00e4rtha Louise og Durek Verrett om avtalen mellom kongen og prinsessen.\u00a0<\/p>\n<p>&#8211; Vi \u00f8nsker et tydeligere skille mellom kongehusets virksomhet og prinsesse M\u00e4rtha Louise og Durek Verretts sitt prosjekt og kommersiell virksomhet. Det h\u00e5per jeg vi f\u00e5r til litt bedre. N\u00e5 har de hatt en uttalelse hvor de sier at de er opptatt av integriteten til avtalen vi har fra 2022, s\u00e5 det er noe \u00e5 bygge videre p\u00e5, sier Haakon.\u00a0<\/p>\n<p>Kronprins Haakon bekrefter at han har sett dokumentaren.\u00a0<\/p>\n<p>&#8211; Jeg skal la v\u00e6re \u00e5 bed\u00f8mme den, men jeg synes ikke at den skiller godt nok, dessverre, mellom kongehusets virksomhet og deres (M\u00e4rtha Louise og Durek Verretts, red.anm.) prosjekt og den kommersielle virksomheten.<\/p>\n<p>Haakon forteller at de har v\u00e6rt opptatte av \u00e5 opptre ryddig og ansvarlige, og b\u00e5de lytte og si deres mening i samtalene med M\u00e4rtha Louise.\u00a0<\/p>\n<p>Durek Verrett har f\u00e5tt mye kritikk for en kommentar i dokumentaren hvor han sier at kongeparet og kronprinsen ikke \u00abvet hva rasisme er\u00bb.\u00a0<\/p>\n<p>&#8211; Jeg tenker at vi har utfordringer med rasisme i Norge. Det er mange i Norge som opplever rasisme. For min egen del s\u00e5 kan jeg ikke fullt ut forst\u00e5 hvordan det oppleves, fordi jeg er ikke en del av en etnisk minoritet. Men jeg kan snakke med de som har opplevd det, jeg kan bruke empatien min og jeg kan f\u00f8lge med i nyhetsbildet. P\u00e5 den m\u00e5ten kan vi alle spille en konstruktiv rolle i det \u00e5 gj\u00f8re noe for \u00e5 f\u00e5 bukt med problemet, svarer kronprinsen om rasisme-p\u00e5standen.\u00a0<\/p>\n<p>Stor st\u00e5hei<\/p>\n<p>Filmen har st\u00e5tt for en rekke overskrifter den siste uka, og s\u00e6rlig et klipp av kronprinsen fikk flere til \u00e5 sperre opp \u00f8ynene.<\/p>\n<p> I en forh\u00e5ndsvisning som pressen fikk tilgang til, hadde <a href=\"https:\/\/www.dagbladet.no\/kjendis\/klippet-ut-i-siste-liten\/83582445\" target=\"_blank\" rel=\"nofollow noopener\">Netflix inkludert et eksklusivt klipp av kronprins Haakon<\/a> i samtale med Durek Verrett under parets private bryllupsarrangement i \u00c5lesund kvelden f\u00f8r vielsen &#8211; p\u00e5 en lukket fest der \u00f8vrig presse ikke hadde adgang.<\/p>\n<p>I den endelige utgaven var imidlertid klippet fjernet.\u00a0<\/p>\n<p class=\"italic m-italic\" data-lab-italic=\"italic\">Se klippet her:<\/p>\n<p>        DUKKER OPP: Til tross for kongehusets reservasjon fra \u00e5 bli filmet av Netflix, ble kronprins Haakon filmet p\u00e5 lukket fest &#8211; n\u00e5 er det fjernet. Video: Netflix \/ R\u00f8d L\u00f8per<\/p>\n<p>Overfor Dagbladet bekreftet Slottet at de tok kontakt med Netflix, etter at \u00abvi ble gjort kjent med dette, gjennom flere som hadde sett filmen\u00bb.<\/p>\n<p>&#8211; Da vi ble gjort kjent med at det var brukt et klipp av kronprinsen fra bryllupsfeiringen, tok vi kontakt med regiss\u00f8ren og ba om at klippet ble tatt ut. Som kjent har kongehuset reservert seg mot \u00e5 bli filmet til denne produksjonen i situasjoner der annen presse ikke hadde tilgang. Klippet er n\u00e5 fjernet, skrev Slottets presseavdeling i en e-post.\u00a0<\/p>\n<p>    <a itemprop=\"url\" href=\"https:\/\/www.dagbladet.no\/kjendis\/kronprinsessen-beklaget\/83631683\" rel=\"nofollow noopener\" target=\"_blank\"><\/p>\n<p>      <img loading=\"lazy\" decoding=\"async\" src=\"https:\/\/www.europesays.com\/no\/wp-content\/uploads\/2025\/09\/83631847.webp\" width=\"980\" height=\"441\" title=\"- Kronprinsessen beklaget\" alt=\"\" class=\"lazyload\" style=\"--aspect-ratio-image: 2.22; \"\/><\/p>\n<p>        &#8211; Kronprinsessen beklaget<\/p>\n<p>    <\/a><\/p>\n<p>Ikke sett den<\/p>\n<p>Det var kronprinsesse Mette-Marit som f\u00f8rst uttalte at klippet av Haakon var fjernet.\u00a0<\/p>\n<p> &#8211; Jeg tror vel det er klippet ut f\u00f8r publisering. Det tror jeg er i orden, sa Mette-Marit til Dagbladet tidligere denne m\u00e5neden.<\/p>\n<p>        SVARER: Tirsdag har dokumentaren \u00abRebel Royals: An Unlikely Love Story premiere p\u00e5 Netflix. Kronprinsesse Mette-Marit er usikker p\u00e5 om hun skal se den. Video: Maja Walberg Klev \/ Dagbladet. <\/p>\n<p>Samtidig kunne hun fortelle at hun ikke hadde sett filmen, og henviste p\u00e5 det tidspunktet til kronprinsen, som if\u00f8lge henne hadde v\u00e6rt tettere p\u00e5 prosessen.\u00a0<\/p>\n<p> &#8211; Jeg har ikke bestemt meg for om jeg skal se filmen, sa hun. <\/p>\n<p class=\"italic m-italic\" data-lab-italic=\"italic\">&#8211; Blir det diskusjoner p\u00e5 slottet etter filmen?<\/p>\n<p>&#8211; Det tror jeg helt sikkert det vil bli.<\/p>\n","protected":false},"excerpt":{"rendered":"Kronprinsparet i Buskerud: Kronprins Haakon m\u00f8tte pressen p\u00e5 fylkesturen til Buskerud. Der m\u00e5tte han svare p\u00e5 sp\u00f8rsm\u00e5l om&hellip;\n","protected":false},"author":2,"featured_media":43052,"comment_status":"","ping_status":"","sticky":false,"template":"","format":"standard","meta":{"footnotes":""},"categories":[58],"tags":[71,479,3994,30,28,29,75,72],"class_list":{"0":"post-43051","1":"post","2":"type-post","3":"status-publish","4":"format-standard","5":"has-post-thumbnail","7":"category-underholdning","8":"tag-entertainment","9":"tag-kjendis","10":"tag-kong-charles","11":"tag-no","12":"tag-norge","13":"tag-norway","14":"tag-prins-harry","15":"tag-underholdning"},"share_on_mastodon":{"url":"","error":""},"_links":{"self":[{"href":"https:\/\/www.europesays.com\/no\/wp-json\/wp\/v2\/posts\/43051","targetHints":{"allow":["GET"]}}],"collection":[{"href":"https:\/\/www.europesays.com\/no\/wp-json\/wp\/v2\/posts"}],"about":[{"href":"https:\/\/www.europesays.com\/no\/wp-json\/wp\/v2\/types\/post"}],"author":[{"embeddable":true,"href":"https:\/\/www.europesays.com\/no\/wp-json\/wp\/v2\/users\/2"}],"replies":[{"embeddable":true,"href":"https:\/\/www.europesays.com\/no\/wp-json\/wp\/v2\/comments?post=43051"}],"version-history":[{"count":0,"href":"https:\/\/www.europesays.com\/no\/wp-json\/wp\/v2\/posts\/43051\/revisions"}],"wp:featuredmedia":[{"embeddable":true,"href":"https:\/\/www.europesays.com\/no\/wp-json\/wp\/v2\/media\/43052"}],"wp:attachment":[{"href":"https:\/\/www.europesays.com\/no\/wp-json\/wp\/v2\/media?parent=43051"}],"wp:term":[{"taxonomy":"category","embeddable":true,"href":"https:\/\/www.europesays.com\/no\/wp-json\/wp\/v2\/categories?post=43051"},{"taxonomy":"post_tag","embeddable":true,"href":"https:\/\/www.europesays.com\/no\/wp-json\/wp\/v2\/tags?post=43051"}],"curies":[{"name":"wp","href":"https:\/\/api.w.org\/{rel}","templated":true}]}}