{"id":43111,"date":"2025-09-23T15:00:18","date_gmt":"2025-09-23T15:00:18","guid":{"rendered":"https:\/\/www.europesays.com\/no\/43111\/"},"modified":"2025-09-23T15:00:18","modified_gmt":"2025-09-23T15:00:18","slug":"kronprinsesse-mette-marit-overrasker-med-besok-i-hemsedal-tross-sykdom","status":"publish","type":"post","link":"https:\/\/www.europesays.com\/no\/43111\/","title":{"rendered":"Kronprinsesse Mette-Marit overrasker med bes\u00f8k i Hemsedal tross sykdom"},"content":{"rendered":"<p class=\"kicker \" style=\"\">Kronprinsparets fylketur til Buskerud:<\/p>\n<p>  Kronprinsparet er p\u00e5 fylkestur, men kronprins Haakon\u00a0skulle egentlig\u00a0komme alene til Hemsedal.<\/p>\n<p>\n    VAR I GOL: Og kronprinsessen skulle egentlig ikke v\u00e6re med til Hemsedal &#8211; men dukket opp likevel! Foto: Andreas Fadum \/ Se og H\u00f8r\n  <\/p>\n<p>HEMSEDAL \/ OSLO (Se og H\u00f8r): Kronprins Haakon (52) og kronprinsesse Mette-Marit (52) er i gang med h\u00f8stens fylkestur i Buskerud. <a href=\"https:\/\/www.seher.no\/kongelig\/sykdommen-begrenser-henne\/83630018\" rel=\"nofollow noopener\" target=\"_blank\">I dag har kronprinsparet bes\u00f8kt Gol<\/a>, og har truffet et knippe mennesker som holder til i Hallingdalen. N\u00e5 er de begge p\u00e5 plass i Hemsedal.<\/p>\n<p>        PUSTER LITT: Mette-Marit holdt tale under fylkesturen til Buskerud, og under opptredenen m\u00e5tte hun beklage. Video: H\u00e5vard Bj\u00f8rnerem \/\/ Reporter: Caroline Vagle<\/p>\n<p>Hensikten med disse fylkesturene er som kjent at de kongelige skal bli kjent med b\u00e5de folket sitt og landet sitt, og treffe innbyggerne der de er &#8211; og selvsagt s\u00e5 det norske folk kan bli bedre kjent med dem.<\/p>\n<p>    <a itemprop=\"url\" href=\"https:\/\/www.seher.no\/kongelig\/sykdommen-begrenser-henne\/83630018\" rel=\"nofollow noopener\" target=\"_blank\"><\/p>\n<p>      <img loading=\"lazy\" decoding=\"async\" src=\"https:\/\/www.europesays.com\/no\/wp-content\/uploads\/2025\/09\/1758639612_42_83630736.webp\" width=\"147\" height=\"98\" title=\"- Sykdommen begrenser henne\" alt=\"\" class=\"lazyload\" style=\"--aspect-ratio-image: 1.50; \"\/><\/p>\n<p>        &#8211; Sykdommen begrenser henne<\/p>\n<p>    <\/a><\/p>\n<p>Kronprinsparets dag startet med folkefest i Gol sentrum, med en rekke kulturelle innslag. Kronprinsessen holdt selv en \u00e6rlig tale hvor hun fortalte at Hallingdal betyr mye for henne og ektemannen &#8211; hun fortalte ogs\u00e5 kort om sine egne vansker, s\u00e6rlig med pusten.<\/p>\n<p>          <img loading=\"lazy\" decoding=\"async\" src=\"https:\/\/www.europesays.com\/no\/wp-content\/uploads\/2025\/09\/83632447.webp\" width=\"686\" height=\"460\" title=\"SAMMEN: Kronprinsparet dukket opp sammen, til folkets store begeistring. Foto: Andreas Fadum \/ Se og H\u00f8r\" alt=\"\" class=\"\" style=\"--aspect-ratio-image: 1.49; \"\/><\/p>\n<p>\n          SAMMEN: Kronprinsparet dukket opp sammen, til folkets store begeistring. Foto: Andreas Fadum \/ Se og H\u00f8r\n      <\/p>\n<p>Fikk ros\t<\/p>\n<p>Kronprinsessen beklaget nemlig at hun pustet s\u00e5 mye under talen sin, noe Se og H\u00f8rs kongehusekspert Caroline Vagle roset henne for.<\/p>\n<p>          <img loading=\"lazy\" decoding=\"async\" src=\"https:\/\/www.europesays.com\/no\/wp-content\/uploads\/2025\/09\/83632446.webp\" width=\"686\" height=\"460\" title=\"HILSTE P\u00c5: Ogs\u00e5 i Hemsedal var det to sm\u00e5 borgere p\u00e5 plass for velkomsten. Foto: Andreas Fadum \/ Se og H\u00f8r\" alt=\"\" class=\"\" style=\"--aspect-ratio-image: 1.49; \"\/><\/p>\n<p>\n          HILSTE P\u00c5: Ogs\u00e5 i Hemsedal var det to sm\u00e5 borgere p\u00e5 plass for velkomsten. Foto: Andreas Fadum \/ Se og H\u00f8r\n      <\/p>\n<p>&#8211; Kronprinsessen beklaget underveis i talen at hun pustet s\u00e5 mye. Det er sykdommen som gj\u00f8r at hun blir tungpustet. Hun har tidligere v\u00e6rt \u00e6rlig p\u00e5 at hun blir flau n\u00e5r hun puster tungt i mikrofoner. Jeg synes det er fantastisk at hun er s\u00e5 \u00e6rlig! Og at det ikke stopper henne, sa hun.<\/p>\n<p>        GJ\u00d8RES NARR AV: Dokumentarfilmen \u00abRebel Royals: An Unlikely Love Story\u00bb ble latterliggjort p\u00e5 NRK-programmet \u00abNytt p\u00e5 nytt\u00bb i hele sju minutter. Video: Netflix, NRK.<\/p>\n<p>I oktober skal kronprinsessen til behandling for lungesykdommen, og det nesten hele m\u00e5neden. Fylkesturen til Buskerud er dermed trolig siste gang vi ser henne f\u00f8r behandlingen. Sykdommen har preget kronprinsessen de siste \u00e5rene, og er blant annet \u00e5rsaken til at hun de siste \u00e5rene har hatt kortere program p\u00e5 fylkesturer enn ektemannen.<\/p>\n<p>          <img loading=\"lazy\" decoding=\"async\" src=\"https:\/\/www.europesays.com\/no\/wp-content\/uploads\/2025\/09\/83632456.webp\" width=\"686\" height=\"460\" title=\"FOLKEHAV: Det manglet ikke p\u00e5 lokalbefolkningen, og flere hadde tatt turen for \u00e5 hilse p\u00e5 kronprinsen - og kronprinsessen, som overrasket med bes\u00f8k. Foto: Andreas Fadum \/ Se og H\u00f8r\" alt=\"\" class=\"\" style=\"--aspect-ratio-image: 1.49; \"\/><\/p>\n<p>\n          FOLKEHAV: Det manglet ikke p\u00e5 lokalbefolkningen, og flere hadde tatt turen for \u00e5 hilse p\u00e5 kronprinsen &#8211; og kronprinsessen, som overrasket med bes\u00f8k. Foto: Andreas Fadum \/ Se og H\u00f8r\n      <\/p>\n<p>Derfor skulle hun ikke v\u00e6re med\t<\/p>\n<p>Blant annet skulle hun ikke, if\u00f8lge presseprogrammet, v\u00e6re med til Hemsedal i dag, men det ble gjort endringer i siste liten &#8211; kronprinsessen dukket opp likevel!<\/p>\n<p>    <a itemprop=\"url\" href=\"https:\/\/www.seher.no\/kongelig\/hensynslos-og-selvopptatt\/83629742\" rel=\"nofollow noopener\" target=\"_blank\"><\/p>\n<p>      <img loading=\"lazy\" decoding=\"async\" src=\"https:\/\/www.europesays.com\/no\/wp-content\/uploads\/2025\/09\/83629962.webp\" width=\"147\" height=\"98\" title=\"- Hensynsl\u00f8s og selvopptatt\" alt=\"\" class=\"lazyload\" style=\"--aspect-ratio-image: 1.50; \"\/><\/p>\n<p>        &#8211; Hensynsl\u00f8s og selvopptatt<\/p>\n<p>    <\/a><\/p>\n<p>&#8211;\u00a0Kronprinsessen skulle egentlig ikke v\u00e6re med til Hemsedal, men har ombestemt seg. Jeg vil tro det er fordi hun f\u00f8ler seg i god nok form. Tipper det er til stor glede for b\u00e5de kronprinsen som f\u00e5r selskap, og Hemsedals befolkning som f\u00e5r en overraskende gjest! Bonus, sier Vagle.<\/p>\n<p>          <img loading=\"lazy\" decoding=\"async\" src=\"https:\/\/www.europesays.com\/no\/wp-content\/uploads\/2025\/09\/83632458.webp\" width=\"980\" height=\"559\" title=\"GLITRENDE: Det er en sv\u00e6rt s\u00e5 blid kronprinsesse Mette-Marit som bes\u00f8ker Hemsedal tirsdag. Foto: Andreas Fadum \/ Se og H\u00f8r\" alt=\"\" class=\"\" style=\"--aspect-ratio-image: 1.75; \"\/><\/p>\n<p>\n          GLITRENDE: Det er en sv\u00e6rt s\u00e5 blid kronprinsesse Mette-Marit som bes\u00f8ker Hemsedal tirsdag. Foto: Andreas Fadum \/ Se og H\u00f8r\n      <\/p>\n<p>Se og H\u00f8rs kongehusekspert er til stede, og kan fortelle at det ble full jubel blant de oppm\u00f8tte i Hemsedal da det ble kjent at kronprinsessen skulle komme likevel.\u00a0<\/p>\n<p>P\u00e5 Gol var det kronprinsessen som holdt tale, mens det i Hemsedal er kronprinsens tur. Kronprinsessen sa i sin tale p\u00e5 Gol at kronprinsfamilien var veldig glade i Hallingdal &#8211; i sin tale kom kronprinsen litt inn p\u00e5 hvorfor.<\/p>\n<p>          <img loading=\"lazy\" decoding=\"async\" src=\"https:\/\/www.europesays.com\/no\/wp-content\/uploads\/2025\/09\/83632479.webp\" width=\"686\" height=\"460\" title=\"HOLDT TALE: Kronprinsen fortalte om sitt forhold til Hemsedal i sin tale. Foto: Andreas Fadum \/ Se og H\u00f8r\" alt=\"\" class=\"\" style=\"--aspect-ratio-image: 1.49; \"\/><\/p>\n<p>\n          HOLDT TALE: Kronprinsen fortalte om sitt forhold til Hemsedal i sin tale. Foto: Andreas Fadum \/ Se og H\u00f8r\n      <\/p>\n<p>Han fortalte nemlig at datteren, prinsesse Ingrid Alexandra (21), hadde sin f\u00f8rste free ride-konkurranse der, et stolt \u00f8yeblikk for den kry faren.<\/p>\n<p>&#8211; Kronprinsen holdt en flott tale, og ga tydelig uttrykk for at han er glad i Hemsedal. Jaggu kom han med noen private minner ogs\u00e5. B\u00e5de at han selv og kameratene var kjappe med \u00e5 komme seg hit til skibygda da de fikk lappen, og at datteren Ingrid kj\u00f8rte sin f\u00f8rste free ride-konkurranse i Hemsedal, og at det var et veldig stolt \u00f8yeblikk for ham som far.<\/p>\n<p>Flott underholdning\t<\/p>\n<p>Etter kronprinsens tale var det duket for en rekke kulturinnslag, og gjevest av dem alle var trolig sangeren Andrea Bredesen Holm (19). Hun vant \u00e5rets sesong av \u00abThe Voice\u00bb, og kommer fra Hemsedal &#8211; og er dermed et naturlig innslag under kronprinsparets fylkestur i Buskerud.<\/p>\n<p>          <img loading=\"lazy\" decoding=\"async\" src=\"https:\/\/www.europesays.com\/no\/wp-content\/uploads\/2025\/09\/83632559.webp\" width=\"686\" height=\"879\" title=\"VINNER: Andrea Bredesen Holm trollbandt b\u00e5de kronprinsparet og andre oppm\u00f8te. Foto: Caroline Vagle \/ Se og H\u00f8r\" alt=\"\" class=\"\" style=\"--aspect-ratio-image: 0.78; \"\/><\/p>\n<p>\n          VINNER: Andrea Bredesen Holm trollbandt b\u00e5de kronprinsparet og andre oppm\u00f8te. Foto: Caroline Vagle \/ Se og H\u00f8r\n      <\/p>\n<p>          <img loading=\"lazy\" decoding=\"async\" src=\"https:\/\/www.europesays.com\/no\/wp-content\/uploads\/2025\/09\/83632579.webp\" width=\"686\" height=\"460\" title=\"STOR APPLAUS: Kronprinsparet var mer enn forn\u00f8yde med underholdningen. Foto: Andreas Fadum \/ Se og H\u00f8r\" alt=\"\" class=\"\" style=\"--aspect-ratio-image: 1.49; \"\/><\/p>\n<p>\n          STOR APPLAUS: Kronprinsparet var mer enn forn\u00f8yde med underholdningen. Foto: Andreas Fadum \/ Se og H\u00f8r\n      <\/p>\n<p>Etter at Andrea var ferdig p\u00e5 scenen, fortsatte de kulturelle innslagene &#8211; og helt til slutt ble ogs\u00e5 publikum inkludert. Her var det nemlig rom for b\u00e5de det tradisjonelle og det nye &#8211; og kronprinsen fikk bryne seg p\u00e5 tradisjonell hallingdans.<\/p>\n<p>Etter det avsluttet de lokale skoleelevene med \u00e5rets BliMe-dans, som kronprinsparet selvsagt kastet seg p\u00e5!<\/p>\n<p>          <img loading=\"lazy\" decoding=\"async\" src=\"https:\/\/www.europesays.com\/no\/wp-content\/uploads\/2025\/09\/83632784.webp\" width=\"686\" height=\"460\" title=\"BLE MED: Da de lokale skoleelevene danset \u00e5rets BliMe-dans, ble resten av publikum like greit med. Foto: Andreas Fadum \/ Se og H\u00f8r\" alt=\"\" class=\"\" style=\"--aspect-ratio-image: 1.49; \"\/><\/p>\n<p>\n          BLE MED: Da de lokale skoleelevene danset \u00e5rets BliMe-dans, ble resten av publikum like greit med. Foto: Andreas Fadum \/ Se og H\u00f8r\n      <\/p>\n<p>          <img loading=\"lazy\" decoding=\"async\" src=\"https:\/\/www.europesays.com\/no\/wp-content\/uploads\/2025\/09\/83632780.webp\" width=\"686\" height=\"460\" title=\"GA ALT: Det er ingen tvil om at kronprinsparet levde seg inn i danset, til stor begeistring for de oppm\u00f8tte. Foto: Andreas Fadum \/ Se og H\u00f8r\" alt=\"\" class=\"\" style=\"--aspect-ratio-image: 1.49; \"\/><\/p>\n<p>\n          GA ALT: Det er ingen tvil om at kronprinsparet levde seg inn i danset, til stor begeistring for de oppm\u00f8tte. Foto: Andreas Fadum \/ Se og H\u00f8r\n      <\/p>\n","protected":false},"excerpt":{"rendered":"Kronprinsparets fylketur til Buskerud: Kronprinsparet er p\u00e5 fylkestur, men kronprins Haakon\u00a0skulle egentlig\u00a0komme alene til Hemsedal. VAR I GOL:&hellip;\n","protected":false},"author":2,"featured_media":43112,"comment_status":"","ping_status":"","sticky":false,"template":"","format":"standard","meta":{"footnotes":""},"categories":[5],"tags":[20,21,4104,24,25,6770,15,936,19,76,1764,2293,22,23,17,18,13,30,28,29,14,16,26,27],"class_list":{"0":"post-43111","1":"post","2":"type-post","3":"status-publish","4":"format-standard","5":"has-post-thumbnail","7":"category-overskrifter","8":"tag-breaking-news","9":"tag-breakingnews","10":"tag-eksklusivt","11":"tag-featured-news","12":"tag-featurednews","13":"tag-fylkestur","14":"tag-headlines","15":"tag-hemsedal","16":"tag-hovedoppslag","17":"tag-kongelig","18":"tag-kronprins-haakon","19":"tag-kronprinsesse-mette-marit","20":"tag-latest-news","21":"tag-latestnews","22":"tag-main-news","23":"tag-mainnews","24":"tag-news","25":"tag-no","26":"tag-norge","27":"tag-norway","28":"tag-nyheter","29":"tag-overskrifter","30":"tag-top-stories","31":"tag-topstories"},"share_on_mastodon":{"url":"","error":""},"_links":{"self":[{"href":"https:\/\/www.europesays.com\/no\/wp-json\/wp\/v2\/posts\/43111","targetHints":{"allow":["GET"]}}],"collection":[{"href":"https:\/\/www.europesays.com\/no\/wp-json\/wp\/v2\/posts"}],"about":[{"href":"https:\/\/www.europesays.com\/no\/wp-json\/wp\/v2\/types\/post"}],"author":[{"embeddable":true,"href":"https:\/\/www.europesays.com\/no\/wp-json\/wp\/v2\/users\/2"}],"replies":[{"embeddable":true,"href":"https:\/\/www.europesays.com\/no\/wp-json\/wp\/v2\/comments?post=43111"}],"version-history":[{"count":0,"href":"https:\/\/www.europesays.com\/no\/wp-json\/wp\/v2\/posts\/43111\/revisions"}],"wp:featuredmedia":[{"embeddable":true,"href":"https:\/\/www.europesays.com\/no\/wp-json\/wp\/v2\/media\/43112"}],"wp:attachment":[{"href":"https:\/\/www.europesays.com\/no\/wp-json\/wp\/v2\/media?parent=43111"}],"wp:term":[{"taxonomy":"category","embeddable":true,"href":"https:\/\/www.europesays.com\/no\/wp-json\/wp\/v2\/categories?post=43111"},{"taxonomy":"post_tag","embeddable":true,"href":"https:\/\/www.europesays.com\/no\/wp-json\/wp\/v2\/tags?post=43111"}],"curies":[{"name":"wp","href":"https:\/\/api.w.org\/{rel}","templated":true}]}}