{"id":43139,"date":"2025-09-23T15:28:15","date_gmt":"2025-09-23T15:28:15","guid":{"rendered":"https:\/\/www.europesays.com\/no\/43139\/"},"modified":"2025-09-23T15:28:15","modified_gmt":"2025-09-23T15:28:15","slug":"fant-sonnens-uhyggelige-melding","status":"publish","type":"post","link":"https:\/\/www.europesays.com\/no\/43139\/","title":{"rendered":"Fant s\u00f8nnens uhyggelige melding"},"content":{"rendered":"<p>NEW YORK \/ OSLO (Dagbladet): Verdens ledere er denne uka samlet i New York for FNs hovedforsamling og 80-\u00e5rsmarkering. <\/p>\n<p>Tirsdag ettermiddag norsk tid, har president Donald Trump inntatt talerstolen. Kort tid f\u00f8r, r\u00e5det det kaos rundt FN-bygget.\u00a0<\/p>\n<p> Gater rundt hele hovedkvarteret til verdensorganisasjonen er stengt av, og diplomater og presse ble st\u00e5ende i lange k\u00f8er for \u00e5 komme inn.\u00a0<\/p>\n<p>Trump innleder talen til FN-forsamlingen med \u00e5 ramse opp en rekke ting han mener er bedre n\u00e5, enn for ett \u00e5r siden.\u00a0<\/p>\n<p>&#8211; P\u00e5 verdensscenen er Amerika respektert igjen, som vi aldri har blitt respektert f\u00f8r. For fire, tre, to, et \u00e5r siden ble vi latterliggjort over hele verden, sier Trump.\u00a0<\/p>\n<p>&#8211; F\u00e5tt slutt p\u00e5 sju kriger<\/p>\n<p>Videre sier presidenten at han har f\u00e5tt slutt p\u00e5 sju kriger.\u00a0<\/p>\n<p>&#8211; Det er dumt at jeg m\u00e5tte gjorde dette istedenfor FN. Og det er trist at de ikke en gang pr\u00f8vde \u00e5 hjelpe. Jeg fikk slutt p\u00e5 sju kriger, og mottok ikke en gang en telefon fra FN.\u00a0<\/p>\n<p>&#8211; Alt jeg fikk fra dem var en rulletrapp som stoppet halvveis. Om f\u00f8rstedamen ikke hadde v\u00e6rt i god form, hadde hun falt. Men hun er i god form. Det er vi begge to, sier Trump, til latter fra salen.\u00a0<\/p>\n<p>Trump sier han ikke tenkte over at FN var frav\u00e6rende f\u00f8r etterp\u00e5, fordi han var \u00abopptatt med \u00e5 redde millioner av liv\u00bb.\u00a0<\/p>\n<p>&#8211; FN har et enormt potensiale. Det har jeg alltid sagt. Det har et enormt potensiale, men lever ikke opp til det. Det er tomme ord, og tomme ord stanser ikke kriger. Det eneste som f\u00e5r slutt p\u00e5 kriger, er handling, sier presidenten.\u00a0<\/p>\n<p>Trump tar ogs\u00e5 til orde for \u00e5 f\u00e5 en slutt p\u00e5 krigen i Gaza umiddelbart. Presidenten mener imidlertid at Hamas har takket nei til \u00abfornuftige fredsforslag\u00bb.<\/p>\n<p>&#8211; Bare frigi gisslene n\u00e5, sier Trump til applaus fra salen.\u00a0<\/p>\n<p>&#8211; Vi m\u00e5 forhandle fred n\u00e5, umiddelbart. Vi m\u00e5 f\u00e5 gisslene tilbake. Alle 20.\u00a0<\/p>\n<p>        Donald Trump startet sitt innlegg i FN humoristisk. Video: Reuters. <\/p>\n<p>Ut mot Europa: &#8211; Flaut  <\/p>\n<p>Trump sier ogs\u00e5 at han trodde \u00e5 f\u00e5 slutt p\u00e5 krigen i Ukraina \u00abville v\u00e6re det enkleste\u00bb, p\u00e5 grunn av sitt forhold til president Putin.\u00a0<\/p>\n<p>&#8211; Russlands krig i Ukraina f\u00e5r dem ikke til \u00e5 se bra ut.\u00a0<\/p>\n<p>Trump sier USA er forberedt p\u00e5 \u00e5 innf\u00f8re nye sanksjoner mot Russland, dersom Putin ikke er interessert i forhandlinger.\u00a0<\/p>\n<p>&#8211; Og Europa kan ikke fortsette \u00e5 gj\u00f8re som de gj\u00f8r. De kj\u00f8per olje og gass fra Russland, mens de kjemper mot Russland. Det er flaut for dem, og det var veldig flaut for dem da jeg fant ut av det. Det kan jeg si dere. De m\u00e5 umiddelbart stanse all energi-handel med Russland, sier Trump og legger til at han skal snakke om dette seinere i dag.\u00a0<\/p>\n<p>Trump kom ogs\u00e5 med kraftig kritikk til andre lands innvandringspolitikk, og anklaget FN for \u00e5 \u00abfinansiere et angrep p\u00e5 vestlige land\u00bb gjennom migranter.<\/p>\n<p>&#8211; Det er p\u00e5 tide \u00e5 avslutte det mislykkede eksperimentet med \u00e5pne grenser. Dere m\u00e5 avslutte det n\u00e5. Jeg er virkelig god p\u00e5 dette. Landene deres er p\u00e5 vei til helvete.\u00a0<\/p>\n<p>Kraftige klima-angrep<\/p>\n<p>Trump mener ogs\u00e5 at klimaendringer er \u00abden st\u00f8rste bl\u00f8ffen\u00bb.\u00a0<\/p>\n<p>&#8211; Global oppvarming og global nedkj\u00f8ling, alle disse sp\u00e5dommene\u00a0 som er laget av FN og mange andre, ofte av d\u00e5rlige grunner, er feil. De er laget av dumme mennesker. Kommer du deg ikke unna denne gr\u00f8nne svindelen, kommer landet ditt til \u00e5 feile, sier Trump.\u00a0<\/p>\n<p>Han mener ogs\u00e5 at karbonavtrykk er ren svindel.\u00a0<\/p>\n<p>&#8211; Det er laget av folk med onde hensikter, sier Trump fra talerstolen.\u00a0<\/p>\n<p>&#8211; Bryr meg ikke om priser<\/p>\n<p>Trump tok ogs\u00e5 opp Nobels fredspris, og hevdet at \u00aballe\u00bb mener han fortjener den for hans innsats for fred i verden.\u00a0<\/p>\n<p>&#8211; Alle mener jeg burde f\u00e5 Nobels fredspris for hver enkelt av disse prestasjonene, sier Trump og gjentok p\u00e5standen om at han har f\u00e5tt slutt p\u00e5 sju kriger.\u00a0<\/p>\n<p>&#8211; Det jeg bryr meg om er ikke \u00e5\u00a0 vinne priser, men \u00e5 redde liv, sier han.\u00a0<\/p>\n<p>          <img loading=\"lazy\" decoding=\"async\" src=\"https:\/\/www.europesays.com\/no\/wp-content\/uploads\/2025\/09\/1758641294_606_83633342.webp\" width=\"980\" height=\"559\" title=\"P\u00c5 PLASS: President Donald Trump og f\u00f8rstedame Melania entrer FN-bygningen tirsdag. Foto: Alexi J. Rosenfeld \/ Getty \/ NTB\" alt=\"\" class=\"\" style=\"--aspect-ratio-image: 1.75; \"\/><\/p>\n<p>\n          P\u00c5 PLASS: President Donald Trump og f\u00f8rstedame Melania entrer FN-bygningen tirsdag. Foto: Alexi J. Rosenfeld \/ Getty \/ NTB\n      <\/p>\n<p>Det var p\u00e5 forh\u00e5nd knyttet stor spenning til hva presidenten ville si. USA har trukket seg ut av mange FN-initiativer og kuttet dramatisk i sine bistandsbudsjetter. Samtidig p\u00e5g\u00e5r dramatiske konflikter i blant annet Ukraina og Gaza.\u00a0<\/p>\n<p>&#8211; Det er vanskelig med Trump &#8211; om han kommer med utfall mot FN, eller om han tar opp noen av de aktuelle sp\u00f8rsm\u00e5lene i verden. S\u00e5 vi f\u00e5r kommentere det n\u00e5r vi har h\u00f8rt talen, sa statsminister Jonas Gahr St\u00f8re til Dagbladet kort tid f\u00f8r Trump gikk p\u00e5 talerstolen. <\/p>\n<p>          <img loading=\"lazy\" decoding=\"async\" src=\"https:\/\/www.europesays.com\/no\/wp-content\/uploads\/2025\/09\/1758641294_530_83633333.webp\" width=\"980\" height=\"559\" title=\"Foto: Den norske FN-delegasjonen\" alt=\"\" class=\"\" style=\"--aspect-ratio-image: 1.75; \"\/><\/p>\n<p>\n          Foto: Den norske FN-delegasjonen\n      <\/p>\n<p> Han er i New York sammen med utenriksminister Espen Barth Eide, klima- og milj\u00f8minister Andreas Bjelland Eriksen og utviklingsminister \u00c5smund Aukrust.<\/p>\n<p>&#8211;\u00a0\u00a0Det blir spennende \u00e5 se hva han sier. Det er hans f\u00f8rste tale til\u00a0FN\u00a0siden han ble gjenvalgt. Det blir nok et Maga-tungt budskap, men han inviterer nok ogs\u00e5 til samarbeid om de tingene han tenker er i USAs interesse, sa Barth Eide f\u00f8r talen. <\/p>\n<p>St\u00f8re m\u00f8ter Trump<\/p>\n<p>St\u00f8re sa mandag til Dagbladet at han <a href=\"https:\/\/www.dagbladet.no\/nyheter\/om-trump-lofte-ikke-sa-enkelt\/83628855\" target=\"_blank\" rel=\"nofollow noopener\">skal m\u00f8te presidenten<\/a> i forbindelse med FN-m\u00f8tet.\u00a0<\/p>\n<p> &#8211; Det er nok mange som skal m\u00f8te ham. Jeg f\u00e5r m\u00f8te ham jeg ogs\u00e5. Det blir interessant \u00e5 h\u00f8re hvordan han vektlegger seg i den f\u00f8rste talen til FN, sa St\u00f8re. <\/p>\n<p> St\u00f8re sa videre at han\u00a0 h\u00e5per at Trump ikke kommer med nyheter som \u00aber d\u00e5rlige for FN\u00bb, og at han bidrar i de p\u00e5g\u00e5ende konfliktene i Ukraina og Gaza.\u00a0<\/p>\n<p>          <img loading=\"lazy\" decoding=\"async\" src=\"https:\/\/www.europesays.com\/no\/wp-content\/uploads\/2025\/09\/1758641295_863_83633202.webp\" width=\"686\" height=\"494\" title=\"Norges tidligere statsminister Gro Harlem Brundtland kom med en historieleksjon og en advarsel i sitt innlegg i FNs hovedforsamling mandag. - Jeg har ingen t\u00e5lmodighet for dem som regner FN som utdatert, sa hun. Foto: Angelina Katsanis \/ AP \/ NTB\" alt=\"\" class=\"\" style=\"--aspect-ratio-image: 1.39; \"\/><\/p>\n<p>\n          Norges tidligere statsminister Gro Harlem Brundtland kom med en historieleksjon og en advarsel i sitt innlegg i FNs hovedforsamling mandag. &#8211; Jeg har ingen t\u00e5lmodighet for dem som regner FN som utdatert, sa hun. Foto: Angelina Katsanis \/ AP \/ NTB\n      <\/p>\n<p> Trump har tatt til orde for \u00e5 kutte USAs st\u00f8tte til\u00a0FN, forlenget stansen i pengest\u00f8tten til FNs organisasjon for palestinske flyktninger (Unrwa) og trukket USA ut av FNs menneskerettighetsr\u00e5d og Unesco. <\/p>\n<p> Han har beskrevet FN som en organisasjon med stort potensial, men med behov for reformer. Trump har ogs\u00e5 anklaget FN for \u00e5 ikke hjelpe ham nok med \u00e5 forhandle fram fred, if\u00f8lge NTB. <\/p>\n","protected":false},"excerpt":{"rendered":"NEW YORK \/ OSLO (Dagbladet): Verdens ledere er denne uka samlet i New York for FNs hovedforsamling og&hellip;\n","protected":false},"author":2,"featured_media":43140,"comment_status":"","ping_status":"","sticky":false,"template":"","format":"standard","meta":{"footnotes":""},"categories":[5],"tags":[20,21,24,25,15,19,6774,22,23,17,18,13,30,28,29,14,16,4005,6775,26,27,412],"class_list":{"0":"post-43139","1":"post","2":"type-post","3":"status-publish","4":"format-standard","5":"has-post-thumbnail","7":"category-overskrifter","8":"tag-breaking-news","9":"tag-breakingnews","10":"tag-featured-news","11":"tag-featurednews","12":"tag-headlines","13":"tag-hovedoppslag","14":"tag-jay-slater","15":"tag-latest-news","16":"tag-latestnews","17":"tag-main-news","18":"tag-mainnews","19":"tag-news","20":"tag-no","21":"tag-norge","22":"tag-norway","23":"tag-nyheter","24":"tag-overskrifter","25":"tag-some","26":"tag-tenerife","27":"tag-top-stories","28":"tag-topstories","29":"tag-utenriks"},"share_on_mastodon":{"url":"","error":""},"_links":{"self":[{"href":"https:\/\/www.europesays.com\/no\/wp-json\/wp\/v2\/posts\/43139","targetHints":{"allow":["GET"]}}],"collection":[{"href":"https:\/\/www.europesays.com\/no\/wp-json\/wp\/v2\/posts"}],"about":[{"href":"https:\/\/www.europesays.com\/no\/wp-json\/wp\/v2\/types\/post"}],"author":[{"embeddable":true,"href":"https:\/\/www.europesays.com\/no\/wp-json\/wp\/v2\/users\/2"}],"replies":[{"embeddable":true,"href":"https:\/\/www.europesays.com\/no\/wp-json\/wp\/v2\/comments?post=43139"}],"version-history":[{"count":0,"href":"https:\/\/www.europesays.com\/no\/wp-json\/wp\/v2\/posts\/43139\/revisions"}],"wp:featuredmedia":[{"embeddable":true,"href":"https:\/\/www.europesays.com\/no\/wp-json\/wp\/v2\/media\/43140"}],"wp:attachment":[{"href":"https:\/\/www.europesays.com\/no\/wp-json\/wp\/v2\/media?parent=43139"}],"wp:term":[{"taxonomy":"category","embeddable":true,"href":"https:\/\/www.europesays.com\/no\/wp-json\/wp\/v2\/categories?post=43139"},{"taxonomy":"post_tag","embeddable":true,"href":"https:\/\/www.europesays.com\/no\/wp-json\/wp\/v2\/tags?post=43139"}],"curies":[{"name":"wp","href":"https:\/\/api.w.org\/{rel}","templated":true}]}}