{"id":43172,"date":"2025-09-23T16:01:07","date_gmt":"2025-09-23T16:01:07","guid":{"rendered":"https:\/\/www.europesays.com\/no\/43172\/"},"modified":"2025-09-23T16:01:07","modified_gmt":"2025-09-23T16:01:07","slug":"jimmy-kimmel-jimmy-kimmel-live","status":"publish","type":"post","link":"https:\/\/www.europesays.com\/no\/43172\/","title":{"rendered":"Jimmy Kimmel, jimmy kimmel live"},"content":{"rendered":"\n<p>Nexstar kunngjorde i forrige uke at deres ABC-tilknyttede kanaler ville slutte \u00e5 sende \u00abJimmy Kimmel Live!\u00bb.<\/p>\n<p>Beslutningen kom etter at Kimmel uttalte seg om drapet p\u00e5 Charlie Kirk og hvordan det ble framstilt av deler av den amerikanske h\u00f8yresiden. Han gjorde ogs\u00e5 narr av president Donald Trumps reaksjon i etterkant av drapet.<\/p>\n<p><b>Les ogs\u00e5: <a href=\"https:\/\/www.nettavisen.no\/5-95-2633873\" rel=\"nofollow noopener\" target=\"_blank\">Trump taler til FN: \u2013 Alle sier jeg burde f\u00e5 Nobels fredspris<\/a><\/b><\/p>\n<p>Disney, som eier ABC, kunngjorde mandag at Kimmels program vil komme tilbake p\u00e5 lufta. Nexstar holder imidlertid fast ved sin opprinnelige beslutning, i p\u00e5vente av forsikring om at alle parter er \u00abforpliktet til \u00e5 skape et milj\u00f8 med respektfull, konstruktiv dialog i markedene der vi har drift\u00bb.<\/p>\n<p> \u2013 I mellomtiden p\u00e5peker vi at \u00abJimmy Kimmel Live!\u00bb vil v\u00e6re tilgjengelig landet rundt p\u00e5 flere Disney-eide str\u00f8mmetjenester, mens v\u00e5re kanaler fokuserer p\u00e5 \u00e5 fortsatt produsere lokale nyheter og andre programmer som er relevant for deres respektive markeder, skriver <a href=\"https:\/\/www.nexstar.tv\/nexstar-abc-affiliates-to-continue-preempting-jimmy-kimmel-live\/\" rel=\"nofollow noopener\" target=\"_blank\">Nexstar i en pressemelding tirsdag<\/a>. <\/p>\n<p>TV-gruppa Sinclair har tatt samme avgj\u00f8relse, og dermed er Kimmel av lufta p\u00e5 rundt en firedel av ABCs tilknyttede kanaler, skriver AP.<\/p>\n","protected":false},"excerpt":{"rendered":"Nexstar kunngjorde i forrige uke at deres ABC-tilknyttede kanaler ville slutte \u00e5 sende \u00abJimmy Kimmel Live!\u00bb. Beslutningen kom&hellip;\n","protected":false},"author":2,"featured_media":43173,"comment_status":"","ping_status":"","sticky":false,"template":"","format":"standard","meta":{"footnotes":""},"categories":[12],"tags":[20,21,24,25,15,22,23,13,30,28,29,14,16,26,27,42,43,44,45],"class_list":{"0":"post-43172","1":"post","2":"type-post","3":"status-publish","4":"format-standard","5":"has-post-thumbnail","7":"category-verden","8":"tag-breaking-news","9":"tag-breakingnews","10":"tag-featured-news","11":"tag-featurednews","12":"tag-headlines","13":"tag-latest-news","14":"tag-latestnews","15":"tag-news","16":"tag-no","17":"tag-norge","18":"tag-norway","19":"tag-nyheter","20":"tag-overskrifter","21":"tag-top-stories","22":"tag-topstories","23":"tag-verden","24":"tag-world","25":"tag-world-news","26":"tag-worldnews"},"share_on_mastodon":{"url":"","error":""},"_links":{"self":[{"href":"https:\/\/www.europesays.com\/no\/wp-json\/wp\/v2\/posts\/43172","targetHints":{"allow":["GET"]}}],"collection":[{"href":"https:\/\/www.europesays.com\/no\/wp-json\/wp\/v2\/posts"}],"about":[{"href":"https:\/\/www.europesays.com\/no\/wp-json\/wp\/v2\/types\/post"}],"author":[{"embeddable":true,"href":"https:\/\/www.europesays.com\/no\/wp-json\/wp\/v2\/users\/2"}],"replies":[{"embeddable":true,"href":"https:\/\/www.europesays.com\/no\/wp-json\/wp\/v2\/comments?post=43172"}],"version-history":[{"count":0,"href":"https:\/\/www.europesays.com\/no\/wp-json\/wp\/v2\/posts\/43172\/revisions"}],"wp:featuredmedia":[{"embeddable":true,"href":"https:\/\/www.europesays.com\/no\/wp-json\/wp\/v2\/media\/43173"}],"wp:attachment":[{"href":"https:\/\/www.europesays.com\/no\/wp-json\/wp\/v2\/media?parent=43172"}],"wp:term":[{"taxonomy":"category","embeddable":true,"href":"https:\/\/www.europesays.com\/no\/wp-json\/wp\/v2\/categories?post=43172"},{"taxonomy":"post_tag","embeddable":true,"href":"https:\/\/www.europesays.com\/no\/wp-json\/wp\/v2\/tags?post=43172"}],"curies":[{"name":"wp","href":"https:\/\/api.w.org\/{rel}","templated":true}]}}