{"id":43198,"date":"2025-09-23T16:21:23","date_gmt":"2025-09-23T16:21:23","guid":{"rendered":"https:\/\/www.europesays.com\/no\/43198\/"},"modified":"2025-09-23T16:21:23","modified_gmt":"2025-09-23T16:21:23","slug":"volvo-med-stor-oppdatering-de-som-har-ventet-gjorde-noe-lurt","status":"publish","type":"post","link":"https:\/\/www.europesays.com\/no\/43198\/","title":{"rendered":"Volvo med stor oppdatering: De som har ventet, gjorde noe lurt"},"content":{"rendered":"<p>Trodde du at din nye Volvo EX90 var moderne? Da har du muligens bommet, for n\u00e5 kommer den store oppdateringen du kanskje burde ventet p\u00e5, hadde du visst om den. Litt overraskende var det at Volvos st\u00f8rste og dyreste elbil skulle leveres med 400 volt elektrisk system, mens mange av konkurrentene hadde det dobbelte.\u00a0<\/p>\n<p>Det ble kjent tilbake i 2022, da EX90 ble lansert i Stockholm. S\u00e5 ble bilen forsinket, men i \u00e5r har mange norske barnefamilier endelig f\u00e5tt sine biler. S\u00e5 langt er det registrert nesten 1.650 stykker av det svenske familieslagskipet p\u00e5 2,8 tonn.<\/p>\n<p><img decoding=\"async\" class=\"lazyload \" src=\"https:\/\/www.europesays.com\/no\/wp-content\/uploads\/2025\/09\/1758644483_897_pipe\"  data- alt=\"\"\/><\/p>\n<p>SENT, MEN GODT? Volvo EX90 ble lansert i Stockholm tilbake i 2022, men rakk bare s\u00e5 vidt \u00e5 v\u00e6re med i Finansavisens k\u00e5ring av \u00e5rets elbil i fjor. N\u00e5 er det levert n\u00e6rmere 1.650 biler i Norge. <strong>Foto: H\u00e5kon S\u00e6b\u00f8<\/strong><\/p>\n<p class=\"subhead\" data-element-type=\"subhead\" data-element-label=\"Mellomtittel\">Lader mye raskere<\/p>\n<p>Som du sikkert allerede har gjettet, kommer Volvo endelig med 800 volt elektrisk system p\u00e5 EX90. Det gj\u00f8r i praksis at den kan lades raskere.\u00a0<\/p>\n<p>\u2013 EX90 har n\u00e5 v\u00e5rt mest avanserte elektriske system, som leverer raskere lading og h\u00f8yere effektivitet, sier Anders Bell, teknologisjef i Volvo.<\/p>\n<p>Ladeeffekten g\u00e5r n\u00e5 fra 250 kW til 350 kW. Det betyr at nye EX90 som 2026-modell har h\u00f8yere maksimal effekt p\u00e5 hurtiladeren enn nye <a href=\"https:\/\/www.finansavisen.no\/motor\/2025\/09\/08\/8291420\/ny-elbil-fra-mercedes-rett-i-strupen-pa-bmw\" rel=\"nofollow noopener\" target=\"_blank\">Mercedes GLC <\/a> som ble vist p\u00e5 M\u00fcnchen-messen for kort tid siden. Den ligger p\u00e5 330 kW, mens nyheten <a href=\"https:\/\/www.finansavisen.no\/motor\/2025\/09\/05\/8290718\/bmw-ix3-pris-rekkevidde-tilhengervekt-og-hurtiglading\" rel=\"nofollow noopener\" target=\"_blank\">BMW iX3<\/a>, som ogs\u00e5 ble avduket i M\u00fcnchen, sl\u00e5r til med hele 400 kW effekt.<\/p>\n<p>\u00abSammenlignet med et 400 V-system reduserer den nye 800 V-arkitekturen varmeutviklingen under lading, noe som muliggj\u00f8r h\u00f8yere ladehastighet. Ved hjelp av en smart algoritme jobber den sammen med 800 V-systemet for \u00e5 optimalisere ladingen\u00bb, skriver Volvo.\u00a0<\/p>\n<p><b>F\u00f8r tok det i beste fall 30 minutter \u00e5 lade en EX90 fra 10 til 80 prosent. N\u00e5 tar det 22 minutter, opplyser Volvo.<\/b><\/p>\n<p class=\"subhead\" data-element-type=\"subhead\" data-element-label=\"Mellomtittel\">Mager tr\u00f8st<\/p>\n<p>\u00c5 oppgradere en EX90 med 400 volt til 800 volt er ikke mulig, opplyser Volvo. De 1.650 nordmennene som allerede har f\u00e5tt EX90 med \u00abg\u00e5rsdagens teknologi\u00bb, kan muligens finne tr\u00f8st i at Volvo kommer med andre oppdateringer som eksisterende kunder f\u00e5r kostnadsfritt.<\/p>\n<p>Det er da snakk om bilens kjernecomputer som f\u00e5r langt mer datakraft. Volvo gir nye og gamle kunder en ny, dobbel Nvidia Drive AGX Orin-konfigurasjon som gir 500 trillioner operasjoner per sekund (500 TOPS). Denne f\u00e5r alts\u00e5 eiere av 2025-modellen gratis.<\/p>\n<p>\u2013 Den ekstra datakraften gj\u00f8r at vi kan utnytte AI, data og programvare for \u00e5 forbedre b\u00e5de sikkerheten og den totale ytelsen til EX90, sier Bell.<\/p>\n<p>Alle oppdateringene p\u00e5 Volvo EX90 2026-modell<\/p>\n<ul>\n<li>800 volt elektrisk system med raskere lading<\/li>\n<li>Oppkoblet sikkerhetsvarsling for glatte veier, farer i veibanen og ulykker p\u00e5 veien foran, samt integrasjon av automatisk e-call-funksjonalitet med Emergency Stop Assist (ESA).<\/li>\n<li>Utvidede muligheter for automatisk unnaman\u00f8ver i m\u00f8rke, samt parkeringsassistanse for lukeparkering (for biler med Pilot Assist-pakken).<\/li>\n<li>Oppgraderingen til en kjernecomputer med dobbel NVIDIA DRIVE AGX Orin-konfigurasjon har EX90 n\u00e5 500 TOPS (trillioner operasjoner per sekund) med datakraft.<\/li>\n<li>Elektrokromatisk panoramatak, f\u00f8rst introdusert p\u00e5 den nylig lanserte Volvo ES90. Dette gj\u00f8r det mulig \u00e5 redusere lys og innsyn via menyen i senterdisplayet.<\/li>\n<\/ul>\n<p>Kilde: Volvo<\/p>\n<p class=\"subhead\" data-element-type=\"subhead\" data-element-label=\"Mellomtittel\">Blir dyrere<\/p>\n<p>Som innstegsvariant \u00abPlus\u00bb koster Volvo EX90 fra\u00a0904.500 kroner. Den mer velutstyrte \u00abUltra\u00bb kostet fra 1.005.500 kroner, men n\u00e5 \u00f8ker prisen.<\/p>\n<p><b>\u2013 \u00abPlus\u00bb har samme pris som f\u00f8r, men \u00abUltra\u00bb \u00f8ker med kr. 21.000 kroner ettersom den f\u00e5r et h\u00f8yere utstyrsniv\u00e5, forteller\u00a0Henrik Juel Teige hos Volvo i Norge.\u00a0<\/b><\/p>\n<p>Det nye utstyret som inkluderes i \u00abUltra\u00bb er et s\u00e5kalt elektrokromisk panoramatak (se mer i faktaboks) og ventilert seter.<\/p>\n<p>Juel Teige opplyser at den nye EX90 med 800 volt og de andre oppdateringene kan leveres fra v\u00e5ren neste \u00e5r.<\/p>\n","protected":false},"excerpt":{"rendered":"Trodde du at din nye Volvo EX90 var moderne? Da har du muligens bommet, for n\u00e5 kommer den&hellip;\n","protected":false},"author":2,"featured_media":43199,"comment_status":"","ping_status":"","sticky":false,"template":"","format":"standard","meta":{"footnotes":""},"categories":[56],"tags":[60,61,62,30,28,29,271],"class_list":{"0":"post-43198","1":"post","2":"type-post","3":"status-publish","4":"format-standard","5":"has-post-thumbnail","7":"category-naeringsliv","8":"tag-business","9":"tag-economy","10":"tag-naeringsliv","11":"tag-no","12":"tag-norge","13":"tag-norway","14":"tag-volvo"},"share_on_mastodon":{"url":"","error":""},"_links":{"self":[{"href":"https:\/\/www.europesays.com\/no\/wp-json\/wp\/v2\/posts\/43198","targetHints":{"allow":["GET"]}}],"collection":[{"href":"https:\/\/www.europesays.com\/no\/wp-json\/wp\/v2\/posts"}],"about":[{"href":"https:\/\/www.europesays.com\/no\/wp-json\/wp\/v2\/types\/post"}],"author":[{"embeddable":true,"href":"https:\/\/www.europesays.com\/no\/wp-json\/wp\/v2\/users\/2"}],"replies":[{"embeddable":true,"href":"https:\/\/www.europesays.com\/no\/wp-json\/wp\/v2\/comments?post=43198"}],"version-history":[{"count":0,"href":"https:\/\/www.europesays.com\/no\/wp-json\/wp\/v2\/posts\/43198\/revisions"}],"wp:featuredmedia":[{"embeddable":true,"href":"https:\/\/www.europesays.com\/no\/wp-json\/wp\/v2\/media\/43199"}],"wp:attachment":[{"href":"https:\/\/www.europesays.com\/no\/wp-json\/wp\/v2\/media?parent=43198"}],"wp:term":[{"taxonomy":"category","embeddable":true,"href":"https:\/\/www.europesays.com\/no\/wp-json\/wp\/v2\/categories?post=43198"},{"taxonomy":"post_tag","embeddable":true,"href":"https:\/\/www.europesays.com\/no\/wp-json\/wp\/v2\/tags?post=43198"}],"curies":[{"name":"wp","href":"https:\/\/api.w.org\/{rel}","templated":true}]}}