{"id":43200,"date":"2025-09-23T16:22:12","date_gmt":"2025-09-23T16:22:12","guid":{"rendered":"https:\/\/www.europesays.com\/no\/43200\/"},"modified":"2025-09-23T16:22:12","modified_gmt":"2025-09-23T16:22:12","slug":"arets-forste-hummer-ble-solgt-for-over-50-000-kroner-i-goteborg","status":"publish","type":"post","link":"https:\/\/www.europesays.com\/no\/43200\/","title":{"rendered":"\u00c5rets f\u00f8rste hummer ble solgt for over 50.000 kroner i G\u00f6teborg"},"content":{"rendered":"<p> Til sammen veide de to hummerne 1,2 kilo, og fiskehandleren Tove Manning m\u00e5tte dermed ut med en pen sum for \u00e5 kj\u00f8pe en hunn og en hann, skriver <a href=\"https:\/\/www.gp.se\/nyheter\/goteborg\/hummerpremiar-pa-goteborgs-fiskauktion-sa-hogt-blev-priset-2025.82230c21-ad85-4f8e-b02e-1c43326d3a8e\" rel=\"noopener nofollow\" target=\"_blank\">G\u00f6teborgs-Posten<\/a>.<\/p>\n<p>Manning fikk by p\u00e5 \u00e5rets f\u00f8rste hummer klokka 7 mandag morgen gjennom en loddtrekning som foretas blant fiskehandlerne hvert \u00e5r p\u00e5 G\u00f6teborgs fiskeauksjon. De to skalldyrene ble fisket i Skagerrak og skal n\u00e5 fraktes av Manning til det legendariske fiskemarkedet Feskek\u00f6rka der de skal kokes og serveres til heldige gjester. Men da ikke for 51.000 kroner.<\/p>\n<p>\u2013 Nei, det kan vi jo ikke. Det finnes ingen som vil betale det, sier hun.<\/p>\n<p>51.000 kroner er samme pris som i 2024. Toppnoteringen for den s\u00e5kalte premierehummeren stammer fra 2012. Da var kiloprisen hele 102.000 kroner.<\/p>\n","protected":false},"excerpt":{"rendered":"Til sammen veide de to hummerne 1,2 kilo, og fiskehandleren Tove Manning m\u00e5tte dermed ut med en pen&hellip;\n","protected":false},"author":2,"featured_media":43201,"comment_status":"","ping_status":"","sticky":false,"template":"","format":"standard","meta":{"footnotes":""},"categories":[12],"tags":[20,21,24,25,15,22,23,13,30,28,29,14,16,26,27,42,43,44,45],"class_list":{"0":"post-43200","1":"post","2":"type-post","3":"status-publish","4":"format-standard","5":"has-post-thumbnail","7":"category-verden","8":"tag-breaking-news","9":"tag-breakingnews","10":"tag-featured-news","11":"tag-featurednews","12":"tag-headlines","13":"tag-latest-news","14":"tag-latestnews","15":"tag-news","16":"tag-no","17":"tag-norge","18":"tag-norway","19":"tag-nyheter","20":"tag-overskrifter","21":"tag-top-stories","22":"tag-topstories","23":"tag-verden","24":"tag-world","25":"tag-world-news","26":"tag-worldnews"},"share_on_mastodon":{"url":"","error":""},"_links":{"self":[{"href":"https:\/\/www.europesays.com\/no\/wp-json\/wp\/v2\/posts\/43200","targetHints":{"allow":["GET"]}}],"collection":[{"href":"https:\/\/www.europesays.com\/no\/wp-json\/wp\/v2\/posts"}],"about":[{"href":"https:\/\/www.europesays.com\/no\/wp-json\/wp\/v2\/types\/post"}],"author":[{"embeddable":true,"href":"https:\/\/www.europesays.com\/no\/wp-json\/wp\/v2\/users\/2"}],"replies":[{"embeddable":true,"href":"https:\/\/www.europesays.com\/no\/wp-json\/wp\/v2\/comments?post=43200"}],"version-history":[{"count":0,"href":"https:\/\/www.europesays.com\/no\/wp-json\/wp\/v2\/posts\/43200\/revisions"}],"wp:featuredmedia":[{"embeddable":true,"href":"https:\/\/www.europesays.com\/no\/wp-json\/wp\/v2\/media\/43201"}],"wp:attachment":[{"href":"https:\/\/www.europesays.com\/no\/wp-json\/wp\/v2\/media?parent=43200"}],"wp:term":[{"taxonomy":"category","embeddable":true,"href":"https:\/\/www.europesays.com\/no\/wp-json\/wp\/v2\/categories?post=43200"},{"taxonomy":"post_tag","embeddable":true,"href":"https:\/\/www.europesays.com\/no\/wp-json\/wp\/v2\/tags?post=43200"}],"curies":[{"name":"wp","href":"https:\/\/api.w.org\/{rel}","templated":true}]}}