{"id":43212,"date":"2025-09-23T16:32:22","date_gmt":"2025-09-23T16:32:22","guid":{"rendered":"https:\/\/www.europesays.com\/no\/43212\/"},"modified":"2025-09-23T16:32:22","modified_gmt":"2025-09-23T16:32:22","slug":"sport-friidrett-trente-til-halvmaraton-endte-hos-legen-etter-hundebitt","status":"publish","type":"post","link":"https:\/\/www.europesays.com\/no\/43212\/","title":{"rendered":"Sport, Friidrett | Trente til halvmaraton \u2013 endte hos legen etter hundebitt"},"content":{"rendered":"\n<p>\u2013 Det er fryktelig surt, sier Svela til <a href=\"https:\/\/www.nrk.no\/sport\/friidrett_-per-svela-biten-av-hund-pa-lopetur-_-matte-trekke-seg-fra-det-store-malet-i-haust-1.17572643\" rel=\"Follow nofollow noopener\" target=\"_blank\">NRK<\/a>.<\/p>\n<p>33-\u00e5ringen kjente endelig at kroppen var i rute, og han hadde satt seg m\u00e5l om \u00e5 l\u00f8pe K\u00f8benhavn halvmaraton i september. Men under en oppvarmings\u00f8kt ble han bitt i kneet av en hund.<\/p>\n<p>\u2013 Jeg m\u00e5tte sy fire sting, ta stivkrampe, g\u00e5 p\u00e5 penicillin og halte rundt i en uke. Dermed r\u00f8k hele oppkj\u00f8ringen, forklarer Svela.<\/p>\n<p>Han hadde h\u00e5pet \u00e5 v\u00e6re tilbake i trening etter noen dager, men m\u00e5tte erkjenne at l\u00f8pet gikk fra ham.<\/p>\n<p>\u2013 Det var s\u00e5 stivt og \u00f8mt, og ble betent, s\u00e5 jeg halte rundt. Det var frustrerende, sier han.<\/p>\n<p>Politiet bekrefter at de har mottatt en melding om hundebittet, men vil ikke kommentere saken n\u00e6rmere.<\/p>\n<p>Svela forteller at han n\u00e5 har begynt \u00e5 jogge igjen. <\/p>\n<p>\u2013 S\u00e5ret s\u00e5 stygt ut, men det er bedre med salve og behandling. Det blir nok et arr, men det kan jeg leve med, sier han.<\/p>\n<p>Treningskameraten Narve Gilje Nord\u00e5s synes synd p\u00e5 bjerkreimsbuen: \u2013 Ja, stakkars kar. K\u00f8benhavn halvmaraton gikk jo i dass, for det gikk helt ned til beinet. Han var i god form igjen, s\u00e5 det er kjipt, sier Nord\u00e5s til NRK.<\/p>\n<p>Svela er n\u00e5 i tenkeboksen om hva som blir neste m\u00e5l. <\/p>\n<p>\u2013 Jeg f\u00e5r legge nye planer. Tankene var \u00e5 avslutte n\u00e5, men jeg f\u00e5r justere det, sier han.<\/p>\n","protected":false},"excerpt":{"rendered":"\u2013 Det er fryktelig surt, sier Svela til NRK. 33-\u00e5ringen kjente endelig at kroppen var i rute, og&hellip;\n","protected":false},"author":2,"featured_media":43213,"comment_status":"","ping_status":"","sticky":false,"template":"","format":"standard","meta":{"footnotes":""},"categories":[59],"tags":[36,931,4781,423,30,28,29,2439,83,82,1510],"class_list":{"0":"post-43212","1":"post","2":"type-post","3":"status-publish","4":"format-standard","5":"has-post-thumbnail","7":"category-sport","8":"tag-art","9":"tag-bjerkreim","10":"tag-dt","11":"tag-friidrett","12":"tag-no","13":"tag-norge","14":"tag-norway","15":"tag-per-svela","16":"tag-sport","17":"tag-sports","18":"tag-story"},"share_on_mastodon":{"url":"","error":""},"_links":{"self":[{"href":"https:\/\/www.europesays.com\/no\/wp-json\/wp\/v2\/posts\/43212","targetHints":{"allow":["GET"]}}],"collection":[{"href":"https:\/\/www.europesays.com\/no\/wp-json\/wp\/v2\/posts"}],"about":[{"href":"https:\/\/www.europesays.com\/no\/wp-json\/wp\/v2\/types\/post"}],"author":[{"embeddable":true,"href":"https:\/\/www.europesays.com\/no\/wp-json\/wp\/v2\/users\/2"}],"replies":[{"embeddable":true,"href":"https:\/\/www.europesays.com\/no\/wp-json\/wp\/v2\/comments?post=43212"}],"version-history":[{"count":0,"href":"https:\/\/www.europesays.com\/no\/wp-json\/wp\/v2\/posts\/43212\/revisions"}],"wp:featuredmedia":[{"embeddable":true,"href":"https:\/\/www.europesays.com\/no\/wp-json\/wp\/v2\/media\/43213"}],"wp:attachment":[{"href":"https:\/\/www.europesays.com\/no\/wp-json\/wp\/v2\/media?parent=43212"}],"wp:term":[{"taxonomy":"category","embeddable":true,"href":"https:\/\/www.europesays.com\/no\/wp-json\/wp\/v2\/categories?post=43212"},{"taxonomy":"post_tag","embeddable":true,"href":"https:\/\/www.europesays.com\/no\/wp-json\/wp\/v2\/tags?post=43212"}],"curies":[{"name":"wp","href":"https:\/\/api.w.org\/{rel}","templated":true}]}}