{"id":43214,"date":"2025-09-23T16:33:15","date_gmt":"2025-09-23T16:33:15","guid":{"rendered":"https:\/\/www.europesays.com\/no\/43214\/"},"modified":"2025-09-23T16:33:15","modified_gmt":"2025-09-23T16:33:15","slug":"gottj-med-country-i-granheim","status":"publish","type":"post","link":"https:\/\/www.europesays.com\/no\/43214\/","title":{"rendered":"&#8216;G\u00f8ttj&#8217; med country i Granheim"},"content":{"rendered":"<p class=\"kicker \" style=\"\">&laquo;Kor G\u00f8ttj&raquo;<\/p>\n<p>\n        &laquo;Kor G\u00f8ttj&raquo; trakk fulle hus p\u00e5 sangkveld i Granheim.<br \/>\n        Foto: B\u00e5rd Inge Romundstad\n    <\/p>\n<p>    Det var ikke en ledig stol \u00e5 oppdrive i Granheim grendahus mandag kveld, da &laquo;Kor G\u00f8ttj&raquo; inviterte til sangkveld med countrypreg.<\/p>\n<p>I det sure h\u00f8stv\u00e6ret, med fem grader og regn, var det en absolutt lunere atmosf\u00e6re inne p\u00e5 Granheim da &laquo;Kor G\u00f8ttj&raquo;, for anledningen i countryinspirerte antrekk, inviterte et fullsatt grendahus til sangkveld.\u00a0<\/p>\n<p>Moderne country og kjente klassikere<\/p>\n<p>Sangkvelden \u00e5pnet med Garth Brooks sin &laquo;Friends in low places&raquo; med Stig Ove Dahlen som st\u00f8dig solist. Vi fikk ogs\u00e5 h\u00f8re noe mer moderne country, med Mayla Nordlund som solist p\u00e5 Laynei Wilsons &laquo;Watermelon Moonshine&raquo;.<\/p>\n<p>Siste sang f\u00f8r pausen fikk &laquo;rockefoten&raquo; til \u00e5 g\u00e5, da Jostein Helgetun var klokkeklar solist p\u00e5 Johnny Cash sin legendariske &laquo;Walk the Line&raquo;<\/p>\n<p>                <img decoding=\"async\" src=\"https:\/\/www.europesays.com\/no\/wp-content\/uploads\/2025\/09\/357740.webp\" width=\"480\" height=\"274\" title=\"Jostein Helgetun som solist p\u00e5 Johnny Cashs 'Walk the line'\" alt=\"\" loading=\"lazy\" style=\"\"\/><\/p>\n<p>\n            Jostein Helgetun som solist p\u00e5 Johnny Cashs &laquo;Walk the line&raquo;<br \/>\n            Foto: B\u00e5rd Inge Romundstad\n        <\/p>\n<p>Fengende allsang og &laquo;basars\u00f8g&raquo;<\/p>\n<p>Det er vel ingen sangkveld uten allsang. Den fullsatte salen fikk pr\u00f8ve seg p\u00e5 norske sanger. Blant annet Halvdan Sivertsens &laquo;Kj\u00e6rlighetsvisa, Vamps &laquo;Liten Fuggel&raquo; og andre kjente norske klassikere, med kyndig tonest\u00f8tte av deler av &laquo;Kor G\u00f8ttj&raquo; og Dagrun L\u00f8set p\u00e5 tangenter.\u00a0<\/p>\n<p>                <img decoding=\"async\" src=\"https:\/\/www.europesays.com\/no\/wp-content\/uploads\/2025\/09\/357736.webp\" width=\"480\" height=\"336\" title=\"Dirigent Dagrun L\u00f8set akkompagnerte til allsangen\" alt=\"Dame i lysebl\u00e5 dongerikjole ved piano\" loading=\"lazy\" style=\"\"\/><\/p>\n<p>\n            Dirigent Dagrun L\u00f8set akkompagnerte til allsangen<br \/>\n            Foto. B\u00e5rd Inge Romundstad\n        <\/p>\n<p>Etter matservering var det loddsalg og trekning, med god gammeldags &laquo;basars\u00f8g&raquo;. Under trekningen av gevinstene fra loddsalget kunne en imidlertid h\u00f8re den ber\u00f8mte knappen\u00e5la falle p\u00e5 gulvet&#8230;.<\/p>\n<p>Mer Cash<\/p>\n<p>Andre avdeling fortsatte med flere velklingende klassikere. Blant andre &laquo;Forever Country&raquo;, et potpurri best\u00e5ende av &laquo;Country Road&raquo;, &laquo;On the road again&raquo; og &laquo;I will always love you&raquo;. Vi fikk ogs\u00e5 h\u00f8re Josten Helgetun og Bettina R\u00f8en Helgetun fremf\u00f8re duetten &laquo;Jackson&raquo;, som Johhny Cash og June Carter Cash, f\u00f8r Maila Nordlund avrundet det hele med en flott fremf\u00f8ring Dolly Partons &laquo;9 to 5&raquo;.\u00a0<\/p>\n<p>                <img decoding=\"async\" src=\"https:\/\/www.europesays.com\/no\/wp-content\/uploads\/2025\/09\/357748.webp\" width=\"480\" height=\"293\" title=\"Bettina R\u00f8en Helgetun og Jostein Helgetun som June Carter og Johnny Cash med 'Jackson'\" alt=\"\" loading=\"lazy\" style=\"filter: saturate(1.3);\"\/><\/p>\n<p>\n            Bettina R\u00f8en Helgetun og Jostein Helgetun som June Carter og Johnny Cash med &laquo;Jackson&raquo;<br \/>\n            Foto: B\u00e5rd Inge Romundstad\n        <\/p>\n<p>                <img decoding=\"async\" src=\"https:\/\/www.europesays.com\/no\/wp-content\/uploads\/2025\/09\/357726.webp\" width=\"480\" height=\"274\" title=\"Mayla Nordlund var solist b\u00e5de p\u00e5 'Watermelon Moonshine' og '9 to 5'\" alt=\"\" loading=\"lazy\" style=\"filter: saturate(1.4);\"\/><\/p>\n<p>\n            Mayla Nordlund var solist b\u00e5de p\u00e5 &laquo;Watermelon Moonshine&raquo; og &laquo;9 to 5&raquo;<br \/>\n            Foto: B\u00e5rd Inge Romundstad\n        <\/p>\n<p>Til tross for at koret ikke var forberedt p\u00e5 noe ekstranummer, var applausen etter siste sangnummer en klar indikasjon p\u00e5 at publikum \u00f8nsket mer, og det aller siste nummeret ble Ola Bremnes sin &laquo;Har du fyr&raquo;, i allsang sammen med publikum.\u00a0<\/p>\n<p>Vi takker &laquo;Kor G\u00f8ttj&raquo; for en varmende og velklingende sangkveld i det sure h\u00f8stv\u00e6ret.<\/p>\n","protected":false},"excerpt":{"rendered":"&laquo;Kor G\u00f8ttj&raquo; &laquo;Kor G\u00f8ttj&raquo; trakk fulle hus p\u00e5 sangkveld i Granheim. Foto: B\u00e5rd Inge Romundstad Det var ikke&hellip;\n","protected":false},"author":2,"featured_media":43215,"comment_status":"","ping_status":"","sticky":false,"template":"","format":"standard","meta":{"footnotes":""},"categories":[58],"tags":[71,30,28,29,72],"class_list":{"0":"post-43214","1":"post","2":"type-post","3":"status-publish","4":"format-standard","5":"has-post-thumbnail","7":"category-underholdning","8":"tag-entertainment","9":"tag-no","10":"tag-norge","11":"tag-norway","12":"tag-underholdning"},"share_on_mastodon":{"url":"","error":""},"_links":{"self":[{"href":"https:\/\/www.europesays.com\/no\/wp-json\/wp\/v2\/posts\/43214","targetHints":{"allow":["GET"]}}],"collection":[{"href":"https:\/\/www.europesays.com\/no\/wp-json\/wp\/v2\/posts"}],"about":[{"href":"https:\/\/www.europesays.com\/no\/wp-json\/wp\/v2\/types\/post"}],"author":[{"embeddable":true,"href":"https:\/\/www.europesays.com\/no\/wp-json\/wp\/v2\/users\/2"}],"replies":[{"embeddable":true,"href":"https:\/\/www.europesays.com\/no\/wp-json\/wp\/v2\/comments?post=43214"}],"version-history":[{"count":0,"href":"https:\/\/www.europesays.com\/no\/wp-json\/wp\/v2\/posts\/43214\/revisions"}],"wp:featuredmedia":[{"embeddable":true,"href":"https:\/\/www.europesays.com\/no\/wp-json\/wp\/v2\/media\/43215"}],"wp:attachment":[{"href":"https:\/\/www.europesays.com\/no\/wp-json\/wp\/v2\/media?parent=43214"}],"wp:term":[{"taxonomy":"category","embeddable":true,"href":"https:\/\/www.europesays.com\/no\/wp-json\/wp\/v2\/categories?post=43214"},{"taxonomy":"post_tag","embeddable":true,"href":"https:\/\/www.europesays.com\/no\/wp-json\/wp\/v2\/tags?post=43214"}],"curies":[{"name":"wp","href":"https:\/\/api.w.org\/{rel}","templated":true}]}}