{"id":43218,"date":"2025-09-23T16:36:13","date_gmt":"2025-09-23T16:36:13","guid":{"rendered":"https:\/\/www.europesays.com\/no\/43218\/"},"modified":"2025-09-23T16:36:13","modified_gmt":"2025-09-23T16:36:13","slug":"donald-trump-fn-reagerer-pa-donald-trumps-tale","status":"publish","type":"post","link":"https:\/\/www.europesays.com\/no\/43218\/","title":{"rendered":"Donald Trump, FN | Reagerer p\u00e5 Donald Trumps tale:"},"content":{"rendered":"\n<p>\u2013 Dette var usedvanlig rablete, til og med til Trump \u00e5 v\u00e6re, sier USA-ekspert Eirik L\u00f8kken til Nettavisen.<\/p>\n<p>Svaret kommer etter sp\u00f8rsm\u00e5l om hvor han vil starte etter Donald Trumps tale foran FNs forsamling i New York tirsdag ettermiddag norsk tid.<\/p>\n<p>Trump startet talen med uforbeholden skryt av hans f\u00f8rste \u00e5tte m\u00e5neder som president og hvor bra USA har blitt under hans ledelse. If\u00f8lge presidenten er USA inne i en \u00abgylden alder\u00bb.<\/p>\n<p>Han sa blant annet at han har avsluttet sju kriger.<\/p>\n<p>\u2013 Det er dumt at jeg m\u00e5tte gj\u00f8re dette, og det ikke var FN som gjorde det. Det er trist at de ikke engang pr\u00f8vde \u00e5 hjelpe. Jeg fikk slutt p\u00e5 sju kriger, og mottok ikke engang en telefon fra FN, sa han og etterlyste en takk for jobben han har gjort.<\/p>\n<p>\u2013 Det er ikke bra at det var meg som m\u00e5tte gj\u00f8re dette, i stedet for De forente nasjoner, la han til.<\/p>\n<p>    Vil du se neste video?<\/p>\n<p>    <a href=\"https:\/\/www.nettavisen.no\/kjendis\/durek-verrett-far-gjennomga-av-kronprins-haakon-i-familiechat-hva-i-h-e-er-dette\/v\/5-95-2626347\" class=\"recommend-poster\" data-adp-clicklabel=\"video-recommend\" data-adp-clickvalue=\"poster\" rel=\"nofollow noopener\" target=\"_blank\"><br \/>\n      <img decoding=\"async\" width=\"200\" height=\"200\" loading=\"lazy\" src=\"https:\/\/www.europesays.com\/no\/wp-content\/uploads\/2025\/09\/Dureks+mobil+NRK.00_00_14_06.Still002+copy.jpg\" alt=\"\" class=\"brick-c-cFOWSL\" style=\"--brick-image-ratio: 200 \/ 200;\"\/><\/p>\n<p>F\u00e5r gjennomg\u00e5 i \u00abfamiliechat\u00bb: \u2013 Hva i h****e er dette?1:47<\/p>\n<p>    <\/a><\/p>\n<p>Ser en forandring hos Trump<\/p>\n<p>Sofie H\u00f8gestol er f\u00f8rsteamanuensis i rettsvitenskap ved Universitetet i Oslo, og har blitt et kjent ansikt i NRKs valgsendinger i forbindelse med presidentvalgene i USA. Hun mener det er en veldig selvsikker Trump som holder en \u00abklassisk Trump-tale\u00bb.<\/p>\n<p>\u2013 Mye av talen er for hjemmepublikummet, og ikke for det internasjonale publikummet. Han prater mye om Biden, at det er hans fortjeneste at prisene g\u00e5r ned og at alt er fantastisk, sier hun til Nettavisen.<\/p>\n<p>\u2013 Han g\u00e5r ogs\u00e5 p\u00e5 frontalangrep p\u00e5 Europa. Trump-administrasjonen har gjort det tydelig hvordan de ser p\u00e5 Europa. At det er et kontinent i krise, som har gjort store feilvurderinger. Mye av det han sier er faktamessig tvilsomt.<\/p>\n<p>\u2013 Han sier han ikke vil samarbeide med folk han ikke liker. Hva tenker du om at den amerikanske presidenten sier noe s\u00e5nn? <\/p>\n<p>\u2013 Dersom man s\u00e5 talen under Charlie Kirk-minnestunden, er det ikke s\u00e5 overraskende. Der sa han egentlig at han hatet sine meningsmotstandere. Trump er 100 prosent seg selv.<\/p>\n<p>Hun synes det et interessant \u00e5 sammenligne talen tirsdagens tale med talen han holdt tilbake i 2018. Hun mener det er en mer selvsikker Trump som st\u00e5r p\u00e5 talerstolen i 2025.<\/p>\n<p>\u2013 Da var han en hakket mer ydmyk mann.<\/p>\n<p>   <img decoding=\"async\" width=\"5472\" height=\"3648\" fetchpriority=\"low\"  loading=\"lazy\"  src=\"https:\/\/www.europesays.com\/no\/wp-content\/uploads\/2025\/09\/NTB_lh2lxJoT3uA.jpg\" alt=\"Gardermoen 20200926. &#10;Sofie H\u00f8gest\u00f8l under landsm\u00f8tet  til Venstre p\u00e5 Gardermoen\/POOL&#10;Foto: Geir Olsen \/ NTB\" class=\"brick-c-cFOWSL\" style=\"--brick-image-ratio: 5472 \/ 3648;\"\/><\/p>\n<p>    SER FORSKJELL: Sofie H\u00f8gest\u00f8l mener det var en mer ydmyk Trump for sju \u00e5r siden.<br \/>\n    Foto: Geir Olsen (NTB)\n  <\/p>\n<p>  \u2013 Som den narsissisten han er<\/p>\n<p>Eirik L\u00f8kke er ikke overrasket over at Trump pratet p\u00e5 den m\u00e5ten.<\/p>\n<p>\u2013 Det er slik vi kjenner han. Det er jo nesten et reality-show.<\/p>\n<p>Donald Trump holdt det g\u00e5ende p\u00e5 talerstolen i en dr\u00f8y time.<\/p>\n<p>\u2013 Jeg tror det er 15 til 20 minutter de f\u00e5r p\u00e5 seg p\u00e5 talerstolen. Men som den narsissisten han er, skal han selvf\u00f8lgelig holde p\u00e5 lengst av alle.<\/p>\n<p>    Vil du se neste video?<\/p>\n<p>    <a href=\"https:\/\/www.nettavisen.no\/kjendis\/durek-verrett-far-gjennomga-av-kronprins-haakon-i-familiechat-hva-i-h-e-er-dette\/v\/5-95-2626347\" class=\"recommend-poster\" data-adp-clicklabel=\"video-recommend\" data-adp-clickvalue=\"poster\" rel=\"nofollow noopener\" target=\"_blank\"><br \/>\n      <img decoding=\"async\" width=\"200\" height=\"200\" loading=\"lazy\" src=\"https:\/\/www.europesays.com\/no\/wp-content\/uploads\/2025\/09\/Dureks+mobil+NRK.00_00_14_06.Still002+copy.jpg\" alt=\"\" class=\"brick-c-cFOWSL\" style=\"--brick-image-ratio: 200 \/ 200;\"\/><\/p>\n<p>F\u00e5r gjennomg\u00e5 i \u00abfamiliechat\u00bb: \u2013 Hva i h****e er dette?1:47<\/p>\n<p>    <\/a><\/p>\n<p>Han reagerer p\u00e5 at Trump sa fra scenen at han ikke vil samarbeide med folk han ikke liker.<\/p>\n<p>\u2013 Det er jo helt vilt. Diplomati handler om \u00e5 samarbeide med folk man ikke liker eller er enig med, sier L\u00f8kke.<\/p>\n<p>   <img decoding=\"async\" width=\"5184\" height=\"3456\" fetchpriority=\"low\"  loading=\"lazy\"  src=\"https:\/\/www.europesays.com\/no\/wp-content\/uploads\/2025\/09\/Eirik+L%C3%B8kke+1.JPG\" alt=\"\" class=\"brick-c-cFOWSL\" style=\"--brick-image-ratio: 5184 \/ 3456;\"\/><\/p>\n<p>    USA-EKSPERT: Eirik L\u00f8kke i tankesmien Civita<br \/>\n    Foto: Helle Lyng Svendsen (Nettavisen)\n  <\/p>\n<p>Fra talerstolen etterlyste Trump at FN burde takke han for jobben han har gjort. Han sa at den eneste takken han hadde f\u00e5tt var en \u00f8delagt teleprompter og en rulletrapp som stoppet halvveis.<\/p>\n<p>\u2013 Om f\u00f8rstedamen ikke hadde v\u00e6rt i god form, hadde hun falt. Men hun er i god form. Det er vi begge to, sa han, til latter for salen.<\/p>\n<p>\u2013 Selv om man diskuterer alvorlige ting, er han jo en morsom karakter, anerkjenner L\u00f8kke.<\/p>\n<p>\u2013 Sa noe jeg ikke har h\u00f8rt han si f\u00f8r<\/p>\n<p>H\u00f8gest\u00f8l mener en av Trumps kjennetegn er \u00e5 ta konkurrenter p\u00e5 deres \u00f8mme punkter.<\/p>\n<p>\u2013 FN har ikke maktet \u00e5 ta tak i verdenskonflikter p\u00e5 lang tid. En av grunnene til det er at sikkerhetsr\u00e5det, som USA sitter i, av og til legger ned veto.<\/p>\n<p>\u2013 Tror du Donald Trump vinner fredsprisen?<\/p>\n<p>\u2013 Det er opp til Nobelkomiteen, men i hans hode har han gjort seg fortjent til det. I dag sa han noe jeg ikke har h\u00f8rt han si f\u00f8r nemlig at det handler om \u00e5 redde menneskeliv og ikke \u00e5 vinne fredspris.<\/p>\n<p>\u2013 Men jeg vet ikke om det hjelper saken hans at Netanyahu har nominert han til fredsprisen.<\/p>\n","protected":false},"excerpt":{"rendered":"\u2013 Dette var usedvanlig rablete, til og med til Trump \u00e5 v\u00e6re, sier USA-ekspert Eirik L\u00f8kken til Nettavisen.&hellip;\n","protected":false},"author":2,"featured_media":43219,"comment_status":"","ping_status":"","sticky":false,"template":"","format":"standard","meta":{"footnotes":""},"categories":[12],"tags":[20,21,24,25,15,22,23,13,30,28,29,14,16,26,27,42,43,44,45],"class_list":{"0":"post-43218","1":"post","2":"type-post","3":"status-publish","4":"format-standard","5":"has-post-thumbnail","7":"category-verden","8":"tag-breaking-news","9":"tag-breakingnews","10":"tag-featured-news","11":"tag-featurednews","12":"tag-headlines","13":"tag-latest-news","14":"tag-latestnews","15":"tag-news","16":"tag-no","17":"tag-norge","18":"tag-norway","19":"tag-nyheter","20":"tag-overskrifter","21":"tag-top-stories","22":"tag-topstories","23":"tag-verden","24":"tag-world","25":"tag-world-news","26":"tag-worldnews"},"share_on_mastodon":{"url":"","error":""},"_links":{"self":[{"href":"https:\/\/www.europesays.com\/no\/wp-json\/wp\/v2\/posts\/43218","targetHints":{"allow":["GET"]}}],"collection":[{"href":"https:\/\/www.europesays.com\/no\/wp-json\/wp\/v2\/posts"}],"about":[{"href":"https:\/\/www.europesays.com\/no\/wp-json\/wp\/v2\/types\/post"}],"author":[{"embeddable":true,"href":"https:\/\/www.europesays.com\/no\/wp-json\/wp\/v2\/users\/2"}],"replies":[{"embeddable":true,"href":"https:\/\/www.europesays.com\/no\/wp-json\/wp\/v2\/comments?post=43218"}],"version-history":[{"count":0,"href":"https:\/\/www.europesays.com\/no\/wp-json\/wp\/v2\/posts\/43218\/revisions"}],"wp:featuredmedia":[{"embeddable":true,"href":"https:\/\/www.europesays.com\/no\/wp-json\/wp\/v2\/media\/43219"}],"wp:attachment":[{"href":"https:\/\/www.europesays.com\/no\/wp-json\/wp\/v2\/media?parent=43218"}],"wp:term":[{"taxonomy":"category","embeddable":true,"href":"https:\/\/www.europesays.com\/no\/wp-json\/wp\/v2\/categories?post=43218"},{"taxonomy":"post_tag","embeddable":true,"href":"https:\/\/www.europesays.com\/no\/wp-json\/wp\/v2\/tags?post=43218"}],"curies":[{"name":"wp","href":"https:\/\/api.w.org\/{rel}","templated":true}]}}