{"id":43225,"date":"2025-09-23T16:44:08","date_gmt":"2025-09-23T16:44:08","guid":{"rendered":"https:\/\/www.europesays.com\/no\/43225\/"},"modified":"2025-09-23T16:44:08","modified_gmt":"2025-09-23T16:44:08","slug":"pfu-felte-nrk-og-avisa-nordland-pa-tre-punkter","status":"publish","type":"post","link":"https:\/\/www.europesays.com\/no\/43225\/","title":{"rendered":"PFU felte NRK og Avisa Nordland p\u00e5 tre punkter"},"content":{"rendered":"\n<p class=\"_lead_ew2ao_2 _lead_xtcu6_50 layout-component text-serif-m layout-normal text-serif-l layout-component layout-wide layout-padded _wide_17hqh_1 layout-padded\">P\u00e5r\u00f8rende til avd\u00f8de Mikkel Eskil Mikkelsen klaget inn fire medier til Pressens Faglige Utvalg. Tre av dem ble felt for brudd p\u00e5 god presseskikk. <\/p>\n<p><img alt=\"Eivind Lj\u00f8stad i Pressens Faglige Utvalg, PFU.  Foto: Cornelius Poppe \/ NTB\" class=\"_image_qp4xg_65 layout-component layout-wide\" data-fullscreen- data-track-element-type=\"Article image fullscreen\" data-track-name=\"ImageFullscreen\" fetchpriority=\"high\" decoding=\"sync\" loading=\"eager\" height=\"5760\" itemprop=\"image\"  src=\"https:\/\/www.europesays.com\/no\/wp-content\/uploads\/2025\/09\/454255f5-59a8-4d19-b50f-5ddcce630b29\"  style=\"object-position:0% 0%\" width=\"8640\"\/>Eivind Lj\u00f8stad i Pressens Faglige Utvalg, PFU.  Foto: Cornelius Poppe \/ NTB<\/p>\n<ul aria-hidden=\"true\" class=\"_images_1y6fe_106\">\n<li><a class=\"_link_1y6fe_111\" href=\"https:\/\/www.vg.no\/forfatter\/ntb\" style=\"z-index:1\" title=\"NTB\" rel=\"nofollow noopener\" target=\"_blank\"><img alt=\"Bilde av NTB\" class=\"_image_1y6fe_88\" fetchpriority=\"low\" loading=\"lazy\" decoding=\"async\" itemprop=\"image\"  src=\"https:\/\/www.europesays.com\/no\/wp-content\/uploads\/2025\/09\/1758645848_514_c33980b0-5d07-4027-84a1-813f90a7c8d6\"  width=\"480\"\/><\/a><\/li>\n<\/ul>\n<p> Oppdatert tirsdag 23. september kl. 17:25     <\/p>\n<p class=\"_paragraph_ew2ao_4 _paragraph_xtcu6_10 layout-component text-serif-m layout-normal text-serif-m layout-padded\">PFU felte b\u00e5de NRK og Avisa Nordland p\u00e5 tre punkter, og avisen iTroms\u00f8 p\u00e5 ett punkt, skriver <a href=\"https:\/\/www.m24.no\/avisa-nordland-itromso-maria-mikkelsen\/mikkelsen-familien-klaget-inn-fire-medier-trippel-fellelse-for-avisa-nordland-og-nrk\/855895\" class=\"_link_ew2ao_39\" rel=\"nofollow noopener\" target=\"_blank\">Medier24<\/a>.<\/p>\n<p class=\"_paragraph_ew2ao_4 _paragraph_xtcu6_10 layout-component text-serif-m layout-normal text-serif-m layout-padded\">Mikkel Eskil Mikkelsen (35) var sametingsr\u00e5d da han i november 2024 ble p\u00e5grepet og varetektsfengslet, siktet for besittelse av overgrepsmateriale mot barn.<\/p>\n<p class=\"_paragraph_ew2ao_4 _paragraph_xtcu6_10 layout-component text-serif-m layout-normal text-serif-m layout-padded\">Mikkelsen erkjente straffskyld, og trakk seg som r\u00e5dsmedlem. Han ble ekskludert fra Norske Samers Riksforbund (NSR) p\u00e5 grunn av saken.<\/p>\n<p class=\"_paragraph_ew2ao_4 _paragraph_xtcu6_10 layout-component text-serif-m layout-normal text-serif-m layout-padded\">Saken fikk omfattende medieomtale og torsdag 13. februar tok Mikkelsen sitt eget liv.<\/p>\n<p class=\"_paragraph_ew2ao_4 _paragraph_xtcu6_10 layout-component text-serif-m layout-normal text-serif-m layout-padded\">Hans s\u00f8ster, VG-journalist Maria Mikkelsen, samt s\u00f8steren og foreldrene, klaget fire medier inn til PFU.<\/p>\n<p class=\"_paragraph_ew2ao_4 _paragraph_xtcu6_10 layout-component text-serif-m layout-normal text-serif-m layout-padded\">I tirsdagens PFU-m\u00f8te ble klagene mot Avisa Nordland, iTroms\u00f8, NRK og TV 2 behandlet.<\/p>\n<p class=\"_paragraph_ew2ao_4 _paragraph_xtcu6_10 layout-component text-serif-m layout-normal text-serif-m layout-padded\">PFU-medlem Eivind Lj\u00f8stad, sjefredakt\u00f8r i F\u00e6drelandsvennen, p\u00e5peker at klagerne er en familie som har st\u00e5tt i en utrolig krevende sak. <\/p>\n<p class=\"_paragraph_ew2ao_4 _paragraph_xtcu6_10 layout-component text-serif-m layout-normal text-serif-m layout-padded\">\u2013 Og de har kjempet for sin sak og det har f\u00f8rt til endringer i flere medier. Det skal vi ta til etterretning, ikke alle har ressurser til det. <\/p>\n<p class=\"font-weight-semi-bold color-accent label-medium _label_16v91_20\">Dette ble konklusjonen fra PFU<\/p>\n<ul class=\"_list_ew2ao_3 _list_xtcu6_9 _list_16v91_9 _unordered_ew2ao_99 layout-component text-serif-m layout-normal text-sans-m layout-padded\">\n<li class=\"_item_ew2ao_30\">NRK har brutt V\u00e6r varsom-plakaten p\u00e5 tre punkter: 3.2 for kontroll av opplysninger, 4.1 for saklighet og omtanke og 4.6 om \u00e5 vise hensyn for mennesker i sorg.<\/li>\n<li class=\"_item_ew2ao_30\">iTroms\u00f8 ble felt fordi de burde kontaktet familien f\u00f8r publisering, s\u00e6rlig gitt de tidligere selvmordene i familien.<\/li>\n<li class=\"_item_ew2ao_30\">Avisa Nordland ble felt p\u00e5 tre punkter: 3.2 for kontroll av opplysninger, 4.1 for saklighet og omtanke og 4.6 om \u00e5 vise hensyn for mennesker i sorg:<\/li>\n<li class=\"_item_ew2ao_30\">TV 2 var innklaget for \u00e5 ha identifisert for tidlig. PFU konkluderte med at TV 2 ikke har brutt god presseskikk. PFU skriver at de mener det er problematisk at TV 2 identifiserte uten \u00e5 ha f\u00e5tt tak i forsvarer, men at det ikke var et brudd. <\/li>\n<\/ul>\n<p>Vis mer    <\/p>\n","protected":false},"excerpt":{"rendered":"P\u00e5r\u00f8rende til avd\u00f8de Mikkel Eskil Mikkelsen klaget inn fire medier til Pressens Faglige Utvalg. Tre av dem ble&hellip;\n","protected":false},"author":2,"featured_media":43226,"comment_status":"","ping_status":"","sticky":false,"template":"","format":"standard","meta":{"footnotes":""},"categories":[10],"tags":[20,21,24,25,15,22,23,13,30,28,29,14,16,5618,26,27],"class_list":{"0":"post-43225","1":"post","2":"type-post","3":"status-publish","4":"format-standard","5":"has-post-thumbnail","7":"category-norge","8":"tag-breaking-news","9":"tag-breakingnews","10":"tag-featured-news","11":"tag-featurednews","12":"tag-headlines","13":"tag-latest-news","14":"tag-latestnews","15":"tag-news","16":"tag-no","17":"tag-norge","18":"tag-norway","19":"tag-nyheter","20":"tag-overskrifter","21":"tag-pressens-faglige-utvalg-pfu","22":"tag-top-stories","23":"tag-topstories"},"share_on_mastodon":{"url":"","error":""},"_links":{"self":[{"href":"https:\/\/www.europesays.com\/no\/wp-json\/wp\/v2\/posts\/43225","targetHints":{"allow":["GET"]}}],"collection":[{"href":"https:\/\/www.europesays.com\/no\/wp-json\/wp\/v2\/posts"}],"about":[{"href":"https:\/\/www.europesays.com\/no\/wp-json\/wp\/v2\/types\/post"}],"author":[{"embeddable":true,"href":"https:\/\/www.europesays.com\/no\/wp-json\/wp\/v2\/users\/2"}],"replies":[{"embeddable":true,"href":"https:\/\/www.europesays.com\/no\/wp-json\/wp\/v2\/comments?post=43225"}],"version-history":[{"count":0,"href":"https:\/\/www.europesays.com\/no\/wp-json\/wp\/v2\/posts\/43225\/revisions"}],"wp:featuredmedia":[{"embeddable":true,"href":"https:\/\/www.europesays.com\/no\/wp-json\/wp\/v2\/media\/43226"}],"wp:attachment":[{"href":"https:\/\/www.europesays.com\/no\/wp-json\/wp\/v2\/media?parent=43225"}],"wp:term":[{"taxonomy":"category","embeddable":true,"href":"https:\/\/www.europesays.com\/no\/wp-json\/wp\/v2\/categories?post=43225"},{"taxonomy":"post_tag","embeddable":true,"href":"https:\/\/www.europesays.com\/no\/wp-json\/wp\/v2\/tags?post=43225"}],"curies":[{"name":"wp","href":"https:\/\/api.w.org\/{rel}","templated":true}]}}