{"id":43242,"date":"2025-09-23T17:14:08","date_gmt":"2025-09-23T17:14:08","guid":{"rendered":"https:\/\/www.europesays.com\/no\/43242\/"},"modified":"2025-09-23T17:14:08","modified_gmt":"2025-09-23T17:14:08","slug":"bare-dager-for-han-er-klar","status":"publish","type":"post","link":"https:\/\/www.europesays.com\/no\/43242\/","title":{"rendered":"\u2013 Bare dager f\u00f8r han er klar"},"content":{"rendered":"\n<p class=\"_lead_ew2ao_2 _lead_xtcu6_50 layout-component text-serif-m layout-normal text-serif-l layout-component layout-wide layout-padded _wide_17hqh_1 layout-padded\">Mikel Arteta hadde gode nyheter om Martin \u00d8degaards skade p\u00e5 tirsdagens pressekonferanse.<\/p>\n<p> <img class=\"_image_qp4xg_65 layout-component layout-wide\" data-fullscreen- data-track-element-type=\"Article image fullscreen\" data-track-name=\"ImageFullscreen\" fetchpriority=\"high\" decoding=\"sync\" loading=\"eager\" height=\"102\" itemprop=\"image\"  src=\"https:\/\/www.europesays.com\/no\/wp-content\/uploads\/2025\/09\/1758647647_706_ad0354ca9f7d81abc19ca55f96d95100.jpg\"  style=\"object-position:50% 50%;aspect-ratio:1.75;height:auto;object-fit:cover;width:100%\" width=\"102\"\/>  <\/p>\n<ul aria-hidden=\"true\" class=\"_images_1y6fe_106\">\n<li><a class=\"_link_1y6fe_111\" href=\"https:\/\/www.vg.no\/forfatter\/ntb\" style=\"z-index:2\" title=\"NTB\" rel=\"nofollow noopener\" target=\"_blank\"><img alt=\"Bilde av NTB\" class=\"_image_1y6fe_88\" fetchpriority=\"low\" loading=\"lazy\" decoding=\"async\" itemprop=\"image\"  src=\"https:\/\/www.europesays.com\/no\/wp-content\/uploads\/2025\/09\/1758647648_320_c33980b0-5d07-4027-84a1-813f90a7c8d6\"  width=\"480\"\/><\/a><\/li>\n<li><a class=\"_link_1y6fe_111\" href=\"https:\/\/www.vg.no\/forfatter\/henrik-davidsen-hellevik\" style=\"z-index:1\" title=\"Henrik Davidsen Hellevik\" rel=\"nofollow noopener\" target=\"_blank\"><img alt=\"Bilde av Henrik Davidsen Hellevik\" class=\"_image_1y6fe_88\" fetchpriority=\"low\" loading=\"lazy\" decoding=\"async\" itemprop=\"image\"  src=\"https:\/\/www.europesays.com\/no\/wp-content\/uploads\/2025\/09\/1758647648_628_5443292c-a647-4269-871c-1f6248707e55\"  width=\"480\"\/><\/a><\/li>\n<\/ul>\n<p> Oppdatert tirsdag 23. september kl. 19:09     <\/p>\n<p class=\"_paragraph_ew2ao_4 _paragraph_xtcu6_10 layout-component text-serif-m layout-normal text-serif-m layout-padded\">Dagen f\u00f8r ligacupkampen mot Port Vale ble han spurt om \u00d8degaard trenger en operasjon i skulderen han har sl\u00e5tt to ganger nylig.<\/p>\n<p class=\"_paragraph_ew2ao_4 _paragraph_xtcu6_10 layout-component text-serif-m layout-normal text-serif-m layout-padded\">\u2013 Nei, ingen operasjon. Det g\u00e5r helt fint med ham. Han har allerede v\u00e6rt med p\u00e5 trening, og det er snakk om dager f\u00f8r han er klar, svarte Arteta.<\/p>\n<p class=\"_paragraph_ew2ao_4 _paragraph_xtcu6_10 layout-component text-serif-m layout-normal text-serif-m layout-padded\"><a href=\"https:\/\/www.vg.no\/sport\/i\/5ExE01\/skadesmell-for-martin-oedegaard\" data-track-element-type=\"Link\" data-track-id=\"link:5ExE01\" class=\"_link_ew2ao_39\" rel=\"nofollow noopener\" target=\"_blank\">I kampen mot Leeds<\/a> m\u00e5tte \u00d8degaard ut med en skade i skulderen. Den kom han tilbake fra, og var blant annet med for Norge i <a href=\"https:\/\/www.vg.no\/sport\/i\/wgan6P\/norge-moldova-101-erling-braut-haaland-scoret-fem-maal\" data-track-element-type=\"Link\" data-track-id=\"link:wgan6P\" class=\"_link_ew2ao_39\" rel=\"nofollow noopener\" target=\"_blank\">11\u20131-seieren mot Moldova<\/a>. I den p\u00e5f\u00f8lgende Arsenal-kampen mot Nottingham slo drammenseren opp igjen skulderskaden.<\/p>\n<p class=\"_paragraph_ew2ao_4 _paragraph_xtcu6_10 layout-component text-serif-m layout-normal text-serif-m layout-padded\">Slik s\u00e5 det ut da \u00d8degaard m\u00e5tte ut mot Leeds:<\/p>\n<p class=\"_paragraph_ew2ao_4 _paragraph_xtcu6_10 layout-component text-serif-m layout-normal text-serif-m layout-padded\">Det betyr at \u00d8degaard ikke spiller onsdagens ligacupkamp, men trolig kan v\u00e6re med i l\u00f8rdagens hjemmekamp mot Aston Villa i Premier League.<\/p>\n<p class=\"_paragraph_ew2ao_4 _paragraph_xtcu6_10 layout-component text-serif-m layout-normal text-serif-m layout-padded\">Etter alt \u00e5 d\u00f8mme vil han da kunne v\u00e6re klar til Norges neste landslagssamling, hvor Norge blant annet skal m\u00f8te Israel hjemme.<\/p>\n","protected":false},"excerpt":{"rendered":"Mikel Arteta hadde gode nyheter om Martin \u00d8degaards skade p\u00e5 tirsdagens pressekonferanse. Oppdatert tirsdag 23. september kl. 19:09&hellip;\n","protected":false},"author":2,"featured_media":43243,"comment_status":"","ping_status":"","sticky":false,"template":"","format":"standard","meta":{"footnotes":""},"categories":[59],"tags":[328,181,30,28,29,161,83,82],"class_list":{"0":"post-43242","1":"post","2":"type-post","3":"status-publish","4":"format-standard","5":"has-post-thumbnail","7":"category-sport","8":"tag-arsenal","9":"tag-martin-odegaard","10":"tag-no","11":"tag-norge","12":"tag-norway","13":"tag-premier-league","14":"tag-sport","15":"tag-sports"},"share_on_mastodon":{"url":"","error":""},"_links":{"self":[{"href":"https:\/\/www.europesays.com\/no\/wp-json\/wp\/v2\/posts\/43242","targetHints":{"allow":["GET"]}}],"collection":[{"href":"https:\/\/www.europesays.com\/no\/wp-json\/wp\/v2\/posts"}],"about":[{"href":"https:\/\/www.europesays.com\/no\/wp-json\/wp\/v2\/types\/post"}],"author":[{"embeddable":true,"href":"https:\/\/www.europesays.com\/no\/wp-json\/wp\/v2\/users\/2"}],"replies":[{"embeddable":true,"href":"https:\/\/www.europesays.com\/no\/wp-json\/wp\/v2\/comments?post=43242"}],"version-history":[{"count":0,"href":"https:\/\/www.europesays.com\/no\/wp-json\/wp\/v2\/posts\/43242\/revisions"}],"wp:featuredmedia":[{"embeddable":true,"href":"https:\/\/www.europesays.com\/no\/wp-json\/wp\/v2\/media\/43243"}],"wp:attachment":[{"href":"https:\/\/www.europesays.com\/no\/wp-json\/wp\/v2\/media?parent=43242"}],"wp:term":[{"taxonomy":"category","embeddable":true,"href":"https:\/\/www.europesays.com\/no\/wp-json\/wp\/v2\/categories?post=43242"},{"taxonomy":"post_tag","embeddable":true,"href":"https:\/\/www.europesays.com\/no\/wp-json\/wp\/v2\/tags?post=43242"}],"curies":[{"name":"wp","href":"https:\/\/api.w.org\/{rel}","templated":true}]}}