{"id":43410,"date":"2025-09-23T21:06:10","date_gmt":"2025-09-23T21:06:10","guid":{"rendered":"https:\/\/www.europesays.com\/no\/43410\/"},"modified":"2025-09-23T21:06:10","modified_gmt":"2025-09-23T21:06:10","slug":"fortsatt-uavklart-hva-som-ble-observert","status":"publish","type":"post","link":"https:\/\/www.europesays.com\/no\/43410\/","title":{"rendered":"\u2013 Fortsatt uavklart hva som ble observert"},"content":{"rendered":"\n<p class=\"_lead_ew2ao_2 _lead_xtcu6_50 layout-component text-serif-m layout-normal text-serif-l layout-component layout-wide layout-padded _wide_17hqh_1 layout-padded\">Politiet vet fortsatt ikke om det var en drone eller ikke som ble observert ved Oslo Lufthavn Gardermoen natt til tirsdag. <\/p>\n<p><img alt=\"Politidirekt\u00f8r H\u00e5kon Skulstad forteller til NRK at det fortsatt ikke er avklart om det som ble observert ved Oslo Lufthavn Gardermoen natt til tirsdag. Arkivfoto.  Foto: Ole Berg-Rusten \/ NTB\" class=\"_image_qp4xg_65 layout-component layout-wide\" data-fullscreen- data-track-element-type=\"Article image fullscreen\" data-track-name=\"ImageFullscreen\" fetchpriority=\"high\" decoding=\"sync\" loading=\"eager\" height=\"6336\" itemprop=\"image\"  src=\"https:\/\/www.europesays.com\/no\/wp-content\/uploads\/2025\/09\/1710a7ec-b0dc-46f5-9c4a-93040e410d25\"  style=\"object-position:0% 0%\" width=\"9504\"\/>Politidirekt\u00f8r H\u00e5kon Skulstad forteller til NRK at det fortsatt ikke er avklart om det som ble observert ved Oslo Lufthavn Gardermoen natt til tirsdag. Arkivfoto.  Foto: Ole Berg-Rusten \/ NTB<\/p>\n<ul aria-hidden=\"true\" class=\"_images_1y6fe_106\">\n<li><a class=\"_link_1y6fe_111\" href=\"https:\/\/www.vg.no\/forfatter\/ntb\" style=\"z-index:1\" title=\"NTB\" rel=\"nofollow noopener\" target=\"_blank\"><img alt=\"Bilde av NTB\" class=\"_image_1y6fe_88\" fetchpriority=\"low\" loading=\"lazy\" decoding=\"async\" itemprop=\"image\"  src=\"https:\/\/www.europesays.com\/no\/wp-content\/uploads\/2025\/09\/1758661570_563_c33980b0-5d07-4027-84a1-813f90a7c8d6\"  width=\"480\"\/><\/a><\/li>\n<\/ul>\n<p> Oppdatert tirsdag 23. september kl. 20:15     <\/p>\n<p class=\"_paragraph_ew2ao_4 _paragraph_xtcu6_10 layout-component text-serif-m layout-normal text-serif-m layout-padded\">Oslo Lufthavn var stengt i flere timer natt til tirsdag etter mulig observasjon av drone i luftrommet. <\/p>\n<p class=\"_paragraph_ew2ao_4 _paragraph_xtcu6_10 layout-component text-serif-m layout-normal text-serif-m layout-padded\"> \u2013\u2060\u00a0Det er fortsatt uavklart hva som ble observert. Det er motstridende forst\u00e5else av de observasjonene som ble gjort, sier politidirekt\u00f8r H\u00e5kon Skulstad til<a href=\"https:\/\/www.nrk.no\/stor-oslo\/politidirektor-hakon-skulstad-om-mulige-droner_-_-fortsatt-uavklart-hva-som-ble-observert-1.17581396\" class=\"_link_ew2ao_39\" rel=\"nofollow noopener\" target=\"_blank\"> NR<\/a>K<\/p>\n<p class=\"_paragraph_ew2ao_4 _paragraph_xtcu6_10 layout-component text-serif-m layout-normal text-serif-m layout-padded\"> Politidirekt\u00f8ren forteller at observasjonene kan skyldes lys av ulik karakter eller himmellegeme som blir oppfattet som drone. <\/p>\n<p class=\"_paragraph_ew2ao_4 _paragraph_xtcu6_10 layout-component text-serif-m layout-normal text-serif-m layout-padded\">\u2013 N\u00e5 innhentes det materiale som Avinor og Forsvaret og andre har, for \u00e5 se dette i sammenheng og avklare hvilke ting som faktisk har skjedd. Men det er fortsatt uavklart om det er drone eller ikke, sier Skulstad. <\/p>\n","protected":false},"excerpt":{"rendered":"Politiet vet fortsatt ikke om det var en drone eller ikke som ble observert ved Oslo Lufthavn Gardermoen&hellip;\n","protected":false},"author":2,"featured_media":43411,"comment_status":"","ping_status":"","sticky":false,"template":"","format":"standard","meta":{"footnotes":""},"categories":[5],"tags":[20,21,1014,24,25,2380,15,19,22,23,17,18,13,30,28,29,14,16,468,26,27],"class_list":{"0":"post-43410","1":"post","2":"type-post","3":"status-publish","4":"format-standard","5":"has-post-thumbnail","7":"category-overskrifter","8":"tag-breaking-news","9":"tag-breakingnews","10":"tag-droner","11":"tag-featured-news","12":"tag-featurednews","13":"tag-gardermoen","14":"tag-headlines","15":"tag-hovedoppslag","16":"tag-latest-news","17":"tag-latestnews","18":"tag-main-news","19":"tag-mainnews","20":"tag-news","21":"tag-no","22":"tag-norge","23":"tag-norway","24":"tag-nyheter","25":"tag-overskrifter","26":"tag-politiet","27":"tag-top-stories","28":"tag-topstories"},"share_on_mastodon":{"url":"","error":""},"_links":{"self":[{"href":"https:\/\/www.europesays.com\/no\/wp-json\/wp\/v2\/posts\/43410","targetHints":{"allow":["GET"]}}],"collection":[{"href":"https:\/\/www.europesays.com\/no\/wp-json\/wp\/v2\/posts"}],"about":[{"href":"https:\/\/www.europesays.com\/no\/wp-json\/wp\/v2\/types\/post"}],"author":[{"embeddable":true,"href":"https:\/\/www.europesays.com\/no\/wp-json\/wp\/v2\/users\/2"}],"replies":[{"embeddable":true,"href":"https:\/\/www.europesays.com\/no\/wp-json\/wp\/v2\/comments?post=43410"}],"version-history":[{"count":0,"href":"https:\/\/www.europesays.com\/no\/wp-json\/wp\/v2\/posts\/43410\/revisions"}],"wp:featuredmedia":[{"embeddable":true,"href":"https:\/\/www.europesays.com\/no\/wp-json\/wp\/v2\/media\/43411"}],"wp:attachment":[{"href":"https:\/\/www.europesays.com\/no\/wp-json\/wp\/v2\/media?parent=43410"}],"wp:term":[{"taxonomy":"category","embeddable":true,"href":"https:\/\/www.europesays.com\/no\/wp-json\/wp\/v2\/categories?post=43410"},{"taxonomy":"post_tag","embeddable":true,"href":"https:\/\/www.europesays.com\/no\/wp-json\/wp\/v2\/tags?post=43410"}],"curies":[{"name":"wp","href":"https:\/\/api.w.org\/{rel}","templated":true}]}}