{"id":43414,"date":"2025-09-23T21:14:10","date_gmt":"2025-09-23T21:14:10","guid":{"rendered":"https:\/\/www.europesays.com\/no\/43414\/"},"modified":"2025-09-23T21:14:10","modified_gmt":"2025-09-23T21:14:10","slug":"det-er-helt-latterlig","status":"publish","type":"post","link":"https:\/\/www.europesays.com\/no\/43414\/","title":{"rendered":"\u2013 Det er helt latterlig"},"content":{"rendered":"\n<p class=\"_lead_ew2ao_2 _lead_xtcu6_50 layout-component text-serif-m layout-normal text-serif-l layout-component layout-wide layout-padded _wide_17hqh_1 layout-padded\">Alexander Isak fikk sitt f\u00f8rste m\u00e5l p\u00e5 tre og en halv m\u00e5ned, men det var spisskollega Hugo Ekitike som stjal overskriftene.<\/p>\n<p> <img class=\"_image_qp4xg_65 layout-component layout-wide\" data-fullscreen- data-track-element-type=\"Article image fullscreen\" data-track-name=\"ImageFullscreen\" fetchpriority=\"high\" decoding=\"sync\" loading=\"eager\" height=\"102\" itemprop=\"image\"  src=\"https:\/\/www.europesays.com\/no\/wp-content\/uploads\/2025\/09\/0f1603c1d197e886d5b447a000fbe068.jpg\"  style=\"object-position:50% 50%;aspect-ratio:1.75;height:auto;object-fit:cover;width:100%\" width=\"102\"\/>  <\/p>\n<ul aria-hidden=\"true\" class=\"_images_1y6fe_106\">\n<li><a class=\"_link_1y6fe_111\" href=\"https:\/\/www.vg.no\/forfatter\/jostein-overvik\" style=\"z-index:2\" title=\"Jostein Overvik\" rel=\"nofollow noopener\" target=\"_blank\"><img alt=\"Bilde av Jostein Overvik\" class=\"_image_1y6fe_88\" fetchpriority=\"low\" loading=\"lazy\" decoding=\"async\" itemprop=\"image\"  src=\"https:\/\/www.europesays.com\/no\/wp-content\/uploads\/2025\/09\/1758662049_903_9167fa6a-7320-4d6f-b3c9-6c4ecb8beb8c\"  width=\"480\"\/><\/a><\/li>\n<li><a class=\"_link_1y6fe_111\" href=\"https:\/\/www.vg.no\/forfatter\/mikal-aaserud\" style=\"z-index:1\" title=\"Mikal Emil Aaserud\" rel=\"nofollow noopener\" target=\"_blank\"><img alt=\"Bilde av Mikal Emil Aaserud\" class=\"_image_1y6fe_88\" fetchpriority=\"low\" loading=\"lazy\" decoding=\"async\" itemprop=\"image\"  src=\"https:\/\/www.europesays.com\/no\/wp-content\/uploads\/2025\/09\/1758662049_669_1f4bb18c-b7b1-46ba-9b49-79ae6afd7bbd\"  width=\"480\"\/><\/a><\/li>\n<\/ul>\n<p> Oppdatert tirsdag 23. september kl. 23:13     <\/p>\n<p class=\"_paragraph_ew2ao_4 _paragraph_xtcu6_10 layout-component text-serif-m layout-normal text-serif-m layout-padded\">Isak-erstatter Ekitike reddet Liverpools avansement i ligacupen etter 85 minutter av m\u00f8tet med Championship-laget Southampton. Ekitike ble servert like godt som Isak av Federico Chiesa. Dermed 2\u20131 etter en glimrende kontring.<\/p>\n<p class=\"_paragraph_ew2ao_4 _paragraph_xtcu6_10 layout-component text-serif-m layout-normal text-serif-m layout-padded\"><strong class=\"_strong_ew2ao_25\">Feiringen ble tilsvarende elendig.<\/strong><\/p>\n<p class=\"_paragraph_ew2ao_4 _paragraph_xtcu6_10 layout-component text-serif-m layout-normal text-serif-m layout-padded\">Franskmannen jublet nemlig med \u00e5 dra av seg drakten. Han hadde gult fra f\u00f8r og m\u00e5tte dermed avbryte feiringen for \u00e5 bli utvist.<\/p>\n<p><img alt=\"Foto: Phil Noble \/ Reuters \/ NTB\" class=\"_image_qp4xg_65 layout-component layout-normal\" data-fullscreen- data-track-element-type=\"Article image fullscreen\" data-track-name=\"ImageFullscreen\" decoding=\"async\" loading=\"lazy\" height=\"2824\" itemprop=\"image\"  src=\"https:\/\/www.europesays.com\/no\/wp-content\/uploads\/2025\/09\/80ee727b-d248-4dc0-9061-c2e0e5b47f8f\"  style=\"object-position:0% 0%\" width=\"3933\"\/>Foto: Phil Noble \/ Reuters \/ NTB<\/p>\n<p class=\"_paragraph_ew2ao_4 _paragraph_xtcu6_10 layout-component text-serif-m layout-normal text-serif-m layout-padded\">\u2013 Det er helt latterlig. Alle kjenner reglene n\u00e5. Jeg er for f\u00f8lelser, lidenskap og \u00e5 bli revet med i \u00f8yeblikket, men dette var ikke det, sier den tidligere Crystal Palace- og Reading-spilleren Jobi McAnuff til BBC.<\/p>\n<p class=\"_paragraph_ew2ao_4 _paragraph_xtcu6_10 layout-component text-serif-m layout-normal text-serif-m layout-padded\">Se feiringen \u00f8verst i saken.<\/p>\n<p class=\"_paragraph_ew2ao_4 _paragraph_xtcu6_10 layout-component text-serif-m layout-normal text-serif-m layout-padded\">Dermed m\u00e5 Hugo Etikite st\u00e5r over l\u00f8rdagens kamp mot Crystal Palace i London. Det betyr etter alt \u00e5 d\u00f8mme Alexander Isak fra start.<\/p>\n<p class=\"_paragraph_ew2ao_4 _paragraph_xtcu6_10 layout-component text-serif-m layout-normal text-serif-m layout-padded\">\u2013 Er det mulig? Er det mulig? Han tar et andre gule kort for det der? Jeg hadde v\u00e6rt rasende om jeg var Arne SlotArne SlotLiverpools trener. Hva tenkte han p\u00e5? Han m\u00e5 jo kunne reglene, sp\u00f8r tidligere toppspiller og -manager Tim Sherwood i Soccer Special.<\/p>\n<p class=\"_root_1xq52_1\" lang=\"en\" dir=\"auto\">Hugo Ekitike will be suspended for Saturday&#8217;s Premier League game against Crystal Palace. <\/p>\n<p>While Carabao Cup yellow cards only accumulate within those cup competition games, red card suspensions are served in the next match &#8211; regardless of competition. <\/p>\n<p><a href=\"https:\/\/x.com\/hashtag\/LIVSOU\" class=\"_root_eihfa_1\" target=\"_blank\" rel=\"noopener noreferrer nofollow\">#LIVSOU<\/a><\/p>\n<p class=\"_paragraph_ew2ao_4 _paragraph_xtcu6_10 layout-component text-serif-m layout-normal text-serif-m layout-padded\">\u2013 Han scoret et rutinem\u00e5l, ballen kommer over til ham, en enkel avslutning. Jeg skj\u00f8nner bare ikke hva som gikk gjennom hodet hans da han tok av seg drakten og holdt den opp mot publikum. Det var helt un\u00f8dvendig, legger McAnuff til.<\/p>\n<p class=\"_paragraph_ew2ao_4 _paragraph_xtcu6_10 layout-component text-serif-m layout-normal text-serif-m layout-padded\">Rett f\u00f8r pause skjedde det endelig for Alexander Isak p\u00e5 Anfield. Verdens dyreste svenskeVerdens dyreste svenskeOvergangen fra Newcastle skal koste Liverpool 125 millioner pund &#8211;  omtrent 1,7 milliarder kroner. senket Southampton. Isak scoret 1\u20130-m\u00e5let i sekundene etter en enorm dobbeltsjanse for Southampton.<\/p>\n<p class=\"_paragraph_ew2ao_4 _paragraph_xtcu6_10 layout-component text-serif-m layout-normal text-serif-m layout-padded\"><strong class=\"_strong_ew2ao_25\">Gjestenes keeper Alex McCarthy gjorde en kjempebr\u00f8ler. Han for\u00e6rte Federico Chiesa ballen. Dermed fikk Isak en perfekt servering fra italieneren. Han scoret enkelt.<\/strong><\/p>\n<p class=\"_paragraph_ew2ao_4 _paragraph_xtcu6_10 layout-component text-serif-m layout-normal text-serif-m layout-padded\">Se h\u00f8ydepunktene fra kampen her:<\/p>\n<p class=\"_paragraph_ew2ao_4 _paragraph_xtcu6_10 layout-component text-serif-m layout-normal text-serif-m layout-padded\">Isak scoret sitt forrige m\u00e5l Newcastle da han satte inn et straffespark 4. mai. Det siste m\u00e5let for Sverige kom 25. mars. Han har totalt v\u00e6rt p\u00e5 banen i bare fem kamper siden begynnelsen av mai \u2013 tre av dem med begrenset spilletid.<\/p>\n<p><img alt=\"Foto: Phil Noble \/ Reuters \/ NTB\" class=\"_image_qp4xg_65 layout-component layout-normal\" data-fullscreen- data-track-element-type=\"Article image fullscreen\" data-track-name=\"ImageFullscreen\" decoding=\"async\" loading=\"lazy\" height=\"1637\" itemprop=\"image\"  src=\"https:\/\/www.europesays.com\/no\/wp-content\/uploads\/2025\/09\/8be21175-3f1d-4ebe-9b97-849b4e058a0b\"  style=\"object-position:0% 0%\" width=\"2300\"\/>Foto: Phil Noble \/ Reuters \/ NTB<\/p>\n<p class=\"_paragraph_ew2ao_4 _paragraph_xtcu6_10 layout-component text-serif-m layout-normal text-serif-m layout-padded\"><strong class=\"_strong_ew2ao_25\">Den nye spissen ble sendt rett til sprinttrening med Liverpools fysiske trener i pausen. Hugo Ekitike erstattet ham fra starten av 2. omgang.<\/strong><\/p>\n<p class=\"_paragraph_ew2ao_4 _paragraph_xtcu6_10 layout-component text-serif-m layout-normal text-serif-m layout-padded\">N\u00e5 handler det om \u00e5 v\u00e6re best mulig preparert for m\u00f8tet med Palace om bare fire dager. Liverpool tapte Community Shield til FA-cupvinneren 10. august. Etterp\u00e5 har det blitt syv strake seire.<\/p>\n<p class=\"_paragraph_ew2ao_4 _paragraph_xtcu6_10 layout-component text-serif-m layout-normal text-serif-m layout-padded\"><strong class=\"_strong_ew2ao_25\">Liverpool-manager Arne Slot hadde byttet ut hele startoppstillingen fra Everton-triumfen sist l\u00f8rdag.<\/strong><\/p>\n<p class=\"_paragraph_ew2ao_4 _paragraph_xtcu6_10 layout-component text-serif-m layout-normal text-serif-m layout-padded\">Allison, Ibrahima Konate, Virgil van Dijk, Dominik Szoboszlai, Ryan Gravenberch, Alexis McAllister, Mohamed Salah og Cody Gakpo hadde alle f\u00e5tt en frikveld etter derbyseieren l\u00f8rdag. Mens Hugo Ekitike, Conor Bradley og Milos Kerkez ble plassert p\u00e5 benken.<\/p>\n<p class=\"_paragraph_ew2ao_4 _paragraph_xtcu6_10 layout-component text-serif-m layout-normal text-serif-m layout-padded\">Alexander Isak fikk en stor mulighet allerede det f\u00f8rste minuttet. Men Southampton-keeper Alex McCarthy reddet kjempemuligheten.<\/p>\n<p class=\"_paragraph_ew2ao_4 _paragraph_xtcu6_10 layout-component text-serif-m layout-normal text-serif-m layout-padded\">Ogs\u00e5 Giorgi Mamardashvili m\u00e5tte ut i full strekk i debuten fra start som Liverpool-keeper. Han reddet Adam Armstrongs kanonkule. Ogs\u00e5 Cameron Archer kom til en god mulighet for f\u00f8r det smalt i den jevnspilte 1. omgangen.<\/p>\n<p class=\"_paragraph_ew2ao_4 _paragraph_xtcu6_10 layout-component text-serif-m layout-normal text-serif-m layout-padded\">Armstrong smalt en kjempesjanse i tverrliggeren f\u00f8r den brasilianske spissen, Charles, bommet p\u00e5 \u00e5pent m\u00e5l p\u00e5 returen.<\/p>\n<p class=\"_paragraph_ew2ao_4 _paragraph_xtcu6_10 layout-component text-serif-m layout-normal text-serif-m layout-padded\">S\u00e5 scoret Isak rett etterp\u00e5, og ble byttet ut etter 45 minutter.<\/p>\n<p class=\"_paragraph_ew2ao_4 _paragraph_xtcu6_10 layout-component text-serif-m layout-normal text-serif-m layout-padded\">Men reserveutgaven av Liverpool holdt ikke stand mot nummer 19 i Championship etter pause. Etter 75 minutter kom endelig uttellingen for Southampton.<\/p>\n<p class=\"_paragraph_ew2ao_4 _paragraph_xtcu6_10 layout-component text-serif-m layout-normal text-serif-m layout-padded\">Endo headet ballen innover mot eget m\u00e5l. Det endte med at Shea Emmanuel Charles satte inn utligningen.<\/p>\n<ul class=\"_list_ew2ao_3 _list_xtcu6_9 _unordered_ew2ao_99 layout-component text-serif-m layout-normal text-serif-m layout-padded\">\n<li class=\"_item_ew2ao_30\"><strong class=\"_strong_ew2ao_25\">J\u00f8rgen Strand Larsen<\/strong> var tilbake for Wolverhampton etter skade. Strand Larsen fikk 68 minutter p\u00e5 banen da Wolves slo Everton 2\u20130.<\/li>\n<li class=\"_item_ew2ao_30\"><strong class=\"_strong_ew2ao_25\">Sander Berge<\/strong> ble spart, men kom inn etter 82 minutter da Fulham kom seg videre med 1\u20130 over Cambridge.<\/li>\n<li class=\"_item_ew2ao_30\"><strong class=\"_strong_ew2ao_25\">Burnley <\/strong>er det eneste Premier League-laget som r\u00f8k ut. De tapte 1\u20132 for Cardiff.<\/li>\n<li class=\"_item_ew2ao_30\"><strong class=\"_strong_ew2ao_25\">Chelsea <\/strong>slet, men vant til slutt 2\u20131 over Lincoln fra League One.<\/li>\n<\/ul>\n","protected":false},"excerpt":{"rendered":"Alexander Isak fikk sitt f\u00f8rste m\u00e5l p\u00e5 tre og en halv m\u00e5ned, men det var spisskollega Hugo Ekitike&hellip;\n","protected":false},"author":2,"featured_media":43415,"comment_status":"","ping_status":"","sticky":false,"template":"","format":"standard","meta":{"footnotes":""},"categories":[59],"tags":[92,3975,114,30,28,29,885,83,82],"class_list":{"0":"post-43414","1":"post","2":"type-post","3":"status-publish","4":"format-standard","5":"has-post-thumbnail","7":"category-sport","8":"tag-fotball","9":"tag-ligacupen","10":"tag-liverpool-fc","11":"tag-no","12":"tag-norge","13":"tag-norway","14":"tag-southampton-fc","15":"tag-sport","16":"tag-sports"},"share_on_mastodon":{"url":"","error":""},"_links":{"self":[{"href":"https:\/\/www.europesays.com\/no\/wp-json\/wp\/v2\/posts\/43414","targetHints":{"allow":["GET"]}}],"collection":[{"href":"https:\/\/www.europesays.com\/no\/wp-json\/wp\/v2\/posts"}],"about":[{"href":"https:\/\/www.europesays.com\/no\/wp-json\/wp\/v2\/types\/post"}],"author":[{"embeddable":true,"href":"https:\/\/www.europesays.com\/no\/wp-json\/wp\/v2\/users\/2"}],"replies":[{"embeddable":true,"href":"https:\/\/www.europesays.com\/no\/wp-json\/wp\/v2\/comments?post=43414"}],"version-history":[{"count":0,"href":"https:\/\/www.europesays.com\/no\/wp-json\/wp\/v2\/posts\/43414\/revisions"}],"wp:featuredmedia":[{"embeddable":true,"href":"https:\/\/www.europesays.com\/no\/wp-json\/wp\/v2\/media\/43415"}],"wp:attachment":[{"href":"https:\/\/www.europesays.com\/no\/wp-json\/wp\/v2\/media?parent=43414"}],"wp:term":[{"taxonomy":"category","embeddable":true,"href":"https:\/\/www.europesays.com\/no\/wp-json\/wp\/v2\/categories?post=43414"},{"taxonomy":"post_tag","embeddable":true,"href":"https:\/\/www.europesays.com\/no\/wp-json\/wp\/v2\/tags?post=43414"}],"curies":[{"name":"wp","href":"https:\/\/api.w.org\/{rel}","templated":true}]}}