{"id":43416,"date":"2025-09-23T21:15:09","date_gmt":"2025-09-23T21:15:09","guid":{"rendered":"https:\/\/www.europesays.com\/no\/43416\/"},"modified":"2025-09-23T21:15:09","modified_gmt":"2025-09-23T21:15:09","slug":"sigrid-skal-varme-opp-for-ed-sheeran","status":"publish","type":"post","link":"https:\/\/www.europesays.com\/no\/43416\/","title":{"rendered":"Sigrid skal varme opp for Ed Sheeran"},"content":{"rendered":"\n<p class=\"_lead_ew2ao_2 _lead_xtcu6_50 layout-component text-serif-m layout-normal text-serif-l layout-component layout-wide layout-padded _wide_17hqh_1 layout-padded\">\u00c5lesunds store pop-stjerne f\u00e5r en gyllen sjanse i verdens viktigste musikkmarked neste sommer.<\/p>\n<p><img alt=\"Ut p\u00e5 tur, aldri sur! Sigrid blir Ed Sheerans spesielle gjest p\u00e5 fem av hans konserter neste sommer. Foto: Helge Mikalsen \/ VG\" class=\"_image_qp4xg_65 layout-component layout-wide\" data-fullscreen- data-track-element-type=\"Article image fullscreen\" data-track-name=\"ImageFullscreen\" fetchpriority=\"high\" decoding=\"sync\" loading=\"eager\" height=\"4498\" itemprop=\"image\"  src=\"https:\/\/www.europesays.com\/no\/wp-content\/uploads\/2025\/09\/499f1b44-6826-422e-935a-3f74b03a3257\"  style=\"object-position:39.02214022140221% 37.4722098710538%\" width=\"7046\"\/>Ut p\u00e5 tur, aldri sur! Sigrid blir Ed Sheerans spesielle gjest p\u00e5 fem av hans konserter neste sommer. Foto: Helge Mikalsen \/ VG<\/p>\n<ul aria-hidden=\"true\" class=\"_images_1y6fe_106\">\n<li><a class=\"_link_1y6fe_111\" href=\"https:\/\/www.vg.no\/forfatter\/stein-oestboe\" style=\"z-index:2\" title=\"Stein \u00d8stb\u00f8\" rel=\"nofollow noopener\" target=\"_blank\"><img alt=\"Bilde av Stein \u00d8stb\u00f8\" class=\"_image_1y6fe_88\" fetchpriority=\"low\" loading=\"lazy\" decoding=\"async\" itemprop=\"image\"  src=\"https:\/\/www.europesays.com\/no\/wp-content\/uploads\/2025\/09\/1758662108_544_22e70fc8-5f6d-446c-8991-a91d598e4754\"  width=\"480\"\/><\/a><\/li>\n<li><a class=\"_link_1y6fe_111\" href=\"https:\/\/www.vg.no\/forfatter\/thomas-talseth\" style=\"z-index:1\" title=\"Thomas Talseth\" rel=\"nofollow noopener\" target=\"_blank\"><img alt=\"Bilde av Thomas Talseth\" class=\"_image_1y6fe_88\" fetchpriority=\"low\" loading=\"lazy\" decoding=\"async\" itemprop=\"image\"  src=\"https:\/\/www.europesays.com\/no\/wp-content\/uploads\/2025\/09\/1758662108_508_b236192f-46fc-4036-a0ef-9ef26d45fd8d\"  width=\"480\"\/><\/a><\/li>\n<\/ul>\n<p> Oppdatert tirsdag 23. september kl. 22:55     <\/p>\n<p class=\"_paragraph_ew2ao_4 _paragraph_xtcu6_10 layout-component text-serif-m layout-normal text-serif-m layout-padded\">P\u00e5 sin egen<a href=\"https:\/\/www.instagram.com\/stories\/sigrid\/3728195974305691492\/\" class=\"_link_ew2ao_39\" rel=\"nofollow noopener\" target=\"_blank\"> Instagram-stories<\/a> r\u00f8per <a href=\"https:\/\/www.vg.no\/tag\/sigrid?utm_source=vg-article&amp;utm_medium=auto-tagger&amp;utm_campaign=bmRL45\" class=\"_link_ew2ao_39\" rel=\"nofollow noopener\" target=\"_blank\">Sigrid<\/a> selv gladnyheten om at hun er \u00abspecial guest\u00bb n\u00e5r Ed Sheeran legger ut p\u00e5 Nord-Amerika-delen av sin \u00abLoop\u00bb-turn\u00e9 neste sommer.<\/p>\n<p class=\"_paragraph_ew2ao_4 _paragraph_xtcu6_10 layout-component text-serif-m layout-normal text-serif-m layout-padded\">\u00abFra \u00e5 v\u00e6re med @teddysphotos (Ed Sheerans navn p\u00e5 Instagram, red.anm.) p\u00e5 scenen i mitt eget hjemland til \u00e5 v\u00e6re med p\u00e5 Loop-tour\u00bb, skriver Sigrid og hekter p\u00e5 en starstruck-emoji.<\/p>\n<p class=\"_paragraph_ew2ao_4 _paragraph_xtcu6_10 layout-component text-serif-m layout-normal text-serif-m layout-padded\">\u00abKan knapt vente p\u00e5 disse nordamerikanske stadionshowene\u00bb, avslutter hun.<\/p>\n<p><img alt=\"\" class=\"_image_qp4xg_65 layout-component layout-normal\" data-fullscreen- data-track-element-type=\"Article image fullscreen\" data-track-name=\"ImageFullscreen\" decoding=\"async\" loading=\"lazy\" height=\"5712\" itemprop=\"image\"  src=\"https:\/\/www.europesays.com\/no\/wp-content\/uploads\/2025\/09\/425d94bf-e74a-4e16-874f-532a8a2dab61\"  style=\"object-position:45.36647992530345% 33.219537815126046%\" width=\"4284\"\/><\/p>\n<p class=\"_paragraph_ew2ao_4 _paragraph_xtcu6_10 layout-component text-serif-m layout-normal text-serif-m layout-padded\">Konserten som Sigrid refererer til er Ed Sheerans konsert p\u00e5 Ullevaal Stadion i juli der hun ogs\u00e5 dukket opp som <a href=\"https:\/\/www.vg.no\/rampelys\/i\/8qyXkr\/sigrid-stilte-opp-for-ed-sheeran-helt-raatt\" data-track-element-type=\"Link\" data-track-id=\"link:8qyXkr\" class=\"_link_ew2ao_39\" rel=\"nofollow noopener\" target=\"_blank\">overraskelsesgjest <\/a>p\u00e5 hennes egen \u00abDon\u00b4t Kill My Vibe\u00bb.<\/p>\n<p class=\"_paragraph_ew2ao_4 _paragraph_xtcu6_10 layout-component text-serif-m layout-normal text-serif-m layout-padded\">\u2013 Vi er egentlig p\u00e5 festivalturn\u00e9 i England n\u00e5, og spilte i\u00a0<a href=\"https:\/\/www.vg.no\/tag\/ed-sheeran?utm_source=vg-article&amp;utm_medium=auto-tagger&amp;utm_campaign=8qyXkr\" class=\"_link_ew2ao_39\" rel=\"nofollow noopener\" target=\"_blank\">Ed Sheerans<\/a>\u00a0hjemby Ipswich fredag og spiller i Sheffield i kveld &#8230; men tidligere denne uken tok de kontakt og spurte om jeg kunne fly inn til Oslo og spille en av mine l\u00e5ter, og det m\u00e5tte jeg selvf\u00f8lgelig si ja til! sa Sigrid til VG via sitt management etter opptredenen p\u00e5 Ullevaal Stadion.<\/p>\n<p class=\"_paragraph_ew2ao_4 _paragraph_xtcu6_10 layout-component text-serif-m layout-normal text-serif-m layout-padded\">Ed Sheeran har flere ganger uttalt seg positivt om Sigrid, og n\u00e5 blir det fem store stadionkonserter p\u00e5 de to; i Las Vegas, San Diego, Santa Clara, Seattle og Los Angeles.<\/p>\n<p class=\"_paragraph_ew2ao_4 _paragraph_xtcu6_10 layout-component text-serif-m layout-normal text-serif-m layout-padded\">P\u00e5 Ed Sheeerans Instagram kan du selv se og h\u00f8re hvor stor respekt han har for Sigrid!<\/p>\n<p>    <script async src=\"\/\/www.instagram.com\/embed.js\"><\/script><\/p>\n","protected":false},"excerpt":{"rendered":"\u00c5lesunds store pop-stjerne f\u00e5r en gyllen sjanse i verdens viktigste musikkmarked neste sommer. Ut p\u00e5 tur, aldri sur!&hellip;\n","protected":false},"author":2,"featured_media":43417,"comment_status":"","ping_status":"","sticky":false,"template":"","format":"standard","meta":{"footnotes":""},"categories":[58],"tags":[6816,71,155,30,28,29,6815,72],"class_list":{"0":"post-43416","1":"post","2":"type-post","3":"status-publish","4":"format-standard","5":"has-post-thumbnail","7":"category-underholdning","8":"tag-ed-sheeran","9":"tag-entertainment","10":"tag-konsert","11":"tag-no","12":"tag-norge","13":"tag-norway","14":"tag-sigrid","15":"tag-underholdning"},"share_on_mastodon":{"url":"","error":""},"_links":{"self":[{"href":"https:\/\/www.europesays.com\/no\/wp-json\/wp\/v2\/posts\/43416","targetHints":{"allow":["GET"]}}],"collection":[{"href":"https:\/\/www.europesays.com\/no\/wp-json\/wp\/v2\/posts"}],"about":[{"href":"https:\/\/www.europesays.com\/no\/wp-json\/wp\/v2\/types\/post"}],"author":[{"embeddable":true,"href":"https:\/\/www.europesays.com\/no\/wp-json\/wp\/v2\/users\/2"}],"replies":[{"embeddable":true,"href":"https:\/\/www.europesays.com\/no\/wp-json\/wp\/v2\/comments?post=43416"}],"version-history":[{"count":0,"href":"https:\/\/www.europesays.com\/no\/wp-json\/wp\/v2\/posts\/43416\/revisions"}],"wp:featuredmedia":[{"embeddable":true,"href":"https:\/\/www.europesays.com\/no\/wp-json\/wp\/v2\/media\/43417"}],"wp:attachment":[{"href":"https:\/\/www.europesays.com\/no\/wp-json\/wp\/v2\/media?parent=43416"}],"wp:term":[{"taxonomy":"category","embeddable":true,"href":"https:\/\/www.europesays.com\/no\/wp-json\/wp\/v2\/categories?post=43416"},{"taxonomy":"post_tag","embeddable":true,"href":"https:\/\/www.europesays.com\/no\/wp-json\/wp\/v2\/tags?post=43416"}],"curies":[{"name":"wp","href":"https:\/\/api.w.org\/{rel}","templated":true}]}}