{"id":43425,"date":"2025-09-23T21:22:08","date_gmt":"2025-09-23T21:22:08","guid":{"rendered":"https:\/\/www.europesays.com\/no\/43425\/"},"modified":"2025-09-23T21:22:08","modified_gmt":"2025-09-23T21:22:08","slug":"martin-molsaeter-er-dod-finansavisen","status":"publish","type":"post","link":"https:\/\/www.europesays.com\/no\/43425\/","title":{"rendered":"Martin M\u00f8ls\u00e6ter er d\u00f8d | Finansavisen"},"content":{"rendered":"<p>Martin M\u00f8ls\u00e6ter er d\u00f8d, 54 \u00e5r gammel, etter en lengre tids kamp mot kreft.<\/p>\n<p>I en melding opplyser First Fondene at forvalteren har g\u00e5tt bort.<\/p>\n<p>\u00abHans ukuelige optimisme og innsats for \u00e5 overvinne kreften kjenner vi igjen fra hans arbeid i de fond han forvaltet\u00bb, skriver First i en <a href=\"https:\/\/firstfondene.no\/martin-molsaeter-1971-2025\/\" target=\"_blank\" rel=\"nofollow noopener\">uttalelse<\/a>.<\/p>\n<p>\u00abDet har v\u00e6rt imponerende for oss \u00e5 oppleve at Martin til tross for sykdommen i hele denne perioden har arbeidet med full styrke ogs\u00e5 helt frem til det siste. Hans gode resultater er et vitnesbyrd over hans innsats\u00bb. skriver de videre.<\/p>\n<p>\u00abHan vil bli dypt savnet av oss. V\u00e5re tanker g\u00e5r i dag til Martins familie og n\u00e6rmeste\u00bb.<\/p>\n<p class=\"subhead\" data-element-type=\"subhead\" data-element-label=\"Mellomtittel\">Lidenskap for aksjer<\/p>\n<p>Ole Andr\u00e9 Hagen overtar som hovedforvalter for First Global Focus etter M\u00f8ls\u00e6ters bortgang. De to har samarbeidet tett siden 1997, da de begge startet som analytikere i ABG.<\/p>\n<p>\u00abTapet av Martin, en positiv og h\u00f8yt verdsatt kollega, preger oss dypt. Samtidig er vi dedikert til \u00e5 hedre hans arv ved \u00e5 sikre at First Global Focus forvaltes med samme lidenskap og disiplin som han bidro med\u00bb, skriver First.<\/p>\n<p><img decoding=\"async\" class=\"lazyload \" src=\"https:\/\/www.europesays.com\/no\/wp-content\/uploads\/2025\/09\/1758662528_466_pipe\"  data- alt=\"\"\/><\/p>\n<p>WORLD MARATHON CHALLENGE: \u2013 Jeg hadde aldri l\u00f8pt noe s\u00e6rlig f\u00f8r. Det var spennende \u00e5 begynne med noe helt nytt, der alle startet med samme utgangspunkt og et par joggesko p\u00e5 beina, uttalte Martin M\u00f8ls\u00e6ter i et intervju med Finansavisen i september i fjor. <strong>Foto: Privat<\/strong><\/p>\n<p>M\u00f8ls\u00e6ters interesse for aksjer startet tidlig. Allerede som tolv\u00e5ring kj\u00f8pte han sine f\u00f8rste aksjer, og hjemme p\u00e5 gutterommet brukte han fritiden til \u00e5 lage tekniske analyser, diagrammer og grafer. Som 16-\u00e5ring fikk han jobb i Delphi Economics, der han etter skoletid tok trikken inn til byen for \u00e5 taste inn kurser og priser p\u00e5 ulike selskaper.<\/p>\n<p>Etter befalskole og studier ved Norges Handelsh\u00f8yskole fortsatte engasjementet for finans \u00e5 vokse, og han la grunnlaget for den karrieren som senere skulle gj\u00f8re ham til en av landets mest profilerte forvaltere.<\/p>\n","protected":false},"excerpt":{"rendered":"Martin M\u00f8ls\u00e6ter er d\u00f8d, 54 \u00e5r gammel, etter en lengre tids kamp mot kreft. I en melding opplyser&hellip;\n","protected":false},"author":2,"featured_media":43426,"comment_status":"","ping_status":"","sticky":false,"template":"","format":"standard","meta":{"footnotes":""},"categories":[58],"tags":[71,30,28,29,72],"class_list":{"0":"post-43425","1":"post","2":"type-post","3":"status-publish","4":"format-standard","5":"has-post-thumbnail","7":"category-underholdning","8":"tag-entertainment","9":"tag-no","10":"tag-norge","11":"tag-norway","12":"tag-underholdning"},"share_on_mastodon":{"url":"","error":""},"_links":{"self":[{"href":"https:\/\/www.europesays.com\/no\/wp-json\/wp\/v2\/posts\/43425","targetHints":{"allow":["GET"]}}],"collection":[{"href":"https:\/\/www.europesays.com\/no\/wp-json\/wp\/v2\/posts"}],"about":[{"href":"https:\/\/www.europesays.com\/no\/wp-json\/wp\/v2\/types\/post"}],"author":[{"embeddable":true,"href":"https:\/\/www.europesays.com\/no\/wp-json\/wp\/v2\/users\/2"}],"replies":[{"embeddable":true,"href":"https:\/\/www.europesays.com\/no\/wp-json\/wp\/v2\/comments?post=43425"}],"version-history":[{"count":0,"href":"https:\/\/www.europesays.com\/no\/wp-json\/wp\/v2\/posts\/43425\/revisions"}],"wp:featuredmedia":[{"embeddable":true,"href":"https:\/\/www.europesays.com\/no\/wp-json\/wp\/v2\/media\/43426"}],"wp:attachment":[{"href":"https:\/\/www.europesays.com\/no\/wp-json\/wp\/v2\/media?parent=43425"}],"wp:term":[{"taxonomy":"category","embeddable":true,"href":"https:\/\/www.europesays.com\/no\/wp-json\/wp\/v2\/categories?post=43425"},{"taxonomy":"post_tag","embeddable":true,"href":"https:\/\/www.europesays.com\/no\/wp-json\/wp\/v2\/tags?post=43425"}],"curies":[{"name":"wp","href":"https:\/\/api.w.org\/{rel}","templated":true}]}}