{"id":43431,"date":"2025-09-23T21:33:23","date_gmt":"2025-09-23T21:33:23","guid":{"rendered":"https:\/\/www.europesays.com\/no\/43431\/"},"modified":"2025-09-23T21:33:23","modified_gmt":"2025-09-23T21:33:23","slug":"satte-fyr-pa-kafe-etter-majones-nekt","status":"publish","type":"post","link":"https:\/\/www.europesays.com\/no\/43431\/","title":{"rendered":"Satte fyr p\u00e5 kaf\u00e9 etter majones-nekt"},"content":{"rendered":"<p>Det var klokka 20.43 tirsdag kveld at Oslo politidistrikt meldte om en eksplosjon i Pilestredet p\u00e5 Bislett, sentralt i Oslo.\u00a0<\/p>\n<p class=\"font-weight-bold m-font-weight-bold\" data-lab-font_weight=\"font-weight-bold\">Det ble ogs\u00e5 gjort funn av eksplosiver &#8211; en udetonert h\u00e5ndgranat &#8211; p\u00e5 stedet.\u00a0<\/p>\n<p>Naboer ble bedt om \u00e5 holde seg vekk fra vinduene, og folk ble bedt om \u00e5 holde seg borte fra omr\u00e5det. Situasjonen ble beskrevet som uavklart.\u00a0\u00a0<\/p>\n<p>H\u00e5ndgranaten som ble funnet av politiet, ble kontrollert detonert rundt klokka 21.44. Det h\u00f8rtes et enormt smell, forteller Dagbladets reporter p\u00e5 stedet.\u00a0<\/p>\n<p>          <img loading=\"lazy\" decoding=\"async\" src=\"https:\/\/www.europesays.com\/no\/wp-content\/uploads\/2025\/09\/83634419.webp\" width=\"686\" height=\"392\" title=\"MULIG GRANAT: Vitnet J\u00f8rgen Nerheim forteller til Dagbladet at han tittet ut fra leiligheten sin like etter smellet, og observerte det som liknet en granat. Her avbildet i en fotgjerngeovergang i Pilestredet. Foto: J\u00f8rgen Nerheim\" alt=\"\" class=\"\" style=\"--aspect-ratio-image: 1.75; \"\/><\/p>\n<p>\n          MULIG GRANAT: Vitnet J\u00f8rgen Nerheim forteller til Dagbladet at han tittet ut fra leiligheten sin like etter smellet, og observerte det som liknet en granat. Her avbildet i en fotgjerngeovergang i Pilestredet. Foto: J\u00f8rgen Nerheim\n      <\/p>\n<p>P\u00e5grepet  <\/p>\n<p> Innsatsleder Brian Skotnes bekrefter til pressen at \u00e9n person er p\u00e5grepet etter hendelsen.\u00a0<\/p>\n<p class=\"font-weight-bold m-font-weight-bold\" data-lab-font_weight=\"font-weight-bold\">&#8211; Vi har p\u00e5grepet \u00e9n person. Jeg kommer ikke til \u00e5 si noen detaljer om den personen. Vi er i en innledende etterforskning, og har en stor jobb foran oss, sier innsatsleder.\u00a0<\/p>\n<p>          <img loading=\"lazy\" decoding=\"async\" src=\"https:\/\/www.europesays.com\/no\/wp-content\/uploads\/2025\/09\/83634549.webp\" width=\"980\" height=\"559\" title=\"INNSATSLEDER: Brian Skotnes informerte pressen om at det var gjort en p\u00e5gripelse i forbindelse med eksplosjonen p\u00e5 Bislett i Oslo tirsdag kveld. Foto: Frank Karlsen \/ Dagbladet\" alt=\"\" class=\"\" style=\"--aspect-ratio-image: 1.75; \"\/><\/p>\n<p>\n          INNSATSLEDER: Brian Skotnes informerte pressen om at det var gjort en p\u00e5gripelse i forbindelse med eksplosjonen p\u00e5 Bislett i Oslo tirsdag kveld. Foto: Frank Karlsen \/ Dagbladet\n      <\/p>\n<p> If\u00f8lge\u00a0<a href=\"https:\/\/www.tv2.no\/nyheter\/eksplosjon-i-pilestredet-i-oslo-udetonerte-eksplosiver-pa-stedet\/18128480\/\" target=\"_blank\" rel=\"nofollow noopener\">TV 2<\/a>\u00a0og\u00a0<a href=\"https:\/\/www.aftenposten.no\/norge\/i\/W0n7RG\/opplysninger-til-aftenposten-gutt-foedt-i-2012-paagrepet-etter-eksplosjon-i-pilestredet\" target=\"_blank\" rel=\"nofollow noopener\">Aftenposten<\/a>s\u00a0opplysninger er personen under kriminell lavalder. Ogs\u00e5 <a href=\"https:\/\/www.nrk.no\/nyheter\/en-person-er-pagrepet-etter-eksplosjon-i-oslo-1.17583171\" target=\"_blank\" rel=\"nofollow noopener\">NRK <\/a>erfarer at det er snakk om en mindre\u00e5rig.\u00a0<\/p>\n<p>Vedkommende ble p\u00e5grepet i n\u00e6rheten av \u00e5stedet.\u00a0<\/p>\n<p>&#8211; Vi har grunn til \u00e5 tro at det er flere personer som er involvert i hendelsen, som vi ikke har kontroll p\u00e5, sier Skotnes, som ikke \u00f8nsker \u00e5 g\u00e5 ut med antall.\u00a0<\/p>\n<p>          <img loading=\"lazy\" decoding=\"async\" src=\"https:\/\/www.europesays.com\/no\/wp-content\/uploads\/2025\/09\/83634571.webp\" width=\"980\" height=\"559\" title=\"Foto: Frank Karlsen \/ Dagbladet\" alt=\"\" class=\"\" style=\"--aspect-ratio-image: 1.75; \"\/><\/p>\n<p>\n          Foto: Frank Karlsen \/ Dagbladet\n      <\/p>\n<p>&#8211; V\u00e5r hypotese er at dette er kriminelle som har hatt en agenda mot andre kriminelle. Vi har ingen grunn til \u00e5 tro at dette er en tilfeldig hendelse, men kan ikke utelukke noe, s\u00e5 vi g\u00e5r bredt ut.\u00a0<\/p>\n<p class=\"font-weight-bold m-font-weight-bold\" data-lab-font_weight=\"font-weight-bold\">Ingen personer er skadd eller har status som forn\u00e6rmet i saken.\u00a0<\/p>\n<p>&#8211; Jeg skj\u00f8nner at mange har v\u00e6rt redd og syntes at dette er ubehagelig, sier innsatsleder.\u00a0<\/p>\n<p>        OSLO SENTRUM: Politiets innsatsleder Brian Skotnes forteller til pressen at deres hovedhypotese er at eksplosjonen ved Pilestredet p\u00e5 Bislett tirsdag 23. september er knyttet til kriminelle med en agenda. Video: Marte Nyl\u00f8kken Helseth\/Dagbladet<\/p>\n<p>Skotnes \u00f8nsker ikke \u00e5 g\u00e5 n\u00e6rmere inn p\u00e5 hvor den f\u00f8rste eksplosjonen fant sted.\u00a0<\/p>\n<p>&#8211; Dette er en alvorlig sak og h\u00f8yt prioritert hos oss.\u00a0<\/p>\n<p>Operasjonsleder \u00d8yvind Hammervold sa tidligere tirsdag kveld til Dagbladet at de hadde tatt kontroll p\u00e5 flere i forbindelse med hendelsen.<\/p>\n<p>Han ville ikke utdype hvor mange det er snakk om.<\/p>\n<p>&#8211; Vi jobber videre med det n\u00e5, om de har noen tilknytning til dette her. Men det er s\u00e5pass tidlig, vi m\u00e5 samle tr\u00e5dene etter hvert.<\/p>\n<p>          <img loading=\"lazy\" decoding=\"async\" src=\"https:\/\/www.europesays.com\/no\/wp-content\/uploads\/2025\/09\/83634483.webp\" width=\"980\" height=\"559\" title=\"Foto: Frank Karlsen \/ Dagbladet\" alt=\"\" class=\"\" style=\"--aspect-ratio-image: 1.75; \"\/><\/p>\n<p>\n          Foto: Frank Karlsen \/ Dagbladet\n      <\/p>\n<p>Han sa videre at politiet n\u00e5 mener \u00e5 ha kontroll p\u00e5 eksplosivene.\u00a0<\/p>\n<p>&#8211; Men det er s\u00e5pass tidlig, vi kan ikke utelukke at det er noe mer, sier han.\u00a0<\/p>\n<p> &#8211; N\u00e5 pr\u00f8ver vi \u00e5 f\u00e5 hundre prosent kontroll, og vil g\u00e5 inn og gj\u00f8re videre unders\u00f8kelser, blant andre krimtekniske. Det blir nok en st\u00f8rre avstenging der utover natta.<\/p>\n<p>          <img loading=\"lazy\" decoding=\"async\" src=\"https:\/\/www.europesays.com\/no\/wp-content\/uploads\/2025\/09\/83634466.webp\" width=\"980\" height=\"559\" title=\"Foto: Frank Karlsen \/ Dagbladet\" alt=\"\" class=\"\" style=\"--aspect-ratio-image: 1.75; \"\/><\/p>\n<p>\n          Foto: Frank Karlsen \/ Dagbladet\n      <\/p>\n<p>Udetonerte eksplosiver  <\/p>\n<p>Fredrik Gr\u00e6svik, tidligere journalist i TV 2, befant seg ikke langt unna omr\u00e5det da eksplosjonen gikk av.<\/p>\n<p>&#8211; Jeg st\u00e5r i ei sidegate ved Pilestredet n\u00e5, politiet har akkurat utvidet politisperringene. Jeg snakket med en nabo som hadde h\u00f8rt et smell, og at det var observert flere udetonerte eksplosiver, sier han til Dagbladet.\u00a0<\/p>\n<p>Politiets Delta-styrke er p\u00e5 stedet, i tillegg til den massive utrykningen fra n\u00f8detatene.<\/p>\n<p>&#8211; Det er voldsomt store utrykningsenheter her. Mye politi og ambulanser, i tillegg til Delta, beskriver Gr\u00e6svik. <\/p>\n<p> En av Dagbladets reportere befant seg ogs\u00e5 i omr\u00e5det da eksplosjonen skjedde.<\/p>\n<p>&#8211; Vi skvatt noe voldsomt. Det h\u00f8rtes ut som om det var en stor container som eksploderte eller falt i bakken. Like etter kom det en massiv utrykning med politi til stedet, sier han. <\/p>\n<p>          <img loading=\"lazy\" decoding=\"async\" src=\"https:\/\/www.europesays.com\/no\/wp-content\/uploads\/2025\/09\/1758663202_137_83634371.webp\" width=\"980\" height=\"559\" title=\"Foto: Terje Pedersen \/ NTB\" alt=\"\" class=\"\" style=\"--aspect-ratio-image: 1.75; \"\/><\/p>\n<p>\n          Foto: Terje Pedersen \/ NTB\n      <\/p>\n<p>&#8211; N\u00e6rmest en bombe  <\/p>\n<p>Et vitne forteller til Dagbladet at han l\u00e5 hjemme og slappet av etter jobb, da det kom et voldsomt dr\u00f8nn.\u00a0<\/p>\n<p class=\"font-weight-bold m-font-weight-bold\" data-lab-font_weight=\"font-weight-bold\">&#8211; Det er ikke akkurat normalt i hverdagen med s\u00e5nne smell. Det var en skikkelig eksplosjon. N\u00e6rmest en bombe eller et eller annet, sier vitnet.\u00a0<\/p>\n<p>Lillian Elaine Sand bor i en av leilighetene i krysset mellom Parkveien og Pilestredet. Ogs\u00e5 hun forteller til Dagbladet at hun h\u00f8rte et voldsomt smell. Like etter begynte leiligheten hennes \u00e5 riste noe voldsomt.<\/p>\n<p>&#8211; Jeg l\u00f8p til vinduet mitt for \u00e5 se hva som hadde skjedd. Da s\u00e5 jeg at det var masse knust glass fra en neglsalong som ligger i f\u00f8rsteetasjen, sier hun til Dagbladet.<\/p>\n<p>          <img loading=\"lazy\" decoding=\"async\" src=\"https:\/\/www.europesays.com\/no\/wp-content\/uploads\/2025\/09\/1758663203_521_83634330.webp\" width=\"980\" height=\"559\" title=\"EKSPLOSJON: Politiet rykket ut til Pilestredet p\u00e5 Bislett i Oslo etter en eksplosjon tirsdag kveld. Foto: Henrik Fossedal \/ Dagbladet\" alt=\"\" class=\"\" style=\"--aspect-ratio-image: 1.75; \"\/><\/p>\n<p>\n          EKSPLOSJON: Politiet rykket ut til Pilestredet p\u00e5 Bislett i Oslo etter en eksplosjon tirsdag kveld. Foto: Henrik Fossedal \/ Dagbladet\n      <\/p>\n<p> &#8211; Jeg s\u00e5 en gjenstand p\u00e5 gata. Det s\u00e5 ut som om det var den som hadde blitt kastet. Den var p\u00e5 st\u00f8rrelse med en avokado. Like etter kom flere politistyrker til stedet. De ba oss alle om \u00e5 trekke vekk fra vinduene eller komme oss vekk fra omr\u00e5det, sier hun. <\/p>\n<p>Jonar Teigen ble ogs\u00e5 vitne til eksplosjonen fra leiligheten 10-12 meter unna.\u00a0<\/p>\n<p>&#8211;\u00a0\u00a0Vi hadde vinduene \u00e5pne fordi vi lagde mat. Det kom et skikkelig h\u00f8yt smell. Det kimte i \u00f8rene og dundret i brystet. Vi s\u00e5 ut og s\u00e5 en stor r\u00f8yksky og glassk\u00e5r p\u00e5 bakken. <\/p>\n<p>Teigen forteller at han s\u00e5 en gutt l\u00f8pe over veien like etter.\u00a0<\/p>\n<p>&#8211;\u00a0\u00a0Han ble tatt av noen forbipasserende som ropte at vi m\u00e5tte ringe politet. Vi h\u00f8rte at han ble tatt h\u00e5nd om, han gjorde ikke motstand, sier Teigen, som ikke vet om personen er p\u00e5grepet av politiet.\u00a0<\/p>\n<p>          <img loading=\"lazy\" decoding=\"async\" src=\"https:\/\/www.europesays.com\/no\/wp-content\/uploads\/2025\/09\/83634396.webp\" width=\"686\" height=\"392\" title=\"Skjermdump: N\u00f8dvarsel\" alt=\"\" class=\"\" style=\"--aspect-ratio-image: 1.75; \"\/><\/p>\n<p>\n          Skjermdump: N\u00f8dvarsel\n      <\/p>\n<p>N\u00f8dvarsel<\/p>\n<p>Myndighetene sendte ut n\u00f8dvarsel i forbindelse med eksplosjonen:<\/p>\n<p>\u00abDet har v\u00e6rt en eksplosjon i omr\u00e5det Pilestredet. Ettersom det forsatt er sprenglegeme i omr\u00e5det, s\u00e5 \u00f8nsker politiet at befolkningen trekker bort fra vinduer. Per n\u00e5 foretas det ikke evakuering fra omr\u00e5det.\u00bb<\/p>\n<p>Politiets sikkerhetstjeneste er rutinemessig orientert om hendelsen.\u00a0<\/p>\n<p>&#8211; Utover det har vi ingen kommentar og henviser til politiet, sier seniorr\u00e5dgiver Eirik Veum i PST til Dagbladet.<\/p>\n<p> Dagbladet har v\u00e6rt i kontakt med Statsministerens kontor som ikke har noen kommentar p\u00e5 n\u00e5v\u00e6rende tidspunkt. <\/p>\n<p>Forsinkelser<\/p>\n<p> Pressevakt i Ruter, \u00d8ystein Dahl Johansen, forteller til Dagbladet at trikken st\u00e5r i begge retninger i krysset Pilestredet Parkveien som f\u00f8lge av hendelsen.<\/p>\n<p>&#8211; Det f\u00f8rer til forsinkelser p\u00e5 linje 17, 18 og 19, forteller Johansen til Dagbladet.<\/p>\n<p>Han sier at det bare er forsinkelser p\u00e5 trikken, ikke annen kollektivtrafikk i omr\u00e5det, per n\u00e5. <\/p>\n<p>Politiet skriver klokka 23.03 at at de fortsatt jobber p\u00e5 \u00e5stedet og vil fortsette utover natta.\u00a0<\/p>\n<p>&#8211;\u00a0 Pilestredet er sperret inn fra Dalsbergstien, Parkveien og Hegdehaugsveien, skriver politiet.\u00a0<\/p>\n","protected":false},"excerpt":{"rendered":"Det var klokka 20.43 tirsdag kveld at Oslo politidistrikt meldte om en eksplosjon i Pilestredet p\u00e5 Bislett, sentralt&hellip;\n","protected":false},"author":2,"featured_media":43432,"comment_status":"","ping_status":"","sticky":false,"template":"","format":"standard","meta":{"footnotes":""},"categories":[10],"tags":[20,21,24,25,15,22,23,13,30,28,29,14,16,26,27,412],"class_list":{"0":"post-43431","1":"post","2":"type-post","3":"status-publish","4":"format-standard","5":"has-post-thumbnail","7":"category-norge","8":"tag-breaking-news","9":"tag-breakingnews","10":"tag-featured-news","11":"tag-featurednews","12":"tag-headlines","13":"tag-latest-news","14":"tag-latestnews","15":"tag-news","16":"tag-no","17":"tag-norge","18":"tag-norway","19":"tag-nyheter","20":"tag-overskrifter","21":"tag-top-stories","22":"tag-topstories","23":"tag-utenriks"},"share_on_mastodon":{"url":"","error":""},"_links":{"self":[{"href":"https:\/\/www.europesays.com\/no\/wp-json\/wp\/v2\/posts\/43431","targetHints":{"allow":["GET"]}}],"collection":[{"href":"https:\/\/www.europesays.com\/no\/wp-json\/wp\/v2\/posts"}],"about":[{"href":"https:\/\/www.europesays.com\/no\/wp-json\/wp\/v2\/types\/post"}],"author":[{"embeddable":true,"href":"https:\/\/www.europesays.com\/no\/wp-json\/wp\/v2\/users\/2"}],"replies":[{"embeddable":true,"href":"https:\/\/www.europesays.com\/no\/wp-json\/wp\/v2\/comments?post=43431"}],"version-history":[{"count":0,"href":"https:\/\/www.europesays.com\/no\/wp-json\/wp\/v2\/posts\/43431\/revisions"}],"wp:featuredmedia":[{"embeddable":true,"href":"https:\/\/www.europesays.com\/no\/wp-json\/wp\/v2\/media\/43432"}],"wp:attachment":[{"href":"https:\/\/www.europesays.com\/no\/wp-json\/wp\/v2\/media?parent=43431"}],"wp:term":[{"taxonomy":"category","embeddable":true,"href":"https:\/\/www.europesays.com\/no\/wp-json\/wp\/v2\/categories?post=43431"},{"taxonomy":"post_tag","embeddable":true,"href":"https:\/\/www.europesays.com\/no\/wp-json\/wp\/v2\/tags?post=43431"}],"curies":[{"name":"wp","href":"https:\/\/api.w.org\/{rel}","templated":true}]}}