{"id":43479,"date":"2025-09-24T00:24:10","date_gmt":"2025-09-24T00:24:10","guid":{"rendered":"https:\/\/www.europesays.com\/no\/43479\/"},"modified":"2025-09-24T00:24:10","modified_gmt":"2025-09-24T00:24:10","slug":"kong-charles-setter-foten-ned-for-prins-harry","status":"publish","type":"post","link":"https:\/\/www.europesays.com\/no\/43479\/","title":{"rendered":"Kong Charles setter foten ned for prins Harry"},"content":{"rendered":"\n<p class=\"_lead_ew2ao_2 _lead_xtcu6_50 layout-component text-serif-m layout-normal text-serif-l layout-component layout-wide layout-padded _wide_17hqh_1 layout-padded\">S\u00f8nnen kan ikke v\u00e6re b\u00e5de kongelig og kommersiell akt\u00f8r, fastsl\u00e5r kong Charles, if\u00f8lge britiske medier.<\/p>\n<p><img alt=\"ENTEN ELLER: Prins Harry kan ikke b\u00e5de v\u00e6re en kommersiell akt\u00f8r og medlem av kongehuset, if\u00f8lge kong Charles. Bildet er tatt i en tidligere sammenheng; ved dronning Elizabeths begravelse 19. september 2022. Foto: DAVID ROSE \/ AFP\" class=\"_image_qp4xg_65 layout-component layout-wide\" data-fullscreen- data-track-element-type=\"Article image fullscreen\" data-track-name=\"ImageFullscreen\" fetchpriority=\"high\" decoding=\"sync\" loading=\"eager\" height=\"1376\" itemprop=\"image\"  src=\"https:\/\/www.europesays.com\/no\/wp-content\/uploads\/2025\/09\/ac1ff4a4-d244-4c0a-b854-870ca2e94b12\"  style=\"object-position:0% 0%\" width=\"2063\"\/>ENTEN ELLER: Prins Harry kan ikke b\u00e5de v\u00e6re en kommersiell akt\u00f8r og medlem av kongehuset, if\u00f8lge kong Charles. Bildet er tatt i en tidligere sammenheng; ved dronning Elizabeths begravelse 19. september 2022. Foto: DAVID ROSE \/ AFP<\/p>\n<ul aria-hidden=\"true\" class=\"_images_1y6fe_106\">\n<li><a class=\"_link_1y6fe_111\" href=\"https:\/\/www.vg.no\/forfatter\/yngve-kvistad\" style=\"z-index:1\" title=\"Yngve Kvistad\" rel=\"nofollow noopener\" target=\"_blank\"><img alt=\"Bilde av Yngve Kvistad\" class=\"_image_1y6fe_88\" fetchpriority=\"low\" loading=\"lazy\" decoding=\"async\" itemprop=\"image\"  src=\"https:\/\/www.europesays.com\/no\/wp-content\/uploads\/2025\/09\/1758673448_354_e064fa68-a4f4-4185-8846-0cea163ada68\"  width=\"480\"\/><\/a><\/li>\n<\/ul>\n<p> Oppdatert onsdag 24. september kl. 01:43    <\/p>\n<ul class=\"_list_ew2ao_3 _list_64s2r_85 _unordered_ew2ao_99 text-sans-m\">\n<li class=\"_item_ew2ao_30\">Kong Charles har if\u00f8lge The Telegraph sagt at prins Harry ikke kan v\u00e6re \u00abhalvt innenfor, halvt utenfor\u00bb kongehuset; ingen retur til offisielle roller.<\/li>\n<li class=\"_item_ew2ao_30\">Medier melder om mulig forsoning og \u00abh\u00f8yniv\u00e5-samtaler\u00bb, mens Harry gj\u00f8r flere opptredener i Storbritannia og sier: \u00abFokuset fremover m\u00e5 v\u00e6re p\u00e5 min far.\u00bb<\/li>\n<\/ul>\n<p>Vis mer <\/p>\n<p class=\"_paragraph_ew2ao_4 _paragraph_xtcu6_10 layout-component text-serif-m layout-normal text-serif-m layout-padded\">Mens det norske kongehuset \u00abskal ha samtaler\u00bb med prinsesse M\u00e4rtha Louise i kj\u00f8lvannet av den mye omtalte <a href=\"https:\/\/www.vg.no\/rampelys\/i\/ny8ymB\/kronprinsen-oensker-et-tydeligere-skille\" data-track-element-type=\"Link\" data-track-id=\"link:ny8ymB\" class=\"_link_ew2ao_39\" rel=\"nofollow noopener\" target=\"_blank\">Netflix-dokumentaren \u00abKongelige rebeller\u00bb<\/a>, har overhodet for den britiske kongefamilien gitt \u00absin\u00bb rebell, <a href=\"https:\/\/www.vg.no\/tag\/prins-harry?utm_source=vg-article&amp;utm_medium=auto-tagger&amp;utm_campaign=qPGP5g\" class=\"_link_ew2ao_39\" rel=\"nofollow noopener\" target=\"_blank\">prins Harry<\/a>, klar beskjed: <\/p>\n<p class=\"_paragraph_ew2ao_4 _paragraph_xtcu6_10 layout-component text-serif-m layout-normal text-serif-m layout-padded\">If\u00f8lge <a href=\"https:\/\/www.telegraph.co.uk\/royal-family\/2025\/09\/21\/king-clear-harry-cant-be-a-half-in-half-out-royal\/\" class=\"_link_ew2ao_39\" rel=\"nofollow noopener\" target=\"_blank\">The Daily Telegraph<\/a> skal kong Charles ha fortalt sin yngste s\u00f8nn at han ikke f\u00e5r v\u00e6re \u00abhalvt innenfor, halvt utenfor\u00bb den britiske kongefamilien.<\/p>\n<p><img alt=\"TEA-TIME: Prins Harry kom til Clarence House, farens private London-residens, 10 september. Da hadde de to ikke m\u00f8ttes p\u00e5 19 m\u00e5neder. Tebes\u00f8ket varte i 54 minutter.  Foto: Jeff Moore \/ Pa Photos \/ NTB\" class=\"_image_qp4xg_65 layout-component layout-normal\" data-fullscreen- data-track-element-type=\"Article image fullscreen\" data-track-name=\"ImageFullscreen\" decoding=\"async\" loading=\"lazy\" height=\"5760\" itemprop=\"image\"  src=\"https:\/\/www.europesays.com\/no\/wp-content\/uploads\/2025\/09\/307aabd6-418a-4caf-8c14-0976cd977037\"  style=\"object-position:0% 0%\" width=\"8640\"\/>TEA-TIME: Prins Harry kom til Clarence House, farens private London-residens, 10 september. Da hadde de to ikke m\u00f8ttes p\u00e5 19 m\u00e5neder. Tebes\u00f8ket varte i 54 minutter.  Foto: Jeff Moore \/ Pa Photos \/ NTB<\/p>\n<p class=\"_paragraph_ew2ao_4 _paragraph_xtcu6_10 layout-component text-serif-m layout-normal text-serif-m layout-padded\">Monarken, som <a href=\"https:\/\/www.telegraph.co.uk\/royal-family\/2025\/09\/10\/prince-harry-arrives-at-clarence-house-to-meet-king\/?recomm_id=2520984b-a351-4c2e-92e5-79dfa55b6b43\" class=\"_link_ew2ao_39\" rel=\"nofollow noopener\" target=\"_blank\">m\u00f8tte sin yngre s\u00f8nn i 54 minutter p\u00e5 Clarence House<\/a> tidligere denne m\u00e5neden, akter \u00e5 opprettholde avd\u00f8de dronning Elizabeths \u00f8nske om at medlemmer av kongefamilien ikke skal utf\u00f8re offisielle oppgaver samtidig som de tjener penger.<\/p>\n<p class=\"_paragraph_ew2ao_4 _paragraph_xtcu6_10 layout-component text-serif-m layout-normal text-serif-m layout-padded\">Budskapet er ikke til \u00e5 misforst\u00e5, fremholder avisen: <\/p>\n<p class=\"_paragraph_ew2ao_4 _paragraph_xtcu6_10 layout-component text-serif-m layout-normal text-serif-m layout-padded\">Det finnes ingen deltidsjobb som kongelig. Enten stiller man opp for \u00abThe Firm\u00bb, som det britiske kongehuset kalles, eller s\u00e5 gj\u00f8r man noe helt annet.<\/p>\n<p><img alt=\"KONGEFAMILIEN KRYMPER: De s\u00e5kalte arbeidende kongelige blir stadig f\u00e6rre. Her fra sommerens \u00abTrooping the Colour\u00bb, monarkens offisielle f\u00f8dselsdagsfeiring 14. juni: F.v. Sophie, hertuginne av Edinburgh, prins Edward, Hertug av Edinburgh, dronning Camilla, prins Louis av Wales, kong Charles, prins George av Wales, kronprins William, prins av Wales, prinsesse Charlotte av Wales, kronprinsesse Catherine, prinsesse av Wales, prins Edward, hertug av Kent og prinsesse Anne.  Foto: BENJAMIN CREMEL \/ AFP \/ NTB\" class=\"_image_qp4xg_65 layout-component layout-normal\" data-fullscreen- data-track-element-type=\"Article image fullscreen\" data-track-name=\"ImageFullscreen\" decoding=\"async\" loading=\"lazy\" height=\"3113\" itemprop=\"image\"  src=\"https:\/\/www.europesays.com\/no\/wp-content\/uploads\/2025\/09\/6057b3f4-5e7f-47ae-9933-7f9b5553239f\"  style=\"object-position:0% 0%\" width=\"6094\"\/>KONGEFAMILIEN KRYMPER: De s\u00e5kalte arbeidende kongelige blir stadig f\u00e6rre. Her fra sommerens \u00abTrooping the Colour\u00bb, monarkens offisielle f\u00f8dselsdagsfeiring 14. juni: F.v. Sophie, hertuginne av Edinburgh, prins Edward, Hertug av Edinburgh, dronning Camilla, prins Louis av Wales, kong Charles, prins George av Wales, kronprins William, prins av Wales, prinsesse Charlotte av Wales, kronprinsesse Catherine, prinsesse av Wales, prins Edward, hertug av Kent og prinsesse Anne.  Foto: BENJAMIN CREMEL \/ AFP \/ NTB<\/p>\n<p class=\"_paragraph_ew2ao_4 _paragraph_xtcu6_10 layout-component text-serif-m layout-normal text-serif-m layout-padded\">Den konservative avisen, som er kjent for sine kilder tett p\u00e5 Buckingham Palace, mener \u00e5 vite at kong Charles og prins Harry har et bedre utgangspunkt for forsoning, n\u00e5 som Harry har trappet ned de offentlige utfallene mot kongehuset.<\/p>\n<p class=\"_paragraph_ew2ao_4 _paragraph_xtcu6_10 layout-component text-serif-m layout-normal text-serif-m layout-padded\">Det skal ogs\u00e5 ha v\u00e6rt av betydning at prinsen har f\u00e5tt en rettslig avklaring p\u00e5 sp\u00f8rsm\u00e5let om hvem som skal ivareta hans og hans families sikkerhet n\u00e5r de befinner seg i Storbritannia.<\/p>\n<p class=\"_paragraph_ew2ao_4 _paragraph_xtcu6_10 layout-component text-serif-m layout-normal text-serif-m layout-padded\">Men noen vei tilbake til de offisielle rollene i Windsor-systemet, er ikke p\u00e5 bordet, if\u00f8lge The Telegraphs kilde.<\/p>\n<p class=\"_paragraph_ew2ao_4 _paragraph_xtcu6_10 layout-component text-serif-m layout-normal text-serif-m layout-padded\">Likevel tyder mye p\u00e5 at <a href=\"https:\/\/www.telegraph.co.uk\/news\/2025\/09\/23\/harry-half-in-half-out\/\" class=\"_link_ew2ao_39\" rel=\"nofollow noopener\" target=\"_blank\">hertugen av Sussex \u00f8nsker \u00e5 gj\u00f8re mer ut av seg<\/a> i Storbritannia. <\/p>\n<p class=\"_paragraph_ew2ao_4 _paragraph_xtcu6_10 layout-component text-serif-m layout-normal text-serif-m layout-padded\">Under sitt fire dager lange opphold tidligere i september, deltok han b\u00e5de p\u00e5 veldedighetsarrangementer og en prisutdeling \u2013 oppdrag til forveksling lik de han pleide \u00e5 utf\u00f8re p\u00e5 vegne av kongehuset.<\/p>\n<p class=\"_paragraph_ew2ao_4 _paragraph_xtcu6_10 layout-component text-serif-m layout-normal text-serif-m layout-padded\">Han hadde politibeskyttelse under WellChild Awards, men brukte sitt eget sikkerhetsteam ellers.<\/p>\n<p class=\"_paragraph_ew2ao_4 _paragraph_xtcu6_10 layout-component text-serif-m layout-normal text-serif-m layout-padded\">The <a href=\"https:\/\/www.dailymail.co.uk\/news\/royals\/article-15119981\/Prince-Harry-return-working-royal-William.html\" class=\"_link_ew2ao_39\" rel=\"nofollow noopener\" target=\"_blank\">Mail on Sunday<\/a> hevder at det har p\u00e5g\u00e5tt \u2013 og fortsatt p\u00e5g\u00e5r \u2013 \u00abh\u00f8yniv\u00e5-samtaler\u00bb mellom Buckingham Palace og Sussex-leiren for \u00e5 f\u00e5 til et \u00abgjenforeningsshow\u00bb mellom far og s\u00f8nn. <\/p>\n<p class=\"_paragraph_ew2ao_4 _paragraph_xtcu6_10 layout-component text-serif-m layout-normal text-serif-m layout-padded\">Her diskuteres det l\u00f8st om kongen og prinsen skal m\u00f8tes oftere gjennom det neste \u00e5ret, med tanke p\u00e5 en felles opptreden. Et arrangement som nevnes, er Invictus Games i Birmingham, selv om det ikke finner sted f\u00f8r i 2027.<\/p>\n<p><img alt=\"KLEMMER TIL: Prins Harry omfavner en deltaker p\u00e5 en mental helse-konferanse i London som han bes\u00f8kte under sin Englandsvisitt i september.  Foto: Aaron Chown \/ Pa Photos \/ NTB\" class=\"_image_qp4xg_65 layout-component layout-normal\" data-fullscreen- data-track-element-type=\"Article image fullscreen\" data-track-name=\"ImageFullscreen\" decoding=\"async\" loading=\"lazy\" height=\"2641\" itemprop=\"image\"  src=\"https:\/\/www.europesays.com\/no\/wp-content\/uploads\/2025\/09\/2de8ce75-56a2-4b31-b62a-df2701192a7b\"  style=\"object-position:0% 0%\" width=\"3750\"\/>KLEMMER TIL: Prins Harry omfavner en deltaker p\u00e5 en mental helse-konferanse i London som han bes\u00f8kte under sin Englandsvisitt i september.  Foto: Aaron Chown \/ Pa Photos \/ NTB<\/p>\n<p class=\"_paragraph_ew2ao_4 _paragraph_xtcu6_10 layout-component text-serif-m layout-normal text-serif-m layout-padded\">En kilde n\u00e6r Harry understreker overfor avisen at bes\u00f8ket ikke handlet om \u00e5 stjele brorens rampelys. <\/p>\n<p class=\"_paragraph_ew2ao_4 _paragraph_xtcu6_10 layout-component text-serif-m layout-normal text-serif-m layout-padded\">Tvert imot, hevdes det, ville Harry vise at han kan ta noe av presset av William, som har f\u00e5tt kritikk for \u00e5 ta p\u00e5 seg f\u00e6rre oppdrag enn sin far.<\/p>\n<p class=\"_paragraph_ew2ao_4 _paragraph_xtcu6_10 layout-component text-serif-m layout-normal text-serif-m layout-padded\">Det blir ogs\u00e5 hevdet at Harry bevisst holdt seg unna rampelyset under det amerikanske statsbes\u00f8ket nylig, for ikke \u00e5 risikere \u00e5 overskygge kongen eller president Trump. <\/p>\n<p><img alt=\"Foto: Aaron Chown \/ Reuters \/ NTB\" class=\"_image_qp4xg_65 layout-component layout-normal\" data-fullscreen- data-track-element-type=\"Article image fullscreen\" data-track-name=\"ImageFullscreen\" decoding=\"async\" loading=\"lazy\" height=\"2488\" itemprop=\"image\"  src=\"https:\/\/www.europesays.com\/no\/wp-content\/uploads\/2025\/09\/3e82cd2f-fcda-4f7b-9632-d3c05c17917a\"  style=\"object-position:0% 0%\" width=\"3728\"\/>Foto: Aaron Chown \/ Reuters \/ NTB<\/p>\n<p class=\"_paragraph_ew2ao_4 _paragraph_xtcu6_10 layout-component text-serif-m layout-normal text-serif-m layout-padded\">Det var i januar 2020 at hertugparet Sussex \u2013 Harry og Meghan \u2013 varslet at de ville \u00abtre tilbake som senior-medlemmer av kongefamilien\u00bb og bli \u00f8konomisk uavhengige.<\/p>\n<p class=\"_paragraph_ew2ao_4 _paragraph_xtcu6_10 layout-component text-serif-m layout-normal text-serif-m layout-padded\">Buckingham Palace svarte med \u00e5 trekke et tydelig skille: Harry og Meghan kunne beholde sine private veldedige prosjekter, men de kunne ikke lenger representere kongehuset.<\/p>\n<p class=\"_paragraph_ew2ao_4 _paragraph_xtcu6_10 layout-component text-serif-m layout-normal text-serif-m layout-padded\">S\u00e5 fulgte Oprah-intervjuet, Netflix-dokumentaren og Harrys selvbiografi Spare, der kongefamilien indirekte ble beskyldt for rasisme p\u00e5 grunn av anonyme kommentarer som skulle ha falt om Meghan Markles afroamerikanske opprinnelse.<\/p>\n<p><img decoding=\"async\" alt=\"Bilde av \" class=\"_image_ygndg_42\" height=\"27\" itemprop=\"image\" loading=\"lazy\"  src=\"https:\/\/www.europesays.com\/no\/wp-content\/uploads\/2025\/09\/6a39032b-7af4-44b5-a5cf-732c0c4b1804\"  width=\"40\"\/><strong class=\"_name_ygndg_51 title-serif-xs\"\/><\/p>\n<p class=\"_paragraph_ew2ao_4 _paragraph_xtcu6_10 layout-component text-serif-m layout-normal text-serif-m layout-padded\">Forholdet mellom Charles og Harry, samt mellom Harry og broren, kronprins William, har lenge v\u00e6rt kj\u00f8lig. <\/p>\n<p class=\"_paragraph_ew2ao_4 _paragraph_xtcu6_10 layout-component text-serif-m layout-normal text-serif-m layout-padded\">Da Harry i mai tapte sikkerhetssaken han hadde anlagt mot det britiske innenriksdepartementet, sa prinsen til BBC: \u00abJeg vet ikke hvor lenge faren min har igjen. Han vil ikke snakke med meg p\u00e5 grunn av dette sikkerhetsopplegget, men det hadde v\u00e6rt fint med en forsoning.\u00bb<\/p>\n<p class=\"_paragraph_ew2ao_4 _paragraph_xtcu6_10 layout-component text-serif-m layout-normal text-serif-m layout-padded\">N\u00e5, etter det korte m\u00f8tet med kongen tidligere i september, sier Harry til The Guardian: \u00abFokuset fremover m\u00e5 v\u00e6re p\u00e5 min far.\u00bb<\/p>\n<p class=\"_paragraph_ew2ao_4 _paragraph_xtcu6_10 layout-component text-serif-m layout-normal text-serif-m layout-padded\">Prins Harrys talsmann fremholder overfor London-avisen <a href=\"https:\/\/www.thetimes.com\/uk\/royal-family\/article\/king-charles-prince-harry-half-in-out-3kdthnn0d\" class=\"_link_ew2ao_39\" rel=\"nofollow noopener\" target=\"_blank\">The Times<\/a> at \u00abhertugparet trives godt i California\u00bb, og at prinsen utover det \u00abikke \u00f8nsker \u00e5 kommentere noe som har med hans egen familie eller kongefamilien \u00e5 gj\u00f8re\u00bb. <\/p>\n<p>Les ogs\u00e5<\/p>\n","protected":false},"excerpt":{"rendered":"S\u00f8nnen kan ikke v\u00e6re b\u00e5de kongelig og kommersiell akt\u00f8r, fastsl\u00e5r kong Charles, if\u00f8lge britiske medier. ENTEN ELLER: Prins&hellip;\n","protected":false},"author":2,"featured_media":43480,"comment_status":"","ping_status":"","sticky":false,"template":"","format":"standard","meta":{"footnotes":""},"categories":[58],"tags":[71,3994,76,30,28,29,75,865,72,46],"class_list":{"0":"post-43479","1":"post","2":"type-post","3":"status-publish","4":"format-standard","5":"has-post-thumbnail","7":"category-underholdning","8":"tag-entertainment","9":"tag-kong-charles","10":"tag-kongelig","11":"tag-no","12":"tag-norge","13":"tag-norway","14":"tag-prins-harry","15":"tag-storbritannia","16":"tag-underholdning","17":"tag-vgai"},"share_on_mastodon":{"url":"","error":""},"_links":{"self":[{"href":"https:\/\/www.europesays.com\/no\/wp-json\/wp\/v2\/posts\/43479","targetHints":{"allow":["GET"]}}],"collection":[{"href":"https:\/\/www.europesays.com\/no\/wp-json\/wp\/v2\/posts"}],"about":[{"href":"https:\/\/www.europesays.com\/no\/wp-json\/wp\/v2\/types\/post"}],"author":[{"embeddable":true,"href":"https:\/\/www.europesays.com\/no\/wp-json\/wp\/v2\/users\/2"}],"replies":[{"embeddable":true,"href":"https:\/\/www.europesays.com\/no\/wp-json\/wp\/v2\/comments?post=43479"}],"version-history":[{"count":0,"href":"https:\/\/www.europesays.com\/no\/wp-json\/wp\/v2\/posts\/43479\/revisions"}],"wp:featuredmedia":[{"embeddable":true,"href":"https:\/\/www.europesays.com\/no\/wp-json\/wp\/v2\/media\/43480"}],"wp:attachment":[{"href":"https:\/\/www.europesays.com\/no\/wp-json\/wp\/v2\/media?parent=43479"}],"wp:term":[{"taxonomy":"category","embeddable":true,"href":"https:\/\/www.europesays.com\/no\/wp-json\/wp\/v2\/categories?post=43479"},{"taxonomy":"post_tag","embeddable":true,"href":"https:\/\/www.europesays.com\/no\/wp-json\/wp\/v2\/tags?post=43479"}],"curies":[{"name":"wp","href":"https:\/\/api.w.org\/{rel}","templated":true}]}}