{"id":43481,"date":"2025-09-24T00:31:28","date_gmt":"2025-09-24T00:31:28","guid":{"rendered":"https:\/\/www.europesays.com\/no\/43481\/"},"modified":"2025-09-24T00:31:28","modified_gmt":"2025-09-24T00:31:28","slug":"kultur-dnt-fondsbu-stor-interesse-for-solbjorgs-donald-debut","status":"publish","type":"post","link":"https:\/\/www.europesays.com\/no\/43481\/","title":{"rendered":"Kultur, DNT Fondsbu | Stor interesse for Solbj\u00f8rgs Donald-debut"},"content":{"rendered":"\n<p><b>FONDSBU: <\/b>Fredag 12. september landet en helt spesiell utgave av Donald i butikkhyllene.<\/p>\n<p>Og det er en kjensgjerning at det \u00e5 tr\u00e5le bladhyllene etter passende underholdning er en aktivitet som beslaglegger betraktelig mindre tid under en handletur i dag enn for 15\u201320 \u00e5r siden.<\/p>\n<p>Men n\u00e5 erkl\u00e6rer forlaget Egmont, som gir ut tegneserien, de n\u00e6rmest usannsynlige ordene for trykkpresse og l\u00f8ssalg i 2025:<\/p>\n<p><b>\u2013 Vi har et stort antall trofaste abonnenter, men n\u00e5 g\u00e5r ogs\u00e5 l\u00f8ssalget varmt, forteller Donald-redakt\u00f8r Marius Molaug hos Egmont.<\/b><\/p>\n<p>I denne utgaven er Donald p\u00e5 Norgesbes\u00f8k, og handlingen er lagt til Fjontunheimen (Jotunheimen) og Andsbu (Fondsbu). Der m\u00f8ter de bestyrerinnen Solbj\u00f8rg Skr\u00e5lshaugen (Kv\u00e5lshaugen) som har mistet kj\u00e6resten sin, og Donald og nev\u00f8ene hans m\u00e5 ut p\u00e5 en storstilt redningsaksjon.<\/p>\n<p>   <img decoding=\"async\" width=\"632\" height=\"939\" fetchpriority=\"low\"  loading=\"lazy\"  src=\"https:\/\/www.europesays.com\/no\/wp-content\/uploads\/2025\/09\/Side+1_+Foto+Disney.png\" alt=\"\" class=\"brick-c-cFOWSL\" style=\"--brick-image-ratio: 632 \/ 939;\"\/><\/p>\n<p>    Foto: Disney\n  <\/p>\n<p>Historien er f\u00f8rt i pennen av Donald-forfatter Christian Kjelstrup, og han har \u2013 sett i lys av sin kj\u00e6rlighet til b\u00e5de Jotunheimen og DNT-hytta Fondsbu \u2013 skrevet inn bestyrerinne Solbj\u00f8rg Kv\u00e5lshaugen i historien.<\/p>\n<p>Og det er nok nettopp det erkenorske og ikke minst den lokale forankringen som lokker nordmenn til butikken for \u00e5 sikre seg en utgave i disse dager, skal vi tro forlaget.<\/p>\n<p>Molaug forteller at det s\u00e6rlig meldes om tomme hyller i Innlandet, hvor historien utspiller seg, og at det ogs\u00e5 kommer mange telefoner fra privatpersoner som etterlyser flere blader.<\/p>\n<p><b>\u2013 Vi ringes ned av forhandlere med tomme hyller, og skraper n\u00e5 sammen det vi har for \u00e5 ettersende. Det er jo en tegneserie-begivenhet n\u00e5r Donald kommer til Norge, og n\u00e5 er det skikkelig Donald-feber over det ganske land!<\/b><\/p>\n<p>  <a href=\"https:\/\/www.avisa-valdres.no\/5-54-1114085\" class=\"related-teaser has-image default-story-teaser article--c-eRUmMG article--c-eRUmMG-jKCPdD-design-default\" rel=\"nofollow noopener\" target=\"_blank\"><\/p>\n<p>    <img decoding=\"async\" loading=\"lazy\"  src=\"https:\/\/www.europesays.com\/no\/wp-content\/uploads\/2025\/09\/Donaldp%C3%A5fondsbu-20.jpg\" alt=\"\" class=\"brick-c-cFOWSL\" style=\"\"\/><\/p>\n<p>\n            Les ogs\u00e5<\/p>\n<p>              Solbj\u00f8rg har blitt portrettert i Donald: \u2013 Et \u00abklype meg i armen\u00bb-\u00f8yeblikk\n        <\/p>\n<p>  <\/a><\/p>\n","protected":false},"excerpt":{"rendered":"FONDSBU: Fredag 12. september landet en helt spesiell utgave av Donald i butikkhyllene. Og det er en kjensgjerning&hellip;\n","protected":false},"author":2,"featured_media":43482,"comment_status":"","ping_status":"","sticky":false,"template":"","format":"standard","meta":{"footnotes":""},"categories":[58],"tags":[36,6820,6821,6822,71,410,30,28,29,1510,72],"class_list":{"0":"post-43481","1":"post","2":"type-post","3":"status-publish","4":"format-standard","5":"has-post-thumbnail","7":"category-underholdning","8":"tag-art","9":"tag-dnt-fondsbu","10":"tag-donald-duck","11":"tag-egmont","12":"tag-entertainment","13":"tag-kultur","14":"tag-no","15":"tag-norge","16":"tag-norway","17":"tag-story","18":"tag-underholdning"},"share_on_mastodon":{"url":"","error":""},"_links":{"self":[{"href":"https:\/\/www.europesays.com\/no\/wp-json\/wp\/v2\/posts\/43481","targetHints":{"allow":["GET"]}}],"collection":[{"href":"https:\/\/www.europesays.com\/no\/wp-json\/wp\/v2\/posts"}],"about":[{"href":"https:\/\/www.europesays.com\/no\/wp-json\/wp\/v2\/types\/post"}],"author":[{"embeddable":true,"href":"https:\/\/www.europesays.com\/no\/wp-json\/wp\/v2\/users\/2"}],"replies":[{"embeddable":true,"href":"https:\/\/www.europesays.com\/no\/wp-json\/wp\/v2\/comments?post=43481"}],"version-history":[{"count":0,"href":"https:\/\/www.europesays.com\/no\/wp-json\/wp\/v2\/posts\/43481\/revisions"}],"wp:featuredmedia":[{"embeddable":true,"href":"https:\/\/www.europesays.com\/no\/wp-json\/wp\/v2\/media\/43482"}],"wp:attachment":[{"href":"https:\/\/www.europesays.com\/no\/wp-json\/wp\/v2\/media?parent=43481"}],"wp:term":[{"taxonomy":"category","embeddable":true,"href":"https:\/\/www.europesays.com\/no\/wp-json\/wp\/v2\/categories?post=43481"},{"taxonomy":"post_tag","embeddable":true,"href":"https:\/\/www.europesays.com\/no\/wp-json\/wp\/v2\/tags?post=43481"}],"curies":[{"name":"wp","href":"https:\/\/api.w.org\/{rel}","templated":true}]}}