{"id":43483,"date":"2025-09-24T00:38:33","date_gmt":"2025-09-24T00:38:33","guid":{"rendered":"https:\/\/www.europesays.com\/no\/43483\/"},"modified":"2025-09-24T00:38:33","modified_gmt":"2025-09-24T00:38:33","slug":"camilla-botilsrud-sagen-om-livet-som-smabarnsmor-2","status":"publish","type":"post","link":"https:\/\/www.europesays.com\/no\/43483\/","title":{"rendered":"Camilla Botilsrud Sagen om livet som sm\u00e5barnsmor:"},"content":{"rendered":"<p class=\"kicker \" style=\"\">Camilla Botilsrud Sagen og Markus Botten:<\/p>\n<p>  \u00abGod morgen Norge\u00bb-profilen forteller at hun trives i mammarollen og savner ikke jobben ett sekund.<\/p>\n<p>\n    FRI: Markus Botten og Camilla Bortilsurd Sagen tok seg f\u00f8rste frikveld p\u00e5 sju uker. Foto: Andreas Fadum \/ Se og H\u00f8r\n  <\/p>\n<p>Det har g\u00e5tt rundt ett \u00e5r siden vi s\u00e5\u00a0romantikken mellom Camilla Botilsrud Sagen og Markus Botten blomstre i \u00abJakten p\u00e5 kj\u00e6rligheten\u00bb.\u00a0<\/p>\n<p>Mye har skjedd siden da, og paret har rukket \u00e5 b\u00e5de bli samboere og foreldre. I sommer kunne de nemlig \u00f8nske dattera\u00a0Hedvig-Alvilde velkommen til verden.\u00a0<\/p>\n<p>    <a itemprop=\"url\" href=\"https:\/\/www.dagbladet.no\/kjendis\/raser-svaert-farlig\/83625281\" rel=\"nofollow noopener\" target=\"_blank\"><\/p>\n<p>      <img loading=\"lazy\" decoding=\"async\" src=\"https:\/\/www.europesays.com\/no\/wp-content\/uploads\/2025\/09\/1758674311_914_83625338.webp\" width=\"147\" height=\"98\" title=\"Raser: - Sv\u00e6rt farlig\" alt=\"\" class=\"lazyload\" style=\"--aspect-ratio-image: 1.50; \"\/><\/p>\n<p>        Raser: &#8211; Sv\u00e6rt farlig<\/p>\n<p>    <\/a><\/p>\n<p>&#8211; F\u00e5r kj\u00f8rt seg\t<\/p>\n<p>Etter sju uker som foreldre tok paret seg en aldri s\u00e5 liten frikveld under Se og H\u00f8rs Reality Awards s\u00f8ndag kveld.\u00a0<\/p>\n<p>Der snakket de varmt om den nye hverdagen som sm\u00e5barnsforeldre.<\/p>\n<p>&#8211; Det er utrolig koselig. Selvf\u00f8lgelig nytt og overveldende. Men livet 2.0 er et liv jeg ikke ville v\u00e6rt foruten.\u00a0Jeg tror det som har overrasket meg mest er hva slags f\u00f8lelser hun lille kan tr\u00f8kke fram s\u00e5 fort, sier Hagen mens f\u00f8lelsene tar litt overh\u00e5nd:<\/p>\n<p>        SETTES UT: Camilla Sagen overraskes da frierne har snoket i tingene hennes. Video: \u00abJakten p\u00e5 kj\u00e6rligheten\u00bb\/ TV 2. <\/p>\n<p>&#8211; \u00c5, jeg er full av hormoner n\u00e5!\u00a0At det smilet kan f\u00e5 meg til \u00e5 begynne \u00e5 grine selv om jeg er skikkelig sliten [&#8230;]. Jeg tror det f\u00f8lelsesregisteret virkelig f\u00e5r kj\u00f8rt seg.<\/p>\n<p>Paret forteller at dette er f\u00f8rste gang de har v\u00e6rt borte fra dattera.<\/p>\n<p>&#8211; Det er jo godt p\u00e5 et vis. Vi har v\u00e6rt med henne hele tida, s\u00e5 det \u00e5 v\u00e6re kj\u00e6rester har blitt satt litt til side, sier Botten.<\/p>\n<p>Lille Hedvig-Alvilde er heldigvis i n\u00e6rheten, og Sagen forteller den sju uker gamle dattera bare er et kvartal unna.<\/p>\n<p>    <a itemprop=\"url\" href=\"https:\/\/www.dagbladet.no\/kjendis\/tordner-gatt-for-langt\/83609704\" rel=\"nofollow noopener\" target=\"_blank\"><\/p>\n<p>      <img loading=\"lazy\" decoding=\"async\" src=\"https:\/\/www.europesays.com\/no\/wp-content\/uploads\/2025\/09\/1758674312_954_83609716.webp\" width=\"980\" height=\"441\" title=\"Tordner: - G\u00e5tt for langt\" alt=\"\" class=\"lazyload\" style=\"--aspect-ratio-image: 2.22; \"\/><\/p>\n<p>        Tordner: &#8211; G\u00e5tt for langt<\/p>\n<p>    <\/a><\/p>\n<p>Samboere og foreldre\t<\/p>\n<p>&#8211; Hadde dere trodd at dere kom til \u00e5 st\u00e5 her da du sendte inn brev til \u00abJakten p\u00e5 kj\u00e6rligheten\u00bb? <\/p>\n<p>&#8211; Ikke i det hele tatt. Det er surrealistisk, spesielt med tanke p\u00e5 hvor kort tid som har g\u00e5tt.<\/p>\n<p>        VALGET: Camilla Botilsrud Sagen tar sitt endelige valg i \u00abJakten p\u00e5 kj\u00e6rligheten\u00bb, og de tar ogs\u00e5 relasjonen et steg videre. Video: R\u00f8d L\u00f8per \/ TV 2<\/p>\n<p>Ogs\u00e5 Sagen synes tida har flydd unna:<\/p>\n<p>&#8211; Det f\u00f8les ut som at Markus har v\u00e6rt her hele livet mitt. Men det er en fin f\u00f8lelse \u00e5 sitte med. Det f\u00f8les s\u00e5 trygt og godt. Det er klisj\u00e9 \u00e5 si, men det er \u00abmeant to be\u00bb.<\/p>\n<p>TV-profilen er for tida i mammaperm, noe hun trives godt med.<\/p>\n<p>    <a itemprop=\"url\" href=\"https:\/\/www.dagbladet.no\/kjendis\/har-ikke-sagt-det-til-noen\/83621668\" rel=\"nofollow noopener\" target=\"_blank\"><\/p>\n<p>      <img loading=\"lazy\" decoding=\"async\" src=\"https:\/\/www.europesays.com\/no\/wp-content\/uploads\/2025\/09\/83619902.webp\" width=\"147\" height=\"98\" title=\"- Har ikke sagt det til noen\" alt=\"\" class=\"lazyload\" style=\"--aspect-ratio-image: 1.50; \"\/><\/p>\n<p>        &#8211; Har ikke sagt det til noen <\/p>\n<p>    <\/a><\/p>\n<p class=\"italic m-italic\" data-lab-italic=\"italic\">&#8211; Savner du jobben i det hele tatt?<\/p>\n<p>&#8211; Nei, ikke ett sekund! Sorry, \u00abGod morgen Norge\u00bb. Jeg tror jeg s\u00e5 f\u00f8rste sending forrige uke, og da s\u00e5 jeg bare noen minutter. Jeg har hatt en pause fra nesten all teknologi, og har nesten ikke sett noe TV. Jeg kan heller bare sitte og se p\u00e5 at hun ammes i 40 minutter. S\u00e5 nei, jeg har ikke savnet jobben. Men folka gleder jeg meg til \u00e5 se igjen!<\/p>\n","protected":false},"excerpt":{"rendered":"Camilla Botilsrud Sagen og Markus Botten: \u00abGod morgen Norge\u00bb-profilen forteller at hun trives i mammarollen og savner ikke&hellip;\n","protected":false},"author":2,"featured_media":43033,"comment_status":"","ping_status":"","sticky":false,"template":"","format":"standard","meta":{"footnotes":""},"categories":[58],"tags":[230,71,231,479,6552,30,28,29,72],"class_list":{"0":"post-43483","1":"post","2":"type-post","3":"status-publish","4":"format-standard","5":"has-post-thumbnail","7":"category-underholdning","8":"tag-camilla-botilsrud-sagen","9":"tag-entertainment","10":"tag-jakten-pa-kjaerligheten","11":"tag-kjendis","12":"tag-markus-botten","13":"tag-no","14":"tag-norge","15":"tag-norway","16":"tag-underholdning"},"share_on_mastodon":{"url":"","error":""},"_links":{"self":[{"href":"https:\/\/www.europesays.com\/no\/wp-json\/wp\/v2\/posts\/43483","targetHints":{"allow":["GET"]}}],"collection":[{"href":"https:\/\/www.europesays.com\/no\/wp-json\/wp\/v2\/posts"}],"about":[{"href":"https:\/\/www.europesays.com\/no\/wp-json\/wp\/v2\/types\/post"}],"author":[{"embeddable":true,"href":"https:\/\/www.europesays.com\/no\/wp-json\/wp\/v2\/users\/2"}],"replies":[{"embeddable":true,"href":"https:\/\/www.europesays.com\/no\/wp-json\/wp\/v2\/comments?post=43483"}],"version-history":[{"count":0,"href":"https:\/\/www.europesays.com\/no\/wp-json\/wp\/v2\/posts\/43483\/revisions"}],"wp:featuredmedia":[{"embeddable":true,"href":"https:\/\/www.europesays.com\/no\/wp-json\/wp\/v2\/media\/43033"}],"wp:attachment":[{"href":"https:\/\/www.europesays.com\/no\/wp-json\/wp\/v2\/media?parent=43483"}],"wp:term":[{"taxonomy":"category","embeddable":true,"href":"https:\/\/www.europesays.com\/no\/wp-json\/wp\/v2\/categories?post=43483"},{"taxonomy":"post_tag","embeddable":true,"href":"https:\/\/www.europesays.com\/no\/wp-json\/wp\/v2\/tags?post=43483"}],"curies":[{"name":"wp","href":"https:\/\/api.w.org\/{rel}","templated":true}]}}