{"id":43603,"date":"2025-09-24T11:00:10","date_gmt":"2025-09-24T11:00:10","guid":{"rendered":"https:\/\/www.europesays.com\/no\/43603\/"},"modified":"2025-09-24T11:00:10","modified_gmt":"2025-09-24T11:00:10","slug":"gikk-fra-skilsmisse-og-okonomisk-stress-til-forelskelse-og-luksusvilla","status":"publish","type":"post","link":"https:\/\/www.europesays.com\/no\/43603\/","title":{"rendered":"Gikk fra skilsmisse og \u00f8konomisk stress til forelskelse og luksusvilla"},"content":{"rendered":"<p class=\"kicker \" style=\"\">Karianne Amlie:\u00a0<\/p>\n<p>  Karianne Amlie \u00e5pner seg om hvordan alt snudde da hun fant kj\u00e6rligheten, og flyttet inn i en villa til 43 millioner.<\/p>\n<p>\n    T\u00d8FFE TIDER: Etter 20 \u00e5rs ekteskap sto Karianne Amlie igjen alene med to barn, milliongjeld og et stort hus p\u00e5 Bekkelaget. Hun innr\u00f8mmer at det var f\u00f8rste gang hun virkelig kjente p\u00e5 \u00f8konomisk stress. Foto: Tor Lindseth \/ Se og H\u00f8r\n  <\/p>\n<p>Hun er kjent for \u00e5 lose nordmenn gjennom \u00abBoligjakten\u00bb og \u00abBoligkj\u00f8p i blinde\u00bb.\u00a0<\/p>\n<p class=\"font-weight-bold m-font-weight-bold\" data-lab-font_weight=\"font-weight-bold\">P\u00e5 TV-skjermen fremst\u00e5r Karianne Amlie (48) som en uredd ekspert med st\u00e5lkontroll, men privatlivet har de siste \u00e5rene v\u00e6rt alt annet enn enkelt.<\/p>\n<p>    <a itemprop=\"url\" href=\"https:\/\/www.seher.no\/kjendis\/brudd-etter-20-ar\/80154222\" rel=\"nofollow noopener\" target=\"_blank\"><\/p>\n<p>      <img loading=\"lazy\" decoding=\"async\" src=\"https:\/\/www.europesays.com\/no\/wp-content\/uploads\/2025\/09\/80153950.webp\" width=\"980\" height=\"441\" title=\"Brudd etter 20 \u00e5r\" alt=\"\" class=\"lazyload\" style=\"--aspect-ratio-image: 2.22; \"\/><\/p>\n<p>        Brudd etter 20 \u00e5r<\/p>\n<p>    <\/a><\/p>\n<p>For to og et halvt \u00e5r siden ble ekteskapet brutt etter 20 \u00e5r. Sammen med eksmannen hadde hun bygget b\u00e5de familie og forretning, men plutselig m\u00e5tte alt organiseres p\u00e5 nytt &#8211; barn, hus, \u00f8konomi og jobb.<\/p>\n<p>Karianne forteller n\u00e5 at hun f\u00f8lte seg s\u00e5 ensom i eget liv. Det kommer frem i Sebastian Solbergs (34) podkast\u00a0<a href=\"https:\/\/podcasts.apple.com\/ee\/podcast\/karianne-amlie-fra-eiendomsmarked-til-kj%C3%A6rlighetsmarked\/id1809095147?i=1000727805993\" rel=\"nofollow noopener\" target=\"_blank\">\u00abWho\u2019s Your Daddy?\u00bb<\/a>.<\/p>\n<p>          <img loading=\"lazy\" decoding=\"async\" src=\"https:\/\/www.europesays.com\/no\/wp-content\/uploads\/2025\/09\/82679939.webp\" width=\"686\" height=\"865\" title=\"SOLGT: Karianne Amlie fikk litt over 20 millioner for det gamle huset. N\u00e5 har hun kj\u00f8pt et nytt med basseng og utsikt like ved. Foto: Morten Eik \/ Se og H\u00f8r\" alt=\"\" class=\"\" style=\"--aspect-ratio-image: 0.79; \"\/><\/p>\n<p>\n          SOLGT: Karianne Amlie fikk litt over 20 millioner for det gamle huset. N\u00e5 har hun kj\u00f8pt et nytt med basseng og utsikt like ved. Foto: Morten Eik \/ Se og H\u00f8r\n      <\/p>\n<p>M\u00e5tte jobbe beinhardt\u00a0\t<\/p>\n<p>Skilsmissen b\u00f8d p\u00e5 \u00f8konomiske utfordringer, forteller hun. Etter bruddet sto hun igjen med over ni millioner kroner i l\u00e5n og <a href=\"https:\/\/www.seher.no\/kjendis\/selger-luksusvilla-vemodig\/82627028\" rel=\"nofollow noopener\" target=\"_blank\">et stort hus p\u00e5 Bekkelaget<\/a>\u00a0i Oslo.\u00a0<\/p>\n<p>          <img loading=\"lazy\" decoding=\"async\" src=\"https:\/\/www.europesays.com\/no\/wp-content\/uploads\/2025\/09\/83628411.webp\" width=\"686\" height=\"467\" title=\"UTSIKT: Amlies nye hus ligger bare et steinkast unna hennes gamle sveitservilla. Foto: John L\u00f8v\u00e5s\" alt=\"\" class=\"\" style=\"--aspect-ratio-image: 1.47; \"\/><\/p>\n<p>\n          UTSIKT: Amlies nye hus ligger bare et steinkast unna hennes gamle sveitservilla. Foto: John L\u00f8v\u00e5s\n      <\/p>\n<p>Samtidig skulle hun balansere rollen som mor til to gutter med en travel karriere som eiendomsmegler og TV-profil.<\/p>\n<p>        FORELSKET: John Arne Riise viser fram sin nye utk\u00e5rede for f\u00f8rste gang p\u00e5 l\u00f8peren til Reality Awards. Video: Thea Hope \/ R\u00f8d L\u00f8per.<\/p>\n<p class=\"font-weight-bold m-font-weight-bold\" data-lab-font_weight=\"font-weight-bold\">&#8211; Det var f\u00f8rste gang jeg virkelig kjente p\u00e5 \u00f8konomisk stress. Jeg m\u00e5tte selge bil, kutte i matbudsjett og jobbe beinhardt for \u00e5 f\u00e5 endene til \u00e5 m\u00f8tes, forteller hun i podkasten.\u00a0<\/p>\n<p>Det var da hun fant kj\u00e6resten, mens hun var\u00a0<a href=\"https:\/\/www.seher.no\/kjendis\/bekrefter-ny-kjaereste\/82045154\" rel=\"nofollow noopener\" target=\"_blank\">p\u00e5 trening<\/a>.\u00a0<\/p>\n<p>          <img loading=\"lazy\" decoding=\"async\" src=\"https:\/\/www.europesays.com\/no\/wp-content\/uploads\/2025\/09\/83628417.webp\" width=\"686\" height=\"625\" title=\"TILBAKEBLIKK: Karianne Amlie og eksmannen Tormod Samuelsen var et par i 20 \u00e5r. Foto: Morten Eik \/ Se og H\u00f8r)\" alt=\"\" class=\"\" style=\"--aspect-ratio-image: 1.10; \"\/><\/p>\n<p>\n          TILBAKEBLIKK: Karianne Amlie og eksmannen Tormod Samuelsen var et par i 20 \u00e5r. Foto: Morten Eik \/ Se og H\u00f8r)\n      <\/p>\n<p> &#8211; Samme dag inviterte han meg p\u00e5 en date, og siden har vi v\u00e6rt sammen, har en str\u00e5lende forn\u00f8yd Karianne tidligere fortalt til Se og H\u00f8r.<\/p>\n<p>    <a itemprop=\"url\" href=\"https:\/\/www.seher.no\/kjendis\/mistet-lappen-pa-livstid-na-kjorer-han-igjen\/83616685\" rel=\"nofollow noopener\" target=\"_blank\"><\/p>\n<p>      <img loading=\"lazy\" decoding=\"async\" src=\"https:\/\/www.europesays.com\/no\/wp-content\/uploads\/2025\/09\/83628442.webp\" width=\"147\" height=\"98\" title=\"Her kj\u00f8rer han bil igjen\" alt=\"\" class=\"lazyload\" style=\"--aspect-ratio-image: 1.50; \"\/><\/p>\n<p>        Her kj\u00f8rer han bil igjen<\/p>\n<p>    <\/a><\/p>\n<p>Forelskelsen kom raskt, og f\u00f8r \u00e5ret var omme kj\u00f8pte de en <a href=\"https:\/\/www.seher.no\/kjendis\/flytter-sammen-med-ny-kjaereste-og-fire-barn\/82919437\" rel=\"nofollow noopener\" target=\"_blank\">villa p\u00e5 Nordstrand i Oslo<\/a>. Prislappen var p\u00e5 hele 43 millioner kroner.<\/p>\n<p>Paret har n\u00e5 sl\u00e5tt sammen sine familier, med fire barn i alderen ti til tretten under samme tak. For Amlie er det viktig at dette skjer under rette omstendigheter.\u00a0<\/p>\n<p class=\"font-weight-bold m-font-weight-bold\" data-lab-font_weight=\"font-weight-bold\">&#8211; Selv om man g\u00e5r gjennom et samlivsbrudd s\u00e5 m\u00e5 man tenke p\u00e5 hva som er best for barna. Det er viktig \u00e5 sette dem f\u00f8rst n\u00e5r man skal navigere gjennom dette, sier hun til Se og H\u00f8r.\u00a0<\/p>\n<p>          <img loading=\"lazy\" decoding=\"async\" src=\"https:\/\/www.europesays.com\/no\/wp-content\/uploads\/2025\/09\/83628325.webp\" width=\"686\" height=\"488\" title=\"TV-PROFIL: Karianne Amlie har i en \u00e5rrekke v\u00e6rt kjent fra programmer som \u00abBoligjakten\u00bb og \u00abBoligkj\u00f8p i blinde\u00bb. Etter skilsmissen deltok hun ogs\u00e5 i \u00abForr\u00e6der\u00bb. Foto: TV 2 \/ Espen Solli\" alt=\"\" class=\"\" style=\"--aspect-ratio-image: 1.41; \"\/><\/p>\n<p>\n          TV-PROFIL: Karianne Amlie har i en \u00e5rrekke v\u00e6rt kjent fra programmer som \u00abBoligjakten\u00bb og \u00abBoligkj\u00f8p i blinde\u00bb. Etter skilsmissen deltok hun ogs\u00e5 i \u00abForr\u00e6der\u00bb. Foto: TV 2 \/ Espen Solli\n      <\/p>\n<p data-lab-font_weight=\"\">Hun roser ogs\u00e5 kj\u00e6resten i podkasten med Solberg.\u00a0<\/p>\n<p class=\"font-weight-bold m-font-weight-bold\" data-lab-font_weight=\"font-weight-bold\">&#8211; Jeg f\u00f8ler meg s\u00e5 heldig. Jeg har m\u00f8tt en mann som er rolig, trygg og utrolig snill. N\u00e5r jeg snakker om ham, blir jeg selv roligere, sier hun.<\/p>\n<p>Samtidig avviser Karianne spekulasjoner om at det bare er kj\u00e6resten som st\u00e5r bak huskj\u00f8pet. Hun understreker at hun alltid har tjent sine egne penger, og at villaen er et fellesprosjekt.<\/p>\n<p>    <a itemprop=\"url\" href=\"https:\/\/www.seher.no\/kongelig\/avslort-pa-sex-klubb\/83627457\" rel=\"nofollow noopener\" target=\"_blank\"><\/p>\n<p>      <img loading=\"lazy\" decoding=\"async\" src=\"https:\/\/www.europesays.com\/no\/wp-content\/uploads\/2025\/09\/1758711610_542_83627781.webp\" width=\"980\" height=\"441\" title=\"Avsl\u00f8rt p\u00e5 sex-klubb\" alt=\"\" class=\"lazyload\" style=\"--aspect-ratio-image: 2.22; \"\/><\/p>\n<p>        Avsl\u00f8rt p\u00e5 sex-klubb<\/p>\n<p>    <\/a><\/p>\n<p>De deler utgifter og ansvar likt, og Karianne er tydelig p\u00e5 at hun er opptatt av \u00e5 bevare sin uavhengighet.<\/p>\n<p class=\"font-weight-bold m-font-weight-bold\" data-lab-font_weight=\"font-weight-bold\">&#8211; Jeg er en selvstendig dame. Jeg har jobbet hardt i over 20 \u00e5r, og jeg skal ha like mye igjen for investeringene mine som ham, sier hun.<\/p>\n","protected":false},"excerpt":{"rendered":"Karianne Amlie:\u00a0 Karianne Amlie \u00e5pner seg om hvordan alt snudde da hun fant kj\u00e6rligheten, og flyttet inn i&hellip;\n","protected":false},"author":2,"featured_media":43604,"comment_status":"","ping_status":"","sticky":false,"template":"","format":"standard","meta":{"footnotes":""},"categories":[58],"tags":[71,6851,6852,479,2543,30,28,29,1270,4031,72],"class_list":{"0":"post-43603","1":"post","2":"type-post","3":"status-publish","4":"format-standard","5":"has-post-thumbnail","7":"category-underholdning","8":"tag-entertainment","9":"tag-forelsket","10":"tag-karianne-amlie","11":"tag-kjendis","12":"tag-kjendisdesken","13":"tag-no","14":"tag-norge","15":"tag-norway","16":"tag-podkast","17":"tag-skilsmisse","18":"tag-underholdning"},"share_on_mastodon":{"url":"","error":""},"_links":{"self":[{"href":"https:\/\/www.europesays.com\/no\/wp-json\/wp\/v2\/posts\/43603","targetHints":{"allow":["GET"]}}],"collection":[{"href":"https:\/\/www.europesays.com\/no\/wp-json\/wp\/v2\/posts"}],"about":[{"href":"https:\/\/www.europesays.com\/no\/wp-json\/wp\/v2\/types\/post"}],"author":[{"embeddable":true,"href":"https:\/\/www.europesays.com\/no\/wp-json\/wp\/v2\/users\/2"}],"replies":[{"embeddable":true,"href":"https:\/\/www.europesays.com\/no\/wp-json\/wp\/v2\/comments?post=43603"}],"version-history":[{"count":0,"href":"https:\/\/www.europesays.com\/no\/wp-json\/wp\/v2\/posts\/43603\/revisions"}],"wp:featuredmedia":[{"embeddable":true,"href":"https:\/\/www.europesays.com\/no\/wp-json\/wp\/v2\/media\/43604"}],"wp:attachment":[{"href":"https:\/\/www.europesays.com\/no\/wp-json\/wp\/v2\/media?parent=43603"}],"wp:term":[{"taxonomy":"category","embeddable":true,"href":"https:\/\/www.europesays.com\/no\/wp-json\/wp\/v2\/categories?post=43603"},{"taxonomy":"post_tag","embeddable":true,"href":"https:\/\/www.europesays.com\/no\/wp-json\/wp\/v2\/tags?post=43603"}],"curies":[{"name":"wp","href":"https:\/\/api.w.org\/{rel}","templated":true}]}}