{"id":43609,"date":"2025-09-24T11:03:07","date_gmt":"2025-09-24T11:03:07","guid":{"rendered":"https:\/\/www.europesays.com\/no\/43609\/"},"modified":"2025-09-24T11:03:07","modified_gmt":"2025-09-24T11:03:07","slug":"varslingssystemet-trenger-en-endring-adressa-no","status":"publish","type":"post","link":"https:\/\/www.europesays.com\/no\/43609\/","title":{"rendered":"Varslingssystemet trenger en endring &#8211; adressa.no"},"content":{"rendered":"\n<p>Anne Grete Nyg\u00e5rd Skaar  Mange\u00e5rig leder i helsesektoren<\/p>\n<p>Publisert:<br \/>\n  24. september 2025 kl. 12:01<br \/>\n  Oppdatert:<br \/>\n  24. september 2025 kl. 12:01\n <\/p>\n<p>Dette er et debattinnlegg. Det gir uttrykk for debattantens egen holdning.<\/p>\n<p><strong>Varselordningen er viktig <\/strong>og n\u00f8dvendig for \u00e5 sikre et trygt arbeidsliv. Den skal gj\u00f8re det mulig \u00e5 si ifra om kritikkverdige forhold uten frykt for represalier. Det er selve kjernen.<\/p>\n<p>Men det finnes en annen side som sjelden omtales.<\/p>\n<p>Hvordan er situasjonen for den som blir varslet p\u00e5 n\u00e5r prosessen er over. Mange st\u00e5r alene igjen med skammen. \u00abDet er sikkert noe i det\u00bb, tenker man ofte, selv n\u00e5r unders\u00f8kelsen konkluderer med at ingen kritikkverdige forhold foreligger. I offentligheten handler det gjerne om varslerens situasjon og det er forst\u00e5elig, men den som varsles p\u00e5, rammes ogs\u00e5. Selv n\u00e5r mistanken viser seg grunnl\u00f8s.<\/p>\n<p>Innlegget skrives i h\u00e5p om en ordning som kan endres for \u00e5 ivareta begge parter p\u00e5 en mer balansert m\u00e5te.<\/p>\n<p><a href=\"https:\/\/www.adressa.no\/nyheter\/trondelag\/i\/93PAeM\/ble-varslet-paa-av-medstudenter-foelte-meg-skyldig-til-det-motsatte-var-bevist\" rel=\"nofollow noopener\" target=\"_blank\"> <img decoding=\"async\" src=\"data:image\/gif;base64,R0lGODlhEAAJAIAAAP\/\/\/wAAACH5BAEAAAAALAAAAAAQAAkAAAIKhI+py+0Po5yUFQA7\" alt=\"\"\/>   Ble varslet p\u00e5 av medstudenter: \u2013 F\u00f8lte meg skyldig til det motsatte var bevist  <\/a> <\/p>\n<p><strong>Varsling skal <\/strong>bidra til trygghet, forbedring og utvikling i arbeidslivet. Varslerne skal beskyttes. Samtidig m\u00e5 vi v\u00e5ge \u00e5 se n\u00e6rmere p\u00e5 konsekvensene for den som urettmessig blir varslet p\u00e5. For noen inneb\u00e6rer det store og langvarige belastninger b\u00e5de for dem det gjelder og deres familier.<\/p>\n<p>Det kan bety mistanke, utestenging og tap av tillit. Tillit og ansvar kan forsvinne og noen omplasseres til stillinger som ikke samsvarer med kompetansen de har, i verste fall presses de helt ut av arbeidslivet.<\/p>\n<p>Dette peker p\u00e5 en alvorlig svakhet i dagens system. Arbeidsgiver kontrollerer hele prosessen. Alt fra oppstart til varighet. Arbeidsgiver bestemmer hvem som intervjues, hvilke forklaringer som vektlegges, og til slutt avgj\u00f8r n\u00e5r saken anses \u00abtilstrekkelig opplyst\u00bb. N\u00e5r konklusjonen viser at ingen kritikkverdige forhold er avdekket, er det ingen plikt til gjenoppretting, beklagelse eller reetablert tillit. Mistanken f\u00e5r i mange tilfeller leve videre.<\/p>\n<p><a href=\"https:\/\/www.adressa.no\/debatt\/i\/yEao0a\/skolekutt-er-kutt-i-framtida\" rel=\"nofollow noopener\" target=\"_blank\"> <img decoding=\"async\" src=\"data:image\/gif;base64,R0lGODlhEAAJAIAAAP\/\/\/wAAACH5BAEAAAAALAAAAAAQAAkAAAIKhI+py+0Po5yUFQA7\" alt=\"\"\/>   Skolekutt er kutt i framtida  <\/a> <\/p>\n<p><strong>Et rettferdig varslingssystem <\/strong>m\u00e5 beskytte hele arbeidsmilj\u00f8et. Det betyr at vi m\u00e5 styrke ordningen, slik at den gir trygghet til de som sier ifra, men ogs\u00e5 trygghet til de som urettmessig blir p\u00e5varslet. Det skjer. F\u00f8rst da kan varselordningen bygge \u00e5penhet og tillit, i stedet for frykt og mistillit. Hensynet til begge parter trenger ikke v\u00e6re motsetninger, men to sider av samme sak.<\/p>\n<p>Jeg mener ordningen kan styrkes gjennom:<\/p>\n<ul class=\"List\">\n<li>\n<p>Uavhengige og objektive instanser som unders\u00f8ker og behandler sakene.<\/p>\n<\/li>\n<li>\n<p>Klare rettigheter, ogs\u00e5 for den som er p\u00e5varslet, slik at vedkommende ikke st\u00e5r rettsl\u00f8s i prosessen.<\/p>\n<\/li>\n<li>\n<p>Plikt til gjenoppretting n\u00e5r renvasking foreligger.<\/p>\n<\/li>\n<li>\n<p>Menneskelig ivaretakelse gjennom hele prosessen. Unders\u00f8kelser og jus m\u00e5 ta hensyn til de store belastningene dette medf\u00f8rer for begge parter.<\/p>\n<\/li>\n<\/ul>\n<p>Forandringer skapes i fellesskap. Arbeidsgivere og fagforeninger har et s\u00e6rskilt ansvar. Dagens ordning gir muligheter for at hovedtillitsvalgte og hovedverneombud sl\u00e5 seg sammen med arbeidsgiver og arbeidstakere opplever at de blir presset ut. Da mister arbeidslivet sitt rettsvern.<\/p>\n<p>Jeg er helt enig i at ledere skal g\u00e5 n\u00e5r det avdekkes alvorlige feil. Men det kan ikke v\u00e6re rett \u00e5 tvinges ut n\u00e5r det ikke avdekkes feil.<\/p>\n<p>Ledere skal ta ansvar. Men ledere er ogs\u00e5 mennesker i utsatte roller, og de kan ha motstandere med ulike agendaer.<\/p>\n<p><a href=\"https:\/\/www.adressa.no\/debatt\/i\/8qny7G\/flest-mulig-lengst-mulig\" rel=\"nofollow noopener\" target=\"_blank\"> <img decoding=\"async\" src=\"data:image\/gif;base64,R0lGODlhEAAJAIAAAP\/\/\/wAAACH5BAEAAAAALAAAAAAQAAkAAAIKhI+py+0Po5yUFQA7\" alt=\"\"\/>   \u00abFlest mulig, lengst mulig\u00bb?   <\/a> <\/p>\n<p><strong>Innlegget er skrevet<\/strong> for de som urettmessig har v\u00e6rt varslet p\u00e5. Og alle som b\u00e6rer lederansvar i dag og de som med sine kvaliteter, sin omsorg og ansvarlighet skal gj\u00f8re det i fremtiden. Jeg \u00f8nsker meg et arbeidsliv hvor de trygt kan g\u00e5 inn i lederroller uten frykt for \u00e5 bli fratatt sine stillinger eller posisjoner etter grunnl\u00f8se mistanker. N\u00e5r et varsel unders\u00f8kes og viser ingen kritikkverdige forhold, m\u00e5 det v\u00e6re slutten p\u00e5 saken og ikke begynnelsen p\u00e5 nye og st\u00f8rre belastninger.<\/p>\n<p>Det mangler ikke p\u00e5 velmenende r\u00e5d om \u00e5 la dette temaet ligge. Kritikken vil komme. Likevel velger jeg \u00e5 gj\u00f8re det, fordi \u00e5penhet er n\u00f8dvendig for \u00e5 skape et tryggere arbeidsliv for alle.<\/p>\n<p><strong>Adressa-frokost 25.9: Gaza, Israel og et FN i krise: <\/strong>Hvorfor fungerer ikke verden? Med Midt\u00f8sten-ekspert Marte Heian-Engdal. <a href=\"https:\/\/www.adressa.no\/magasin\/i\/ab6gJd\/adresseavisens-debatter-og-samtaler\" rel=\"noopener nofollow\" target=\"_blank\"><strong>Les mer her.<\/strong><\/a><\/p>\n","protected":false},"excerpt":{"rendered":"Anne Grete Nyg\u00e5rd Skaar Mange\u00e5rig leder i helsesektoren Publisert: 24. september 2025 kl. 12:01 Oppdatert: 24. september 2025&hellip;\n","protected":false},"author":2,"featured_media":43610,"comment_status":"","ping_status":"","sticky":false,"template":"","format":"standard","meta":{"footnotes":""},"categories":[12],"tags":[465,3991,20,21,37,6854,24,25,15,22,23,13,30,28,29,14,16,26,27,6853,2448,42,43,44,45],"class_list":{"0":"post-43609","1":"post","2":"type-post","3":"status-publish","4":"format-standard","5":"has-post-thumbnail","7":"category-verden","8":"tag-arbeidsliv","9":"tag-arbeidsmiljo","10":"tag-breaking-news","11":"tag-breakingnews","12":"tag-debatt","13":"tag-fagforening","14":"tag-featured-news","15":"tag-featurednews","16":"tag-headlines","17":"tag-latest-news","18":"tag-latestnews","19":"tag-news","20":"tag-no","21":"tag-norge","22":"tag-norway","23":"tag-nyheter","24":"tag-overskrifter","25":"tag-top-stories","26":"tag-topstories","27":"tag-varsel","28":"tag-varsling","29":"tag-verden","30":"tag-world","31":"tag-world-news","32":"tag-worldnews"},"share_on_mastodon":{"url":"","error":""},"_links":{"self":[{"href":"https:\/\/www.europesays.com\/no\/wp-json\/wp\/v2\/posts\/43609","targetHints":{"allow":["GET"]}}],"collection":[{"href":"https:\/\/www.europesays.com\/no\/wp-json\/wp\/v2\/posts"}],"about":[{"href":"https:\/\/www.europesays.com\/no\/wp-json\/wp\/v2\/types\/post"}],"author":[{"embeddable":true,"href":"https:\/\/www.europesays.com\/no\/wp-json\/wp\/v2\/users\/2"}],"replies":[{"embeddable":true,"href":"https:\/\/www.europesays.com\/no\/wp-json\/wp\/v2\/comments?post=43609"}],"version-history":[{"count":0,"href":"https:\/\/www.europesays.com\/no\/wp-json\/wp\/v2\/posts\/43609\/revisions"}],"wp:featuredmedia":[{"embeddable":true,"href":"https:\/\/www.europesays.com\/no\/wp-json\/wp\/v2\/media\/43610"}],"wp:attachment":[{"href":"https:\/\/www.europesays.com\/no\/wp-json\/wp\/v2\/media?parent=43609"}],"wp:term":[{"taxonomy":"category","embeddable":true,"href":"https:\/\/www.europesays.com\/no\/wp-json\/wp\/v2\/categories?post=43609"},{"taxonomy":"post_tag","embeddable":true,"href":"https:\/\/www.europesays.com\/no\/wp-json\/wp\/v2\/tags?post=43609"}],"curies":[{"name":"wp","href":"https:\/\/api.w.org\/{rel}","templated":true}]}}