{"id":43624,"date":"2025-09-24T11:11:07","date_gmt":"2025-09-24T11:11:07","guid":{"rendered":"https:\/\/www.europesays.com\/no\/43624\/"},"modified":"2025-09-24T11:11:07","modified_gmt":"2025-09-24T11:11:07","slug":"shazia-majid-om-ingrid-olina-hovlands-utspill-om-at-likestillingen-har-gatt-for-langt","status":"publish","type":"post","link":"https:\/\/www.europesays.com\/no\/43624\/","title":{"rendered":"Shazia Majid om Ingrid Olina Hovlands utspill om at likestillingen har g\u00e5tt for langt"},"content":{"rendered":"\n<ul class=\"_list_ew2ao_3 _list_64s2r_85 _unordered_ew2ao_99 text-sans-m\">\n<li class=\"_item_ew2ao_30\">VGs kommentator advarer konservative kvinner mot \u00e5 miste friheten. <\/li>\n<li class=\"_item_ew2ao_30\">\u00abTradwife\u00bb-idealet er et skinnbedrag som f\u00f8rer til fattigdom og patriarkat, mener VGs kommentator.<\/li>\n<li class=\"_item_ew2ao_30\"> Flertallet av norske kvinner vil kjempe mot \u00e5 g\u00e5 100 \u00e5r tilbake. <\/li>\n<li class=\"_item_ew2ao_30\">Dette er en kommentar. Kommentaren gir uttrykk for skribentens holdning.<\/li>\n<\/ul>\n<p>Vis mer <\/p>\n<p class=\"_paragraph_ew2ao_4 _paragraph_xtcu6_10 layout-component text-serif-m layout-normal text-serif-m layout-padded\">Jeg h\u00f8rte Kristelig Folkepartis p\u00e5troppende ungdomsleder Ingrid Olina Hovland (20) p\u00e5 NRKs Politisk kvarter tirsdag denne uken. <\/p>\n<p class=\"_paragraph_ew2ao_4 _paragraph_xtcu6_10 layout-component text-serif-m layout-normal text-serif-m layout-padded\">Hun sa f\u00f8lgende: \u00abNorsk likestillingspolitikk er totalt feilsl\u00e5tt og har g\u00e5tt ut p\u00e5 dato\u00bb. <\/p>\n<p class=\"_paragraph_ew2ao_4 _paragraph_xtcu6_10 layout-component text-serif-m layout-normal text-serif-m layout-padded\">Under valgkampen har hun uttalt at \u00abfeminismen er feilsl\u00e5tt\u00bb. <\/p>\n<p class=\"_paragraph_ew2ao_4 _paragraph_xtcu6_10 layout-component text-serif-m layout-normal text-serif-m layout-padded\">Den n\u00e5v\u00e6rende KrFU-lederen Hadle Rasmus Bjuland har ment at Norge har <a href=\"https:\/\/www.aftenposten.no\/norge\/politikk\/i\/dRlxAJ\/krfu-leder-hadle-rasmus-bjuland-er-positiv-til-tradwife-trenden\" class=\"_link_ew2ao_39\" rel=\"nofollow noopener\" target=\"_blank\">mye \u00e5 l\u00e6re av \u00abtradwife\u00bb-trenden<\/a>, og unner alle barn en mor som jobber redusert. <\/p>\n<p class=\"_paragraph_ew2ao_4 _paragraph_xtcu6_10 layout-component text-serif-m layout-normal text-serif-m layout-padded\">Hovland p\u00e5 sin side vil sikre valgfrihet for familiene.<\/p>\n<p class=\"_paragraph_ew2ao_4 _paragraph_xtcu6_10 layout-component text-serif-m layout-normal text-serif-m layout-padded\">Tidligere partileder i KrF, Valgerd Svarstad Haugland, frykter at KrF kan bli et  <a href=\"https:\/\/www.nrk.no\/norge\/krfu-leder_-_-likestillingen-har-gatt-for-langt-1.17581598\" class=\"_link_ew2ao_39\" rel=\"nofollow noopener\" target=\"_blank\">\u00abtradwife-parti\u00bb.<\/a><\/p>\n<p class=\"_paragraph_ew2ao_4 _paragraph_xtcu6_10 layout-component text-serif-m layout-normal text-serif-m layout-padded\">F\u00e5r hun rett er det et problem.<\/p>\n<p class=\"_paragraph_ew2ao_4 _paragraph_xtcu6_10 layout-component text-serif-m layout-normal text-serif-m layout-padded\">Hovland legger ikke skjul p\u00e5 at hun vil lokke til seg unge verdikonservativeverdikonservativeVerdikonservatisme: En politisk og sosial holdning som vektlegger tradisjonelle verdier og normer, ofte med r\u00f8tter i religion. jenter. Det kan inneb\u00e6re en dyrking av tradisjonelle kj\u00f8nnsroller hvor kvinner er omsorgspersoner og menn fors\u00f8rgere.<\/p>\n<p class=\"_paragraph_ew2ao_4 _paragraph_xtcu6_10 layout-component text-serif-m layout-normal text-serif-m layout-padded\">Det ligner p\u00e5 det vi h\u00f8rer fra andre religi\u00f8se verdikonservative milj\u00f8er.<\/p>\n<p class=\"_paragraph_ew2ao_4 _paragraph_xtcu6_10 layout-component text-serif-m layout-normal text-serif-m layout-padded\">Der idealet er en hjemmev\u00e6rende mor.<\/p>\n<p class=\"_paragraph_ew2ao_4 _paragraph_xtcu6_10 layout-component text-serif-m layout-normal text-serif-m layout-padded\">Skulle alle blitt hjemmev\u00e6rende m\u00f8dre, stopper Norge. Kvinner drifter i det store og det hele omsorgs- og utdanningssektoren. <\/p>\n<p class=\"_paragraph_ew2ao_4 _paragraph_xtcu6_10 layout-component text-serif-m layout-normal text-serif-m layout-padded\">I praksis er det alts\u00e5 andre kvinners arbeid som skal b\u00e6re byrden, mens idealet er at verdikonservative kvinner selv kan trekke seg helt eller delvis tilbake til kj\u00f8kkenbenken.<\/p>\n<p class=\"_paragraph_ew2ao_4 _paragraph_xtcu6_10 layout-component text-serif-m layout-normal text-serif-m layout-padded\">KrFU-lederen m\u00e5 gjerne kjempe mot tredeling av svangerskapspermisjonen. Det er en \u00e6rlig sak. <\/p>\n<p class=\"_paragraph_ew2ao_4 _paragraph_xtcu6_10 layout-component text-serif-m layout-normal text-serif-m layout-padded\">Mange kvinner sliter med tidspress og stress, kanskje trengs en korrigering, slik at nybakte m\u00f8dre f\u00e5r nok tid til b\u00e5de seg selv og til barnet. <\/p>\n<p class=\"_paragraph_ew2ao_4 _paragraph_xtcu6_10 layout-component text-serif-m layout-normal text-serif-m layout-padded\">Men n\u00e5r den 20 \u00e5r gamle ungdomslederen uttrykker slik tiltro til at alle unge menn og kvinner helt fint klarer \u00e5 velge selv, eller at bedrifter helt p\u00e5 egen h\u00e5nd kan velge inn kvinnelige styremedlemmer \u2013 og at staten ikke m\u00e5 tro at de vet bedre enn familien selv: <\/p>\n<p class=\"_paragraph_ew2ao_4 _paragraph_xtcu6_10 layout-component text-serif-m layout-normal text-serif-m layout-padded\">Hun snakker mot bedre vitende.<\/p>\n<p class=\"_paragraph_ew2ao_4 _paragraph_xtcu6_10 layout-component text-serif-m layout-normal text-serif-m layout-padded\">Mitt forslag er at Hovland og andre verdikonservative kvinner setter seg ned og leser en bok. <\/p>\n<p class=\"_paragraph_ew2ao_4 _paragraph_xtcu6_10 layout-component text-serif-m layout-normal text-serif-m layout-padded\">Les Camilla Collett, les Amalie Skram, les Virginia Woolf. Kvinner som levde p\u00e5 viktoriansk tid for over 100 \u00e5r siden. De beskrev prisen kvinner betalte under patriarkatetpatriarkatetPatriarkatet: Et samfunnssystem der menn har mesteparten av makten og innflytelsen, b\u00e5de i familien og i samfunnet generelt..<\/p>\n<p class=\"_paragraph_ew2ao_4 _paragraph_xtcu6_10 layout-component text-serif-m layout-normal text-serif-m layout-padded\">Den tiden ligner veldig p\u00e5 det idealsamfunnet mange \u00abtradwives\u00bb gjerne tegner opp. <\/p>\n<p class=\"_paragraph_ew2ao_4 _paragraph_xtcu6_10 layout-component text-serif-m layout-normal text-serif-m layout-padded\">Men vi trenger ikke \u00e5 g\u00e5 tilbake i tid. <\/p>\n<p class=\"_paragraph_ew2ao_4 _paragraph_xtcu6_10 layout-component text-serif-m layout-normal text-serif-m layout-padded\">Jeg har sett altfor mange kvinner som tradwives.tradwives.Et nyere fenomen som har utspring i krisenkonservative milj\u00f8er i USA og har vokst frem p\u00e5 sosiale medier. Den glorfiserer tadisjonelle husm\u00f8dre i familier som praktiserer tradisjonelle kj\u00f8nnsroller. Hvor mannen er fors\u00f8rgeren og kvinnen omsorgspersonen. <\/p>\n<p class=\"_paragraph_ew2ao_4 _paragraph_xtcu6_10 layout-component text-serif-m layout-normal text-serif-m layout-padded\">Her i Norge, i n\u00e5tid. <\/p>\n<p class=\"_paragraph_ew2ao_4 _paragraph_xtcu6_10 layout-component text-serif-m layout-normal text-serif-m layout-padded\">De er fattige, barna deres er fattige og mennene deres utslitte. Glorifiseringen av tradwives og undergravingen av den norske likestillingen er ikke bare kvinnefiendtlig. Den er ogs\u00e5 mannefiendtlig. <\/p>\n<p class=\"_paragraph_ew2ao_4 _paragraph_xtcu6_10 layout-component text-serif-m layout-normal text-serif-m layout-padded\">Mange av oss har vokst opp med innvandrerfedre vi knapt s\u00e5 da vi vokste opp. <\/p>\n<p class=\"_paragraph_ew2ao_4 _paragraph_xtcu6_10 layout-component text-serif-m layout-normal text-serif-m layout-padded\">Vi har sett m\u00f8dre som m\u00e5tte be mannen om penger til melk og br\u00f8d, vi har sett ulykken, vi har sett isolasjonen, vi har sett underdanigheten. <\/p>\n<p class=\"_paragraph_ew2ao_4 _paragraph_xtcu6_10 layout-component text-serif-m layout-normal text-serif-m layout-padded\">Vi har levd i patriarkatet. Vi b\u00e6rer arr etter patriarkatet. <\/p>\n<p class=\"_paragraph_ew2ao_4 _paragraph_xtcu6_10 layout-component text-serif-m layout-normal text-serif-m layout-padded\">Det har formet oss. <\/p>\n<p class=\"_paragraph_ew2ao_4 _paragraph_xtcu6_10 layout-component text-serif-m layout-normal text-serif-m layout-padded\">Det unner jeg ingen andre. <\/p>\n<p class=\"_paragraph_ew2ao_4 _paragraph_xtcu6_10 layout-component text-serif-m layout-normal text-serif-m layout-padded\">Og veien dit kan b\u00e5de v\u00e6re kort og den kan v\u00e6re selvvalgt. Se hva den religi\u00f8se konservatismen og fanatismen har gjort med et land som USA. <\/p>\n<p class=\"_paragraph_ew2ao_4 _paragraph_xtcu6_10 layout-component text-serif-m layout-normal text-serif-m layout-padded\">Se p\u00e5 utviklingen her hjemme hvor stadig flere unge norske kvinner og menn er misforn\u00f8yd med likestillingen og kjemper for \u00e5 reversere den.<\/p>\n<p class=\"_paragraph_ew2ao_4 _paragraph_xtcu6_10 layout-component text-serif-m layout-normal text-serif-m layout-padded\">Det er mange kvinner og menn i innvandrermilj\u00f8ene, og ikke minst i bibelbeltetbibelbeltetBibelbeltet: Et omr\u00e5de, ofte i S\u00f8rlandet og Agder i Norge, kjent for \u00e5 ha en h\u00f8y andel av befolkningen med konservative kristne verdier. p\u00e5 S\u00f8rlandet som \u00abvelger\u00bb dette selv. <\/p>\n<p class=\"_paragraph_ew2ao_4 _paragraph_xtcu6_10 layout-component text-serif-m layout-normal text-serif-m layout-padded\">Alts\u00e5 kvinner som enten ikke jobber eller jobber deltid, og omr\u00e5der i Norge hvor barn har fri fra skolen p\u00e5 onsdager. <\/p>\n<p class=\"_paragraph_ew2ao_4 _paragraph_xtcu6_10 layout-component text-serif-m layout-normal text-serif-m layout-padded\">Det er ikke rart at valget blir som det blir, n\u00e5r de eneste kj\u00f8nnsrollene som gir aksept og anerkjennelse i slike milj\u00f8er er \u00e5 v\u00e6re t\u00f8ff og barsk for mannen \u2013 og skj\u00f8r og altoppofrende for kvinnen.<\/p>\n<p class=\"_paragraph_ew2ao_4 _paragraph_xtcu6_10 layout-component text-serif-m layout-normal text-serif-m layout-padded\">Da er det ikke mye til valg. <\/p>\n<p class=\"_paragraph_ew2ao_4 _paragraph_xtcu6_10 layout-component text-serif-m layout-normal text-serif-m layout-padded\">Og dette er ikke bare fortid eller \u00abder borte\u00bb \u2013 men en realitet i Norge i dag. <\/p>\n<p class=\"_paragraph_ew2ao_4 _paragraph_xtcu6_10 layout-component text-serif-m layout-normal text-serif-m layout-padded\">Unge konservative kvinner og Hovland m\u00e5 gjerne mene at likestillingen har g\u00e5tt for langt. De m\u00e5 gjerne kjempe for sakene de tror p\u00e5. <\/p>\n<p class=\"_paragraph_ew2ao_4 _paragraph_xtcu6_10 layout-component text-serif-m layout-normal text-serif-m layout-padded\">Men de m\u00e5 vite \u00e9n ting: De vil m\u00f8te motstand fra det store flertallet av norske kvinner \u2013 som ikke vil 100 \u00e5r tilbake i tid. <\/p>\n<p class=\"_paragraph_ew2ao_4 _paragraph_xtcu6_10 layout-component text-serif-m layout-normal text-serif-m layout-padded\">Som ikke vil kalle mannen sin for konge. Som ikke vil reduseres til husets engel og hjemmets sliter. <\/p>\n<p class=\"_paragraph_ew2ao_4 _paragraph_xtcu6_10 layout-component text-serif-m layout-normal text-serif-m layout-padded\">Og som har smakt friheten \u2013 og nekter \u00e5 gi den fra seg. <\/p>\n<p>   Dette er en kommentar. Kommentaren gir uttrykk for skribentens holdning. <\/p>\n","protected":false},"excerpt":{"rendered":"VGs kommentator advarer konservative kvinner mot \u00e5 miste friheten. \u00abTradwife\u00bb-idealet er et skinnbedrag som f\u00f8rer til fattigdom og&hellip;\n","protected":false},"author":2,"featured_media":43625,"comment_status":"","ping_status":"","sticky":false,"template":"","format":"standard","meta":{"footnotes":""},"categories":[10],"tags":[20,21,24,25,15,1841,6856,22,23,539,13,30,28,29,14,16,26,27,6855,103],"class_list":{"0":"post-43624","1":"post","2":"type-post","3":"status-publish","4":"format-standard","5":"has-post-thumbnail","7":"category-norge","8":"tag-breaking-news","9":"tag-breakingnews","10":"tag-featured-news","11":"tag-featurednews","12":"tag-headlines","13":"tag-kristeleg-folkeparti-krf","14":"tag-kristelig-folkepartis-ungdom-krfu","15":"tag-latest-news","16":"tag-latestnews","17":"tag-likestilling","18":"tag-news","19":"tag-no","20":"tag-norge","21":"tag-norway","22":"tag-nyheter","23":"tag-overskrifter","24":"tag-top-stories","25":"tag-topstories","26":"tag-tradwife","27":"tag-vgmeninger"},"share_on_mastodon":{"url":"","error":""},"_links":{"self":[{"href":"https:\/\/www.europesays.com\/no\/wp-json\/wp\/v2\/posts\/43624","targetHints":{"allow":["GET"]}}],"collection":[{"href":"https:\/\/www.europesays.com\/no\/wp-json\/wp\/v2\/posts"}],"about":[{"href":"https:\/\/www.europesays.com\/no\/wp-json\/wp\/v2\/types\/post"}],"author":[{"embeddable":true,"href":"https:\/\/www.europesays.com\/no\/wp-json\/wp\/v2\/users\/2"}],"replies":[{"embeddable":true,"href":"https:\/\/www.europesays.com\/no\/wp-json\/wp\/v2\/comments?post=43624"}],"version-history":[{"count":0,"href":"https:\/\/www.europesays.com\/no\/wp-json\/wp\/v2\/posts\/43624\/revisions"}],"wp:featuredmedia":[{"embeddable":true,"href":"https:\/\/www.europesays.com\/no\/wp-json\/wp\/v2\/media\/43625"}],"wp:attachment":[{"href":"https:\/\/www.europesays.com\/no\/wp-json\/wp\/v2\/media?parent=43624"}],"wp:term":[{"taxonomy":"category","embeddable":true,"href":"https:\/\/www.europesays.com\/no\/wp-json\/wp\/v2\/categories?post=43624"},{"taxonomy":"post_tag","embeddable":true,"href":"https:\/\/www.europesays.com\/no\/wp-json\/wp\/v2\/tags?post=43624"}],"curies":[{"name":"wp","href":"https:\/\/api.w.org\/{rel}","templated":true}]}}