{"id":43666,"date":"2025-09-24T11:34:13","date_gmt":"2025-09-24T11:34:13","guid":{"rendered":"https:\/\/www.europesays.com\/no\/43666\/"},"modified":"2025-09-24T11:34:13","modified_gmt":"2025-09-24T11:34:13","slug":"sport-handball-handballprofil-utestenges-i-to-kamper-etter-tilskuerbrak","status":"publish","type":"post","link":"https:\/\/www.europesays.com\/no\/43666\/","title":{"rendered":"Sport, H\u00e5ndball | H\u00e5ndballprofil utestenges i to kamper etter tilskuerbr\u00e5k"},"content":{"rendered":"\n<p>BA har v\u00e6rt i kontakt med spilleren selv og Bergen-trener Fredrik T\u00f8nne. Ingen av dem vil kommentere saken, men daglig leder i Bergen H\u00e5ndball Erik Bj\u00f8rnsen skriver dette i en SMS til BA:<\/p>\n<p>\u2013 H\u00e5ndballforbundet har gjort en grundig vurdering av saken, og vi tar straffen til etterretning. Vi er glade for at forbundet vektla v\u00e5r og dommerens forklaring.<\/p>\n<p>Arrang\u00f8rklubben Follo fikk nemlig en bot 10.000 kroner etter hendelsen.<\/p>\n<p>Dette skjedde<\/p>\n<p>Det var i Bergens bortekamp mot Follo at Daling fikk nok av det han mente var nedsettende kommentarer fra Follos tilskuere. Det f\u00f8rte til at han hoppet over reklameskiltene og konfronterte en tilskuer som satt med en megafon.<\/p>\n<p>Daling tok megafonen fra tilskueren og kastet den ut p\u00e5 parketten.<\/p>\n<p>I etterkant ble Daling rapportert inn til Norges H\u00e5ndballforbund, og n\u00e5 har sanksjonsutvalget fattet beslutningen om \u00e5 utestenge ham i to kamper, skriver <a href=\"https:\/\/www.tv2.no\/sport\/h%C3%A5ndball\/straffes-etter-handball-kaoset\/18076933\/\" rel=\"nofollow noopener\" target=\"_blank\">TV 2.<\/a><\/p>\n<p>  <a href=\"https:\/\/www.ba.no\/5-8-3148704\" class=\"related-teaser has-image default-story-teaser article--c-eRUmMG article--c-eRUmMG-jKCPdD-design-default\" rel=\"nofollow noopener\" target=\"_blank\"><\/p>\n<p>    <img decoding=\"async\" loading=\"lazy\"  src=\"https:\/\/www.europesays.com\/no\/wp-content\/uploads\/2025\/09\/bba35a6f-3a35-4a1d-85e8-a18874bd94ad_1.jpeg\" alt=\"\" class=\"brick-c-cFOWSL\" style=\"\"\/><\/p>\n<p>\n            Les ogs\u00e5<\/p>\n<p>              Dette svarer han etter utbruddet\n        <\/p>\n<p>  <\/a><\/p>\n<p>\u2013 De kom med drittkommentarer under hele kampen, helt fra start til slutt. Det g\u00e5r ikke fem sekunder uten at det kommer ett eller annet stygt, sa Daling til <a href=\"https:\/\/www.ba.no\/dette-svarer-nicolai-daling-etter-utbruddet-pa-stil-arena-i-follo\/s\/5-8-3148704\" rel=\"nofollow noopener\" target=\"_blank\">BA<\/a> etter kampen.<\/p>\n<p>Follo hadde et annet syn p\u00e5 saken etter \u00e5 ha gjort egne unders\u00f8kelser blant de som var til stede.<\/p>\n<p>Disse m\u00e5 han st\u00e5 over<\/p>\n<p>\u2013 Vi opplever situasjonen veldig annerledes enn det som kommer frem i mediene. Vi har gjort et grundig arbeid etter hendelsen og snakket med mange av de som var p\u00e5 tribunen, og f\u00e5tt et helt annet inntrykk enn det som kommer frem, sa Follos styreleder Marius Borge til NTB tidligere i m\u00e5neden.<\/p>\n<p>  <a href=\"https:\/\/www.ba.no\/5-8-3155014\" class=\"related-teaser has-image default-story-teaser article--c-eRUmMG article--c-eRUmMG-jKCPdD-design-default\" rel=\"nofollow noopener\" target=\"_blank\"><\/p>\n<p>    <img decoding=\"async\" loading=\"lazy\"  src=\"https:\/\/www.europesays.com\/no\/wp-content\/uploads\/2025\/09\/1758713653_149_SE1_3537_kopi_1.jpg\" alt=\"\" class=\"brick-c-cFOWSL\" style=\"\"\/><\/p>\n<p>\n            Les ogs\u00e5<\/p>\n<p>              Forbundet vurderer saken: \u2013 Det er ikke en g\u00f8y situasjon\n        <\/p>\n<p>  <\/a><\/p>\n<p>Det er ankefrist p\u00e5 \u00e9n uke. Den kommer alts\u00e5 Bergen ikke til \u00e5 benytte seg av.<\/p>\n<p>Bergen-spilleren har spilt to kamper siden hendelsen mot Follo. En seriekamp og en cupkamp. Han kan ogs\u00e5 spille de to neste kampene for klubben, mot Sandefjord i serien og Runar i cupen.<\/p>\n<p>Dalings dom trer i kraft f\u00f8r hjemmekampen mot Elverum 4. oktober. Han m\u00e5 ogs\u00e5 st\u00e5 over borte Sandnes 12. oktober.<\/p>\n","protected":false},"excerpt":{"rendered":"BA har v\u00e6rt i kontakt med spilleren selv og Bergen-trener Fredrik T\u00f8nne. Ingen av dem vil kommentere saken,&hellip;\n","protected":false},"author":2,"featured_media":43667,"comment_status":"","ping_status":"","sticky":false,"template":"","format":"standard","meta":{"footnotes":""},"categories":[59],"tags":[36,105,6861,30,28,29,83,82,1510],"class_list":{"0":"post-43666","1":"post","2":"type-post","3":"status-publish","4":"format-standard","5":"has-post-thumbnail","7":"category-sport","8":"tag-art","9":"tag-handball","10":"tag-nicolai-daling","11":"tag-no","12":"tag-norge","13":"tag-norway","14":"tag-sport","15":"tag-sports","16":"tag-story"},"share_on_mastodon":{"url":"","error":""},"_links":{"self":[{"href":"https:\/\/www.europesays.com\/no\/wp-json\/wp\/v2\/posts\/43666","targetHints":{"allow":["GET"]}}],"collection":[{"href":"https:\/\/www.europesays.com\/no\/wp-json\/wp\/v2\/posts"}],"about":[{"href":"https:\/\/www.europesays.com\/no\/wp-json\/wp\/v2\/types\/post"}],"author":[{"embeddable":true,"href":"https:\/\/www.europesays.com\/no\/wp-json\/wp\/v2\/users\/2"}],"replies":[{"embeddable":true,"href":"https:\/\/www.europesays.com\/no\/wp-json\/wp\/v2\/comments?post=43666"}],"version-history":[{"count":0,"href":"https:\/\/www.europesays.com\/no\/wp-json\/wp\/v2\/posts\/43666\/revisions"}],"wp:featuredmedia":[{"embeddable":true,"href":"https:\/\/www.europesays.com\/no\/wp-json\/wp\/v2\/media\/43667"}],"wp:attachment":[{"href":"https:\/\/www.europesays.com\/no\/wp-json\/wp\/v2\/media?parent=43666"}],"wp:term":[{"taxonomy":"category","embeddable":true,"href":"https:\/\/www.europesays.com\/no\/wp-json\/wp\/v2\/categories?post=43666"},{"taxonomy":"post_tag","embeddable":true,"href":"https:\/\/www.europesays.com\/no\/wp-json\/wp\/v2\/tags?post=43666"}],"curies":[{"name":"wp","href":"https:\/\/api.w.org\/{rel}","templated":true}]}}