{"id":43704,"date":"2025-09-24T11:59:10","date_gmt":"2025-09-24T11:59:10","guid":{"rendered":"https:\/\/www.europesays.com\/no\/43704\/"},"modified":"2025-09-24T11:59:10","modified_gmt":"2025-09-24T11:59:10","slug":"kjendis-lol-den-som-ler-sist","status":"publish","type":"post","link":"https:\/\/www.europesays.com\/no\/43704\/","title":{"rendered":"Kjendis, LOL Den som ler sist"},"content":{"rendered":"\n<p>N\u00e5 avsl\u00f8rer Prime Video hvilke \u00e5tte komikere som blir \u00e5 se i halloweenutgaven av \u00abLOL: Den som ler sist\u00bb.<\/p>\n<p><b>Blant dem er Tara Lina Shahin fra Stokke. Hun er blant annet kjent fra \u00abDesken brenner\u00bb, \u00abMed All Respekt\u00bb og \u00abTabu med Abu\u00bb.<\/b><\/p>\n<p>  <a href=\"https:\/\/www.tb.no\/5-76-2186452\" class=\"related-teaser has-image default-story-teaser article--c-eRUmMG article--c-eRUmMG-jKCPdD-design-default\" rel=\"nofollow noopener\" target=\"_blank\"><\/p>\n<p>    <img decoding=\"async\" loading=\"lazy\"  src=\"https:\/\/www.europesays.com\/no\/wp-content\/uploads\/2025\/09\/IMG-1977.JPG\" alt=\"\" class=\"brick-c-cFOWSL\" style=\"\"\/><\/p>\n<p>\n            Les ogs\u00e5<\/p>\n<p>              Tara Lina og moren fors\u00f8ker fortsatt \u00e5 selge farens livsverk: \u2013 Det er viktig for oss \u00e5 drive fram til vi finner den rette til \u00e5 overta\n        <\/p>\n<p>  <\/a><\/p>\n<p>De andre komikerne som skal konkurrere parvis om \u00e5 f\u00e5 andre til \u00e5 le \u2013 uten selv \u00e5 trekke p\u00e5 smileb\u00e5ndet, er: Isabel Skolmen og Christian Skolmen, Amalie Stuve og Mikkel Niva, og Magnus Devold, Vidar Magnussen og Olli Wermskog, melder NTB.<\/p>\n<p>\u00abLOL: Den Som Ler Sist Halloween i Norge\u00bb er en spesialutgave i tre deler av det popul\u00e6re humorformatet, der Sigrid Bonde Tusvik er programleder.<\/p>\n<p>   <img decoding=\"async\" width=\"9504\" height=\"6336\" fetchpriority=\"low\"  loading=\"lazy\"  src=\"https:\/\/www.europesays.com\/no\/wp-content\/uploads\/2025\/09\/humor1.jpg\" alt=\"Oslo 20241105. &#10;Sigrid Bonde Tusvis ankommer p\u00e5 r\u00f8d l\u00f8per til ELLE-Gallaen 2024 p\u00e5 Theatercafeen i Oslo.&#10;Foto: Thomas Fure \/ NTB\" class=\"brick-c-cFOWSL\" style=\"--brick-image-ratio: 9504 \/ 6336;\"\/><\/p>\n<p>    Sigrid Bonde Tusvik har deltakerne klare for halloweenutgaven av \u00abLOL \u2013 Den som ler sist\u00bb.<br \/>\n    Foto: Thomas Fure \/ NTB\n  <\/p>\n<p>Premieren p\u00e5 str\u00f8mmetjenesten er 31. oktober, og alle tre episodene slippes samtidig, melder Prime Video.<\/p>\n<p>Formatet skriver seg fra Japan og har lokale versjoner i Sverige, Danmark, Mexico, Australia, Tyskland, Italia, Frankrike, India, Spania, Canada, Brasil, Nederland, Polen, S\u00f8r-Afrika, Irland og Storbritannia i tillegg til Norge.<\/p>\n<p>  <a href=\"https:\/\/www.tb.no\/5-76-226713\" class=\"related-teaser has-image default-story-teaser article--c-eRUmMG article--c-eRUmMG-jKCPdD-design-default\" rel=\"nofollow noopener\" target=\"_blank\"><\/p>\n<p>    <img decoding=\"async\" loading=\"lazy\"  src=\"https:\/\/www.europesays.com\/no\/wp-content\/uploads\/2025\/09\/1449761938146.jpg\" alt=\"\" class=\"brick-c-cFOWSL\" style=\"\"\/><\/p>\n<p>\n            Les ogs\u00e5<\/p>\n<p>              Tara Lina og Vegard fra Stokke har egen TV-serie\n        <\/p>\n<p>  <\/a><\/p>\n","protected":false},"excerpt":{"rendered":"N\u00e5 avsl\u00f8rer Prime Video hvilke \u00e5tte komikere som blir \u00e5 se i halloweenutgaven av \u00abLOL: Den som ler&hellip;\n","protected":false},"author":2,"featured_media":43705,"comment_status":"","ping_status":"","sticky":false,"template":"","format":"standard","meta":{"footnotes":""},"categories":[12],"tags":[36,20,21,24,25,15,479,22,23,6863,13,30,28,29,14,16,1510,6864,26,27,42,43,44,45],"class_list":{"0":"post-43704","1":"post","2":"type-post","3":"status-publish","4":"format-standard","5":"has-post-thumbnail","7":"category-verden","8":"tag-art","9":"tag-breaking-news","10":"tag-breakingnews","11":"tag-featured-news","12":"tag-featurednews","13":"tag-headlines","14":"tag-kjendis","15":"tag-latest-news","16":"tag-latestnews","17":"tag-lol-den-som-ler-sist","18":"tag-news","19":"tag-no","20":"tag-norge","21":"tag-norway","22":"tag-nyheter","23":"tag-overskrifter","24":"tag-story","25":"tag-tara-lina-shahin","26":"tag-top-stories","27":"tag-topstories","28":"tag-verden","29":"tag-world","30":"tag-world-news","31":"tag-worldnews"},"share_on_mastodon":{"url":"","error":""},"_links":{"self":[{"href":"https:\/\/www.europesays.com\/no\/wp-json\/wp\/v2\/posts\/43704","targetHints":{"allow":["GET"]}}],"collection":[{"href":"https:\/\/www.europesays.com\/no\/wp-json\/wp\/v2\/posts"}],"about":[{"href":"https:\/\/www.europesays.com\/no\/wp-json\/wp\/v2\/types\/post"}],"author":[{"embeddable":true,"href":"https:\/\/www.europesays.com\/no\/wp-json\/wp\/v2\/users\/2"}],"replies":[{"embeddable":true,"href":"https:\/\/www.europesays.com\/no\/wp-json\/wp\/v2\/comments?post=43704"}],"version-history":[{"count":0,"href":"https:\/\/www.europesays.com\/no\/wp-json\/wp\/v2\/posts\/43704\/revisions"}],"wp:featuredmedia":[{"embeddable":true,"href":"https:\/\/www.europesays.com\/no\/wp-json\/wp\/v2\/media\/43705"}],"wp:attachment":[{"href":"https:\/\/www.europesays.com\/no\/wp-json\/wp\/v2\/media?parent=43704"}],"wp:term":[{"taxonomy":"category","embeddable":true,"href":"https:\/\/www.europesays.com\/no\/wp-json\/wp\/v2\/categories?post=43704"},{"taxonomy":"post_tag","embeddable":true,"href":"https:\/\/www.europesays.com\/no\/wp-json\/wp\/v2\/tags?post=43704"}],"curies":[{"name":"wp","href":"https:\/\/api.w.org\/{rel}","templated":true}]}}