{"id":43821,"date":"2025-09-24T13:19:30","date_gmt":"2025-09-24T13:19:30","guid":{"rendered":"https:\/\/www.europesays.com\/no\/43821\/"},"modified":"2025-09-24T13:19:30","modified_gmt":"2025-09-24T13:19:30","slug":"sport-langrenn-samlet-de-beste-juniorene-for-oss-betyr-det-mye","status":"publish","type":"post","link":"https:\/\/www.europesays.com\/no\/43821\/","title":{"rendered":"Sport, Langrenn | Samlet de beste juniorene: \u2013 For oss betyr det mye"},"content":{"rendered":"\n<p>Junior- og rekruttlandslagene i langrenn i Norges Skiforbund ble nedlagt i v\u00e5r. \u00c5rsaken var d\u00e5rlig \u00f8konomi i forbundet.<\/p>\n<p>Nylig var likevel juniorl\u00f8pere fra hele landet samlet til ei felles treningsuke. Det var p\u00e5 Idre Fj\u00e4ll i Sverige. Her fikk de beste juniorene muligheten til \u00e5 trene sammen, bygge fellesskap og teste seg mot ut\u00f8vere p\u00e5 samme niv\u00e5.<\/p>\n<p>Gir motivasjon<\/p>\n<p>Storsamlingen har v\u00e6rt et samarbeid p\u00e5 tvers av klubber. Trenerne har st\u00e5tt sammen om planleggingen, med m\u00e5l om \u00e5 legge til rette for best mulig utvikling, erfaringsutveksling og inspirasjon for alle.<\/p>\n<p>\u2013 Det er veldig g\u00f8y \u00e5 v\u00e6re p\u00e5 en slik storsamling, og vi blir mer kjent med hverandre. For oss betyr det mye, og vi blir motivert av \u00e5 trene med de beste, sier Elise Bredesen \u00d8vereng fra Mosj\u00f8en IL.<\/p>\n<p>   <img decoding=\"async\" width=\"7008\" height=\"4672\" fetchpriority=\"low\"  loading=\"lazy\"  src=\"https:\/\/www.europesays.com\/no\/wp-content\/uploads\/2025\/09\/elise2.jpg\" alt=\"Idre Fj\u00e4ll JR\" class=\"brick-c-cFOWSL\" style=\"--brick-image-ratio: 7008 \/ 4672;\"\/><\/p>\n<p>    SAMLING: Fra venstre: Sjur R\u00f8the (tidligere landslagsut\u00f8ver), Cathrine Insteb\u00f8 (langrennssjef), Elise Bredesen \u00d8vereng (Mosj\u00f8en IL), Per Elias Kalfoss (landslagssjef) og Arild Monsen (landslagstrener).<\/p>\n<p>    Foto: Norges Skiforbund\n  <\/p>\n<p>Hun forteller at niv\u00e5et blant ut\u00f8verne p\u00e5 samlinga har v\u00e6rt h\u00f8yt.<\/p>\n<p>\u2013 Det er veldig bra at vi kan m\u00f8tes p\u00e5 tvers av kretser og klubber. Det er fantastisk bra at Norges Skiforbund g\u00e5r i spissen for en slik samling, og vi h\u00e5per det kan bli en fast tradisjon i sesongoppkj\u00f8ringa, sier hun.<\/p>\n<p>Meget vellykket<\/p>\n<p>Landslagstrener Arild Monsen deltok p\u00e5 utvalgte aktiviteter og trenings\u00f8kter, og delte sin erfaringer gjennom sin ut\u00f8ver- og trenerkarriere. Johannes H\u00f8sflot Kl\u00e6bo deltok p\u00e5 et digitalt webinar hvor alle deltakerne p\u00e5 samlinga var med i fellesskap. Her fikk juniorene med seg nyttige innspill p\u00e5 veien videre.<\/p>\n<p>\u2013 Det har v\u00e6rt en kjempevellykket uke, og vi har f\u00e5tt mange gode tilbakemeldinger. Den opplevelsen juniorene fikk her, tar de med seg tilbake til sitt treningsmilj\u00f8, sier landslagssjef for langrenn i Norges Skiforbund, Per Elias Kalfoss.<\/p>\n<p>\u2013 Vi vet hvor mye motivasjon, engasjement og positivitet dette bidrar med for hver enkelt ut\u00f8ver. Slike opplevelser gir ikke bare inspirasjon her og n\u00e5, men bygger ogs\u00e5 grunnlaget for at vi i framtiden fortsatt kan v\u00e6re verdens beste langrennsnasjon, avslutter Kalfoss.<\/p>\n<p>            Juniorsamling<\/p>\n<ul>\n<li>45 juniorl\u00f8pere ble spesielt invitert.<\/li>\n<li>I tillegg deltok de fem offisielle skigymnasene med trenere og utvalgte ut\u00f8vere. Totalt 57 ut\u00f8vere var med p\u00e5 samlinga.<\/li>\n<li>Alle trenere til inviterte ut\u00f8vere fra klubb ble invitert til \u00e5 v\u00e6re med.<\/li>\n<li>Samlingen er et spleiselag mellom Idre Fj\u00e4ll, Elon og Langrennssportens Venner.<\/li>\n<\/ul>\n","protected":false},"excerpt":{"rendered":"Junior- og rekruttlandslagene i langrenn i Norges Skiforbund ble nedlagt i v\u00e5r. \u00c5rsaken var d\u00e5rlig \u00f8konomi i forbundet.&hellip;\n","protected":false},"author":2,"featured_media":43822,"comment_status":"","ping_status":"","sticky":false,"template":"","format":"standard","meta":{"footnotes":""},"categories":[5],"tags":[36,20,21,24,25,15,19,398,22,23,17,18,6882,13,30,28,29,14,16,83,1510,26,27],"class_list":{"0":"post-43821","1":"post","2":"type-post","3":"status-publish","4":"format-standard","5":"has-post-thumbnail","7":"category-overskrifter","8":"tag-art","9":"tag-breaking-news","10":"tag-breakingnews","11":"tag-featured-news","12":"tag-featurednews","13":"tag-headlines","14":"tag-hovedoppslag","15":"tag-langrenn","16":"tag-latest-news","17":"tag-latestnews","18":"tag-main-news","19":"tag-mainnews","20":"tag-mosjoen-il","21":"tag-news","22":"tag-no","23":"tag-norge","24":"tag-norway","25":"tag-nyheter","26":"tag-overskrifter","27":"tag-sport","28":"tag-story","29":"tag-top-stories","30":"tag-topstories"},"share_on_mastodon":{"url":"","error":""},"_links":{"self":[{"href":"https:\/\/www.europesays.com\/no\/wp-json\/wp\/v2\/posts\/43821","targetHints":{"allow":["GET"]}}],"collection":[{"href":"https:\/\/www.europesays.com\/no\/wp-json\/wp\/v2\/posts"}],"about":[{"href":"https:\/\/www.europesays.com\/no\/wp-json\/wp\/v2\/types\/post"}],"author":[{"embeddable":true,"href":"https:\/\/www.europesays.com\/no\/wp-json\/wp\/v2\/users\/2"}],"replies":[{"embeddable":true,"href":"https:\/\/www.europesays.com\/no\/wp-json\/wp\/v2\/comments?post=43821"}],"version-history":[{"count":0,"href":"https:\/\/www.europesays.com\/no\/wp-json\/wp\/v2\/posts\/43821\/revisions"}],"wp:featuredmedia":[{"embeddable":true,"href":"https:\/\/www.europesays.com\/no\/wp-json\/wp\/v2\/media\/43822"}],"wp:attachment":[{"href":"https:\/\/www.europesays.com\/no\/wp-json\/wp\/v2\/media?parent=43821"}],"wp:term":[{"taxonomy":"category","embeddable":true,"href":"https:\/\/www.europesays.com\/no\/wp-json\/wp\/v2\/categories?post=43821"},{"taxonomy":"post_tag","embeddable":true,"href":"https:\/\/www.europesays.com\/no\/wp-json\/wp\/v2\/tags?post=43821"}],"curies":[{"name":"wp","href":"https:\/\/api.w.org\/{rel}","templated":true}]}}