{"id":44038,"date":"2025-09-24T16:48:11","date_gmt":"2025-09-24T16:48:11","guid":{"rendered":"https:\/\/www.europesays.com\/no\/44038\/"},"modified":"2025-09-24T16:48:11","modified_gmt":"2025-09-24T16:48:11","slug":"asker-nyhet-stengte-vei-etter-ulykke","status":"publish","type":"post","link":"https:\/\/www.europesays.com\/no\/44038\/","title":{"rendered":"Asker, Nyhet | Stengte vei etter ulykke"},"content":{"rendered":"\n<p><b>ASKER: <\/b>N\u00f8detatene har onsdag ettermiddag rykket ut til Grimsrudveien ved Hyggen etter melding om en ulykke.<\/p>\n<p>\u2013 Det framst\u00e5r som en singelulykke med \u00e9n MC invovlert, sier Bj\u00f8rn Gunnar Nys\u00e6ter, operasjonsleder i Oslo politidistrikt.<\/p>\n<p>Ambulanse er p\u00e5 stedet og unders\u00f8ker f\u00f8rer.<\/p>\n<p>   <img decoding=\"async\" width=\"2048\" height=\"1536\" fetchpriority=\"low\"  loading=\"lazy\"  src=\"https:\/\/www.europesays.com\/no\/wp-content\/uploads\/2025\/09\/grimsrudveien.jpg\" alt=\"\" class=\"brick-c-cFOWSL\" style=\"--brick-image-ratio: 2048 \/ 1536;\"\/><\/p>\n<p>    Grimsrudveien er stengt etter ulykken.<br \/>\n    Foto: Philip Kollstr\u00f8m\n  <\/p>\n<p>Veien ble en periode stengt i begge retninger.<\/p>\n<p>\u2013 Luftambulansen lander om kort tid, opplyser Nys\u00e6ter.<\/p>\n<p>MC-f\u00f8rer vurderes som alvorlig til kritisk skadd, men ikke livstruende.<\/p>\n<p>Klokken 18.39 opplyser Nys\u00e6ter at politiet dirigerer trafikk forbi ulykkesstedet. Statens vegvesens ulykkesanalysegruppe er p\u00e5 vei for \u00e5 bist\u00e5 med unders\u00f8kelser p\u00e5 stedet.<\/p>\n<p>\u2013 Veien blir ikke \u00e5pnet for normal ferdsel f\u00f8r dette er utf\u00f8rt, sier Nys\u00e6ter.<\/p>\n","protected":false},"excerpt":{"rendered":"ASKER: N\u00f8detatene har onsdag ettermiddag rykket ut til Grimsrudveien ved Hyggen etter melding om en ulykke. \u2013 Det&hellip;\n","protected":false},"author":2,"featured_media":44039,"comment_status":"","ping_status":"","sticky":false,"template":"","format":"standard","meta":{"footnotes":""},"categories":[10],"tags":[36,996,20,21,24,25,15,22,23,13,30,28,29,447,14,16,1510,26,27,51],"class_list":{"0":"post-44038","1":"post","2":"type-post","3":"status-publish","4":"format-standard","5":"has-post-thumbnail","7":"category-norge","8":"tag-art","9":"tag-asker","10":"tag-breaking-news","11":"tag-breakingnews","12":"tag-featured-news","13":"tag-featurednews","14":"tag-headlines","15":"tag-latest-news","16":"tag-latestnews","17":"tag-news","18":"tag-no","19":"tag-norge","20":"tag-norway","21":"tag-nyhet","22":"tag-nyheter","23":"tag-overskrifter","24":"tag-story","25":"tag-top-stories","26":"tag-topstories","27":"tag-ulykke"},"share_on_mastodon":{"url":"","error":""},"_links":{"self":[{"href":"https:\/\/www.europesays.com\/no\/wp-json\/wp\/v2\/posts\/44038","targetHints":{"allow":["GET"]}}],"collection":[{"href":"https:\/\/www.europesays.com\/no\/wp-json\/wp\/v2\/posts"}],"about":[{"href":"https:\/\/www.europesays.com\/no\/wp-json\/wp\/v2\/types\/post"}],"author":[{"embeddable":true,"href":"https:\/\/www.europesays.com\/no\/wp-json\/wp\/v2\/users\/2"}],"replies":[{"embeddable":true,"href":"https:\/\/www.europesays.com\/no\/wp-json\/wp\/v2\/comments?post=44038"}],"version-history":[{"count":0,"href":"https:\/\/www.europesays.com\/no\/wp-json\/wp\/v2\/posts\/44038\/revisions"}],"wp:featuredmedia":[{"embeddable":true,"href":"https:\/\/www.europesays.com\/no\/wp-json\/wp\/v2\/media\/44039"}],"wp:attachment":[{"href":"https:\/\/www.europesays.com\/no\/wp-json\/wp\/v2\/media?parent=44038"}],"wp:term":[{"taxonomy":"category","embeddable":true,"href":"https:\/\/www.europesays.com\/no\/wp-json\/wp\/v2\/categories?post=44038"},{"taxonomy":"post_tag","embeddable":true,"href":"https:\/\/www.europesays.com\/no\/wp-json\/wp\/v2\/tags?post=44038"}],"curies":[{"name":"wp","href":"https:\/\/api.w.org\/{rel}","templated":true}]}}