{"id":44046,"date":"2025-09-24T16:58:57","date_gmt":"2025-09-24T16:58:57","guid":{"rendered":"https:\/\/www.europesays.com\/no\/44046\/"},"modified":"2025-09-24T16:58:57","modified_gmt":"2025-09-24T16:58:57","slug":"nye-detaljer-om-martin-short-og-meryl-streep","status":"publish","type":"post","link":"https:\/\/www.europesays.com\/no\/44046\/","title":{"rendered":"Nye detaljer om Martin Short og Meryl Streep"},"content":{"rendered":"<p class=\"kicker \" style=\"\">\u00a0Meryl Streep og Martin Short:<\/p>\n<p>  Hollywood-stjernene benekter romanse, men kilder mener noe helt annet foreg\u00e5r.<\/p>\n<p>\n    H\u00c5ND I H\u00c5ND: Streep og Short er ikke redde for \u00e5 vise at de st\u00e5r hverandre n\u00e6rt p\u00e5 den r\u00f8de l\u00f8peren. Foto: REUTERS \/ Mario Anzuoni \/ NTB\n  <\/p>\n<p>Ryktene om en romanse mellom skuespillerkollegene Martin Short (75) og Meryl Streep (76)\u00a0<a href=\"https:\/\/www.seher.no\/kjendis\/bekrefter-du-forholdet\/82108147\" target=\"_blank\" rel=\"nofollow noopener\">har svirret i lang tid.<\/a><\/p>\n<p>Duoen spiller sammen i suksesserien \u00abOnly Murders in the Building\u00bb, og det ser ut til \u00e5 ha utviklet et n\u00e6rt vennskap mellom dem gjennom \u00e5rene.\u00a0 Stjernene spiller for \u00f8vrig hverandres romantiske partnere i serien. <\/p>\n<p>    <a itemprop=\"url\" href=\"https:\/\/www.seher.no\/kjendis\/krever-beklagelse\/83631262\" rel=\"nofollow noopener\" target=\"_blank\"><\/p>\n<p>      <img loading=\"lazy\" decoding=\"async\" src=\"https:\/\/www.europesays.com\/no\/wp-content\/uploads\/2025\/09\/83632078.webp\" width=\"147\" height=\"98\" title=\"Krever beklagelse\" alt=\"\" class=\"lazyload\" style=\"--aspect-ratio-image: 1.50; \"\/><\/p>\n<p>        Krever beklagelse<\/p>\n<p>    <\/a><\/p>\n<p> Romanseryktene oppsto for fullt da det ble tatt flere bilder av <a href=\"https:\/\/www.seher.no\/kjendis\/svarer-pa-ryktene\/80911218\" target=\"_blank\" rel=\"nofollow noopener\">dem sammen fra Golden Globe Awards i 2024<\/a>, hvor de s\u00e5 ut til \u00e5 trives godt i hverandres selskap. <\/p>\n<p> Hollywood-stjernene har ogs\u00e5 tidligere blitt fotografert h\u00e5nd i h\u00e5nd p\u00e5 sesongpremieren og etterfesten til sesong fire av \u00abOnly Murders in the Building\u00bb. <\/p>\n<p>        FORELSKET: John Arne Riise viser fram sin nye utk\u00e5rede for f\u00f8rste gang p\u00e5 l\u00f8peren til Reality Awards. Video: Thea Hope \/ R\u00f8d L\u00f8per.<\/p>\n<p> Short har tidligere benektet en romantisk kobling til \u00abMamma Mia\u00bb-stjernen etter at en talsperson fortalte til\u00a0<a href=\"https:\/\/people.com\/martin-short-rep-says-only-murders-in-the-building-star-just-very-good-friends-meryl-streep-8424057\" rel=\"nofollow noopener\" target=\"_blank\">People<\/a>\u00a0at de \u00abbare var veldig gode venner, og ikke noe mer\u00bb. <\/p>\n<p>Likevel ser det ikke ut til at ryktene gir seg med det f\u00f8rste. N\u00e5 kan nemlig en n\u00e6r venn av duoen dele en rekke detaljer om forholdet.<\/p>\n<p>    <a itemprop=\"url\" href=\"https:\/\/www.seher.no\/kjendis\/rammet-av-flykaos\/83630857\" rel=\"nofollow noopener\" target=\"_blank\"><\/p>\n<p>      <img loading=\"lazy\" decoding=\"async\" src=\"https:\/\/www.europesays.com\/no\/wp-content\/uploads\/2025\/09\/83630688.webp\" width=\"980\" height=\"441\" title=\"Rammet av flykaos\" alt=\"\" class=\"lazyload\" style=\"--aspect-ratio-image: 2.22; \"\/><\/p>\n<p>        Rammet av flykaos<\/p>\n<p>    <\/a><\/p>\n<p>&#8211; Martin elsker det. Han er ikke en gammeldags alfa-hann. Han foretrekker Meryls uavhengighet og f\u00f8ler seg ikke truet av pengene eller suksessen hennes. Han synes det er sexy, sier en kilde til <a href=\"https:\/\/nationalenquirer.com\/meryl-streep-wears-the-pants-in-romance-with-martin-short-but-actor-finds-her-independence-sexy\/?utm_source=nationalenquirer.com&amp;utm_medium=recirculation&amp;utm_campaign=pubexchange_module\" target=\"_blank\" rel=\"nofollow noopener\">National Enquirer<\/a>.<\/p>\n<p>If\u00f8lge en annen kilde skal Meryl sitte p\u00e5 de samme f\u00f8lelsene som Martin.<\/p>\n<p>&#8211; Hun har det helt fantastisk med ham. Men ikke misforst\u00e5, det er hun som bestemmer.<\/p>\n<p>        ER UTRO: Etter realitydeltakeren kliner til med en ukjent kvinne, dukker plutselig kj\u00e6resten opp. Video: ITV\/ \u00abBad boyfriends\u00bb\/ R\u00f8d L\u00f8per\u2028<\/p>\n<p> Martin Short giftet seg med Nancy Dolman i 1980, og de holdt sammen frem til hun d\u00f8de av kreft i 2010. Det er ikke bekreftet om han har v\u00e6rt i et forhold etter dette, men if\u00f8lge medier bruker han mye tid p\u00e5 \u00e5 holde sin avd\u00f8de kones minne i live. <\/p>\n<p>          <img loading=\"lazy\" decoding=\"async\" src=\"https:\/\/www.europesays.com\/no\/wp-content\/uploads\/2025\/09\/83632466.webp\" width=\"686\" height=\"590\" title=\"P\u00c5 BYEN: Martin og Meryl er stadig p\u00e5 farten sammen, og if\u00f8lge venner er det hun som \u00abhar p\u00e5 buksene i forholdet\u00bb ... Foto: NTB\" alt=\"\" class=\"\" style=\"--aspect-ratio-image: 1.16; \"\/><\/p>\n<p>\n          P\u00c5 BYEN: Martin og Meryl er stadig p\u00e5 farten sammen, og if\u00f8lge venner er det hun som \u00abhar p\u00e5 buksene i forholdet\u00bb &#8230; Foto: NTB\n      <\/p>\n<p> Meryl Streep har p\u00e5 sin side ogs\u00e5 v\u00e6rt i et ekteskap tidligere. Hun var gift med Don Gummer (77) i hele 45 \u00e5r, fra 1978 til 2017. <\/p>\n<p> \u00abDe vil alltid bry seg om hverandre, men har valgt \u00e5 leve fra hverandre\u00bb, uttalte en representant for Streep, if\u00f8lge\u00a0<a href=\"https:\/\/www.hola.com\/us\/celebrities\/20231022351806\/meryl-streep-don-gummer-marriage\/\" rel=\"nofollow noopener\" target=\"_blank\">Hola<\/a>. <\/p>\n","protected":false},"excerpt":{"rendered":"\u00a0Meryl Streep og Martin Short: Hollywood-stjernene benekter romanse, men kilder mener noe helt annet foreg\u00e5r. H\u00c5ND I H\u00c5ND:&hellip;\n","protected":false},"author":2,"featured_media":44047,"comment_status":"","ping_status":"","sticky":false,"template":"","format":"standard","meta":{"footnotes":""},"categories":[58],"tags":[71,479,2543,6920,6919,30,28,29,6921,72],"class_list":{"0":"post-44046","1":"post","2":"type-post","3":"status-publish","4":"format-standard","5":"has-post-thumbnail","7":"category-underholdning","8":"tag-entertainment","9":"tag-kjendis","10":"tag-kjendisdesken","11":"tag-martin-short","12":"tag-meryl-streep","13":"tag-no","14":"tag-norge","15":"tag-norway","16":"tag-romanserykter","17":"tag-underholdning"},"share_on_mastodon":{"url":"","error":""},"_links":{"self":[{"href":"https:\/\/www.europesays.com\/no\/wp-json\/wp\/v2\/posts\/44046","targetHints":{"allow":["GET"]}}],"collection":[{"href":"https:\/\/www.europesays.com\/no\/wp-json\/wp\/v2\/posts"}],"about":[{"href":"https:\/\/www.europesays.com\/no\/wp-json\/wp\/v2\/types\/post"}],"author":[{"embeddable":true,"href":"https:\/\/www.europesays.com\/no\/wp-json\/wp\/v2\/users\/2"}],"replies":[{"embeddable":true,"href":"https:\/\/www.europesays.com\/no\/wp-json\/wp\/v2\/comments?post=44046"}],"version-history":[{"count":0,"href":"https:\/\/www.europesays.com\/no\/wp-json\/wp\/v2\/posts\/44046\/revisions"}],"wp:featuredmedia":[{"embeddable":true,"href":"https:\/\/www.europesays.com\/no\/wp-json\/wp\/v2\/media\/44047"}],"wp:attachment":[{"href":"https:\/\/www.europesays.com\/no\/wp-json\/wp\/v2\/media?parent=44046"}],"wp:term":[{"taxonomy":"category","embeddable":true,"href":"https:\/\/www.europesays.com\/no\/wp-json\/wp\/v2\/categories?post=44046"},{"taxonomy":"post_tag","embeddable":true,"href":"https:\/\/www.europesays.com\/no\/wp-json\/wp\/v2\/tags?post=44046"}],"curies":[{"name":"wp","href":"https:\/\/api.w.org\/{rel}","templated":true}]}}