{"id":4406,"date":"2025-08-10T19:14:12","date_gmt":"2025-08-10T19:14:12","guid":{"rendered":"https:\/\/www.europesays.com\/no\/4406\/"},"modified":"2025-08-10T19:14:12","modified_gmt":"2025-08-10T19:14:12","slug":"netanyahu-kalte-guttens-sult-falsk-rett-for-motte-familien-vg","status":"publish","type":"post","link":"https:\/\/www.europesays.com\/no\/4406\/","title":{"rendered":"Netanyahu kalte guttens sult \u00abfalsk\u00bb. Rett f\u00f8r m\u00f8tte familien VG"},"content":{"rendered":"\n<p class=\"_paragraph_1bvmi_4 _paragraph_xtcu6_10 layout-component text-serif-m layout-normal text-serif-m layout-padded\">Under en pressekonferanse s\u00f8ndag ettermiddag i Jerusalem viste Benjamin Netanyahu frem bilder av tre utmagrede barn fra Gaza, publisert i internasjonale medier. <\/p>\n<p class=\"_paragraph_1bvmi_4 _paragraph_xtcu6_10 layout-component text-serif-m layout-normal text-serif-m layout-padded\">\u2013 Dette er ondartede l\u00f8gner, sa han.<\/p>\n<p class=\"_paragraph_1bvmi_4 _paragraph_xtcu6_10 layout-component text-serif-m layout-normal text-serif-m layout-padded\">Statslederen, som er etterlyst av Den internasjonale straffedomstolen og under sv\u00e6rt hardt internasjonalt press som f\u00f8lge av <a href=\"https:\/\/www.vg.no\/tag\/israel?utm_source=vg-article&amp;utm_medium=auto-tagger&amp;utm_campaign=nyz9Jm\" class=\"_link_1bvmi_39\" rel=\"nofollow noopener\" target=\"_blank\">Israels<\/a> krigf\u00f8ring, raste:<\/p>\n<p class=\"_paragraph_1bvmi_4 _paragraph_xtcu6_10 layout-component text-serif-m layout-normal text-serif-m layout-padded\">\u2013 Vi vil ikke tillate dette \u00e5 st\u00e5 uimotsagt.<\/p>\n<p class=\"_paragraph_1bvmi_4 _paragraph_xtcu6_10 layout-component text-serif-m layout-normal text-serif-m layout-padded\">Ett av bildene viser en avisforside med bildet av den 18 m\u00e5neder gamle gutten Mohammad Al-Motawaq (18 md.).<\/p>\n<p class=\"_paragraph_1bvmi_4 _paragraph_xtcu6_10 layout-component text-serif-m layout-normal text-serif-m layout-padded\">P\u00e5 bildet hadde den israelske lederen lagt p\u00e5 ordene \u00abFAKE\u00bb.<\/p>\n<p class=\"_paragraph_1bvmi_4 _paragraph_xtcu6_10 layout-component text-serif-m layout-normal text-serif-m layout-padded\"><strong class=\"_strong_1bvmi_25\">Men hva er egentlig historien til den utmagrede gutten som Netanyahu peker p\u00e5? <\/strong><\/p>\n<p><img alt=\"\" class=\"_image_qp4xg_65 layout-component layout-normal\" data-fullscreen- data-track-element-type=\"Article image fullscreen\" data-track-name=\"ImageFullscreen\" decoding=\"async\" loading=\"lazy\" height=\"1162\" itemprop=\"image\"  src=\"https:\/\/www.europesays.com\/no\/wp-content\/uploads\/2025\/08\/dcbcaad5-e8cf-4516-add0-715fc50c36b7\"  style=\"object-position:0% 0%\" width=\"1416\"\/><\/p>\n<p class=\"_paragraph_1bvmi_4 _paragraph_xtcu6_10 layout-component text-serif-m layout-normal text-serif-m layout-padded\">I et telt n\u00e6r stranden i Gaza by, finner VG svar.<\/p>\n<p class=\"_paragraph_1bvmi_4 _paragraph_xtcu6_10 layout-component text-serif-m layout-normal text-serif-m layout-padded\">Der st\u00e5r Hidayat Al-Motawaq (31) med hennes underern\u00e6rte og verdenskjente s\u00f8nn i armene.<\/p>\n<p class=\"_paragraph_1bvmi_4 _paragraph_xtcu6_10 layout-component text-serif-m layout-normal text-serif-m layout-padded\"><strong class=\"_strong_1bvmi_25\">VGs loake reporter setter seg ned med henne, for hun har en historie \u00e5 fortelle.<\/strong><\/p>\n<p class=\"_paragraph_1bvmi_4 _paragraph_xtcu6_10 layout-component text-serif-m layout-normal text-serif-m layout-padded\">Idet hun var i et av sitt livs mest desperate \u00f8yeblikk i slutten av juli, da Israels blokade gjorde sulten i Gaza altoppslukende, slapp hun en lokal fotograf inn i familiens telt. <\/p>\n<p class=\"_paragraph_1bvmi_4 _paragraph_xtcu6_10 layout-component text-serif-m layout-normal text-serif-m layout-padded\">Bildene som ble tatt av hennes ett \u00e5r gamle s\u00f8nn Mohammed ble kort tid etterp\u00e5 publisert p\u00e5 forsidene av medier over hele verden:<\/p>\n<p><img alt=\"\" class=\"_image_qp4xg_65 layout-component layout-normal\" data-fullscreen- data-track-element-type=\"Article image fullscreen\" data-track-name=\"ImageFullscreen\" decoding=\"async\" loading=\"lazy\" height=\"599\" itemprop=\"image\"  src=\"https:\/\/www.europesays.com\/no\/wp-content\/uploads\/2025\/08\/ac9d122d-d0ee-4558-bbc7-cbcc2bd6b1b3\"  style=\"object-position:0% 0%\" width=\"575\"\/><\/p>\n<p class=\"_paragraph_1bvmi_4 _paragraph_xtcu6_10 layout-component text-serif-m layout-normal text-serif-m layout-padded\">Bildene av Mohammed, og av mange andre utmagrede barn i Gaza, fanget raskt verdens oppmerksomhet. <\/p>\n<p class=\"_paragraph_1bvmi_4 _paragraph_xtcu6_10 layout-component text-serif-m layout-normal text-serif-m layout-padded\">Selv om bilder av skadede og drepte barn, kvinner og menn i Gaza er publisert daglig siden h\u00f8sten 2023, skapte disse sultbildene en ny global politisk dynamikk.<\/p>\n<p class=\"_paragraph_1bvmi_4 _paragraph_xtcu6_10 layout-component text-serif-m layout-normal text-serif-m layout-padded\">Verdensledere, som f\u00f8r hadde strukket seg langt for \u00e5 forsvare Israel, ble langt mer kritiske.<\/p>\n<p class=\"_paragraph_1bvmi_4 _paragraph_xtcu6_10 layout-component text-serif-m layout-normal text-serif-m layout-padded\">Selv Donald Trump, Israels viktigste st\u00f8ttespiller, sa han hadde sett bildene p\u00e5 TV og lot seg prege: <\/p>\n<p class=\"_paragraph_1bvmi_4 _paragraph_xtcu6_10 layout-component text-serif-m layout-normal text-serif-m layout-padded\">\u00abThat&#8217;s real starvation stuff &#8230; and you can&#8217;t fake that.\u00bb<\/p>\n<p class=\"_paragraph_1bvmi_4 _paragraph_xtcu6_10 layout-component text-serif-m layout-normal text-serif-m layout-padded\"><strong class=\"_strong_1bvmi_25\">Men s\u00e5 skjedde det noe.<\/strong><\/p>\n<p class=\"_paragraph_1bvmi_4 _paragraph_xtcu6_10 layout-component text-serif-m layout-normal text-serif-m layout-padded\">Plutselig begynte en rekke artikler \u00e5 spre seg p\u00e5 nettet, som var ment \u00e5 s\u00e5 tvil om Mohammeds historie, og omfanget av sulten i Gaza:<\/p>\n<p class=\"_paragraph_1bvmi_4 _paragraph_xtcu6_10 layout-component text-serif-m layout-normal text-serif-m layout-padded\">Ogs\u00e5 IDFs talsmenn sa til reportere: \u00abBildene av sult er hjerteskj\u00e6rende, men de fleste av dem er falske \u2013 falske og distribuert av Hamas. Det er en kampanje.\u00bb<\/p>\n<p class=\"_paragraph_1bvmi_4 _paragraph_xtcu6_10 layout-component text-serif-m layout-normal text-serif-m layout-padded\">Under ser du noen eksempler p\u00e5 slike artikler:<\/p>\n<p><img alt=\"\" class=\"_image_qp4xg_65 layout-component layout-normal\" data-fullscreen- data-track-element-type=\"Article image fullscreen\" data-track-name=\"ImageFullscreen\" decoding=\"async\" loading=\"lazy\" height=\"218\" itemprop=\"image\"  src=\"https:\/\/www.europesays.com\/no\/wp-content\/uploads\/2025\/08\/d7626fcf-af64-47f8-9713-128c8ff67f8b\"  style=\"object-position:0% 0%\" width=\"775\"\/><\/p>\n<p class=\"_paragraph_1bvmi_4 _paragraph_xtcu6_10 layout-component text-serif-m layout-normal text-serif-m layout-padded\">Med ett var ett\u00e5ringen Mohammed ufrivillig blitt en brikke i informasjonskrigen, som p\u00e5g\u00e5r side om side med den fysiske krigen i Gaza.<\/p>\n<p class=\"_paragraph_1bvmi_4 _paragraph_xtcu6_10 layout-component text-serif-m layout-normal text-serif-m layout-padded\">Og s\u00f8ndag ble Mohammed historie l\u00f8ftet til \u00f8verste politiske niv\u00e5: Israels statsminister snakket direkte om ham og familien, med m\u00e5l \u00e5 bevise at verden var misledet.<\/p>\n<p class=\"_paragraph_1bvmi_4 _paragraph_xtcu6_10 layout-component text-serif-m layout-normal text-serif-m layout-padded\"><strong class=\"_strong_1bvmi_25\">Hvorfor ble akkurat bildene av Mohammed s\u00e5 kontroversielle, if\u00f8lge kritikerne og Netanyahu?<\/strong><\/p>\n<p class=\"_paragraph_1bvmi_4 _paragraph_xtcu6_10 layout-component text-serif-m layout-normal text-serif-m layout-padded\">Flere av de f\u00f8rste artiklene som ble skrevet om gutten, manglet opplysningene om at ett\u00e5ringen har en medf\u00f8dt sykdom. Alts\u00e5, at han var syk ogs\u00e5 f\u00f8r hungersn\u00f8den rammet familien. <\/p>\n<p class=\"_paragraph_1bvmi_4 _paragraph_xtcu6_10 layout-component text-serif-m layout-normal text-serif-m layout-padded\">Derfor er han tynnere enn broren sin, og tynnere enn mange andre barn i Gaza. Kritikerne mener hans helsetilstand derfor ikke viser en sultkatastrofe, men sykdom.<\/p>\n<p class=\"_paragraph_1bvmi_4 _paragraph_xtcu6_10 layout-component text-serif-m layout-normal text-serif-m layout-padded\">Selv om det finnes mange andre bilder av helt friske barn rammet av sult, valgte kritikerne \u00e5 bruke Mohammed som et bevis p\u00e5 at mediene vrir p\u00e5 sannheten.<\/p>\n<p><img alt=\"Hidayat (31) sammen med Mohammed i Gaza by da VG m\u00f8ter dem.  Foto: Sami Abu Salem, VG\" class=\"_image_qp4xg_65 layout-component layout-normal\" data-fullscreen- data-track-element-type=\"Article image fullscreen\" data-track-name=\"ImageFullscreen\" decoding=\"async\" loading=\"lazy\" height=\"1320\" itemprop=\"image\"  src=\"https:\/\/www.europesays.com\/no\/wp-content\/uploads\/2025\/08\/a2f816ba-b04d-4bad-8504-72badbe9cf79\"  style=\"object-position:0% 0%\" width=\"796\"\/>Hidayat (31) sammen med Mohammed i Gaza by da VG m\u00f8ter dem.  Foto: Sami Abu Salem, VG<\/p>\n<p class=\"_paragraph_1bvmi_4 _paragraph_xtcu6_10 layout-component text-serif-m layout-normal text-serif-m layout-padded\"><strong class=\"_strong_1bvmi_25\">S\u00e5 hva sier moren selv?<\/strong><\/p>\n<p class=\"_paragraph_1bvmi_4 _paragraph_xtcu6_10 layout-component text-serif-m layout-normal text-serif-m layout-padded\">Hidayat hadde f\u00e5tt med seg lite av oppstyret da VG m\u00f8tte henne i Gaza by i forrige uke, f\u00f8r Netanyahus siste uttalelser denne helgen.<\/p>\n<p class=\"_paragraph_1bvmi_4 _paragraph_xtcu6_10 layout-component text-serif-m layout-normal text-serif-m layout-padded\">Hun forteller til VG at Mohammed ble f\u00f8dt med sykdommen \u00abMuskelatrofi\u00bb, men at familien f\u00f8r holdt sykdommen i sjakk med behandling.<\/p>\n<p class=\"_paragraph_1bvmi_4 _paragraph_xtcu6_10 layout-component text-serif-m layout-normal text-serif-m layout-padded\"><strong class=\"_strong_1bvmi_25\">Hun er helt klar p\u00e5 at tilstanden til s\u00f8nnen er drastisk forverret som f\u00f8lge av Israels krigf\u00f8ring og blokade. Til tider har s\u00f8nnen g\u00e5tt fire dager uten \u00e5 spise.<\/strong><\/p>\n<p class=\"_paragraph_1bvmi_4 _paragraph_xtcu6_10 layout-component text-serif-m layout-normal text-serif-m layout-padded\">Moren deler et bilde av Mohammed tatt i mars, idet Israel innf\u00f8rte en total blokade p\u00e5 Gaza, som varte frem til slutten av mai. <\/p>\n<p class=\"_paragraph_1bvmi_4 _paragraph_xtcu6_10 layout-component text-serif-m layout-normal text-serif-m layout-padded\">P\u00e5 det tidspunktet er s\u00f8nnen smilende og ser helt annerledes ut:<\/p>\n<p><img alt=\"Mohammed fotografert i mars.  Foto: Privat\" class=\"_image_qp4xg_65 layout-component layout-normal\" data-fullscreen- data-track-element-type=\"Article image fullscreen\" data-track-name=\"ImageFullscreen\" decoding=\"async\" loading=\"lazy\" height=\"964\" itemprop=\"image\"  src=\"https:\/\/www.europesays.com\/no\/wp-content\/uploads\/2025\/08\/9ad762f4-e737-4a2f-83c7-54067bba6ce4\"  style=\"object-position:0% 0%\" width=\"702\"\/>Mohammed fotografert i mars.  Foto: Privat<\/p>\n<p class=\"_paragraph_1bvmi_4 _paragraph_xtcu6_10 layout-component text-serif-m layout-normal text-serif-m layout-padded\">Moren forteller om tiden f\u00f8r blokaden og matmangelen:<\/p>\n<p class=\"_paragraph_1bvmi_4 _paragraph_xtcu6_10 layout-component text-serif-m layout-normal text-serif-m layout-padded\"><strong class=\"_strong_1bvmi_25\">\u2013 Alt var under kontroll. Han fikk mat og medisiner, men etter blokaden og den siste eskaleringen har vi levd i hungersn\u00f8d, ingen medisiner, ingen mat eller fungerende sykehus, sier moren.<\/strong><\/p>\n<p class=\"_paragraph_1bvmi_4 _paragraph_xtcu6_10 layout-component text-serif-m layout-normal text-serif-m layout-padded\">Hun deler ogs\u00e5 et annet bilde tatt i februar:<\/p>\n<p><img alt=\"Mohammed fotografert i februar.\" class=\"_image_qp4xg_65 layout-component layout-normal\" data-fullscreen- data-track-element-type=\"Article image fullscreen\" data-track-name=\"ImageFullscreen\" decoding=\"async\" loading=\"lazy\" height=\"1280\" itemprop=\"image\"  src=\"https:\/\/www.europesays.com\/no\/wp-content\/uploads\/2025\/08\/708443bb-c183-4c49-a34e-12b3fdea14f6\"  style=\"object-position:0% 0%\" width=\"720\"\/>Mohammed fotografert i februar.<\/p>\n<p class=\"_paragraph_1bvmi_4 _paragraph_xtcu6_10 layout-component text-serif-m layout-normal text-serif-m layout-padded\">Moren forteller at de har tatt med Mohammed til sykehus en rekke ganger, men der har hun den siste tiden f\u00e5tt beskjed om at det er lite de kan gj\u00f8re.<\/p>\n<p class=\"_paragraph_1bvmi_4 _paragraph_xtcu6_10 layout-component text-serif-m layout-normal text-serif-m layout-padded\">\u00abDet s\u00f8nnen din trenger er mat, og det kan ikke vi hjelpe med\u00bb, skal legene ha sagt if\u00f8lge henne.<\/p>\n<p class=\"_paragraph_1bvmi_4 _paragraph_xtcu6_10 layout-component text-serif-m layout-normal text-serif-m layout-padded\">\u2013 Hadde dere noe annen medisinsk behandling f\u00f8r?<\/p>\n<p class=\"_paragraph_1bvmi_4 _paragraph_xtcu6_10 layout-component text-serif-m layout-normal text-serif-m layout-padded\"><strong class=\"_strong_1bvmi_25\">\u2013 Ja, vi hadde fysioterapi og han ble bedre og begynte \u00e5 bruke benene og armene. Men flukten og matmangelen har gjort ham verre.<\/strong><\/p>\n<p class=\"_paragraph_1bvmi_4 _paragraph_xtcu6_10 layout-component text-serif-m layout-normal text-serif-m layout-padded\">Moren har uttalt at gutten l\u00e6rte seg \u00e5 st\u00e5 og g\u00e5, som andre barn p\u00e5 hans alder, men den evnen har han n\u00e5 mistet.<\/p>\n<p class=\"_paragraph_1bvmi_4 _paragraph_xtcu6_10 layout-component text-serif-m layout-normal text-serif-m layout-padded\"><a href=\"https:\/\/www.npr.org\/2025\/08\/05\/nx-s1-5488798\/gaza-baby-starvation-update\" class=\"_link_1bvmi_39\" rel=\"nofollow noopener\" target=\"_blank\">Amerikanske NPR<\/a> har ogs\u00e5 snakket med Mohammeds lege og sykehuset der han tidligere fikk oppf\u00f8lging: <\/p>\n<p class=\"_paragraph_1bvmi_4 _paragraph_xtcu6_10 layout-component text-serif-m layout-normal text-serif-m layout-padded\">\u2013 Med behandling og mat kan Mohammed utvikle seg akkurat som andre barn, sier ern\u00e6ringsfysiolog Saeed Salah, som har fulgt Mohammed. <\/p>\n<p class=\"_paragraph_1bvmi_4 _paragraph_xtcu6_10 layout-component text-serif-m layout-normal text-serif-m layout-padded\">Sultkatastrofen i Gaza har n\u00e5dd et kritisk niv\u00e5. I slutten av juli varselet det FN-tilknyttede The Integrated Food Security Phase Classification (IPC) at det advares om \u00abutbredt\u00bb d\u00f8d, dersom det ikke tas grep umiddelbart.<\/p>\n<p class=\"_paragraph_1bvmi_4 _paragraph_xtcu6_10 layout-component text-serif-m layout-normal text-serif-m layout-padded\">Sulten rammer s\u00e6rlig de svakeste f\u00f8rst, som syke, barn og eldre:<\/p>\n<p><img alt=\"Ni \u00e5r gamle Mariam Dawwas b\u00e6res av morgen. If\u00f8lge familien veide hun 25 kilo f\u00f8r. N\u00e5 veier hun 10 kilo.  Foto: OMAR AL-QATTAA \/ AFP \/ NTB\" class=\"_image_qp4xg_65 layout-component layout-normal\" data-fullscreen- data-track-element-type=\"Article image fullscreen\" data-track-name=\"ImageFullscreen\" decoding=\"async\" loading=\"lazy\" height=\"3648\" itemprop=\"image\"  src=\"https:\/\/www.europesays.com\/no\/wp-content\/uploads\/2025\/08\/571ec1b2-7e84-40e8-aae2-da1e00144c3e\"  style=\"object-position:0% 0%\" width=\"5472\"\/>Ni \u00e5r gamle Mariam Dawwas b\u00e6res av morgen. If\u00f8lge familien veide hun 25 kilo f\u00f8r. N\u00e5 veier hun 10 kilo.  Foto: OMAR AL-QATTAA \/ AFP \/ NTB<img alt=\"Salim Asfour (85) fra byen Khan Younis i Gaza, lider av alvorlig underern\u00e6ring.  Foto: HAITHAM IMAD \/ EPA \/ NTB\" class=\"_image_qp4xg_65 layout-component layout-normal\" data-fullscreen- data-track-element-type=\"Article image fullscreen\" data-track-name=\"ImageFullscreen\" decoding=\"async\" loading=\"lazy\" height=\"11249\" itemprop=\"image\"  src=\"https:\/\/www.europesays.com\/no\/wp-content\/uploads\/2025\/08\/b438c9bb-8032-4cf9-8faf-a511b464162a\"  style=\"object-position:0% 0%\" width=\"7500\"\/>Salim Asfour (85) fra byen Khan Younis i Gaza, lider av alvorlig underern\u00e6ring.  Foto: HAITHAM IMAD \/ EPA \/ NTB<\/p>\n<p class=\"_paragraph_1bvmi_4 _paragraph_xtcu6_10 layout-component text-serif-m layout-normal text-serif-m layout-padded\">Den norske legen Mads Gilbert, som holder tett kontakt med tidligere legekolleger i Gaza, sier til VG:<\/p>\n<p class=\"_paragraph_1bvmi_4 _paragraph_xtcu6_10 layout-component text-serif-m layout-normal text-serif-m layout-padded\">\u2013 Med \u00f8deleggelsen av helsevesenet er alle kronisk syke de som rammes f\u00f8rst av underern\u00e6ring og sult. Hvis du har kreft, sukkersyke eller en medf\u00f8dt lidelse som noen av disse barna har, vil du v\u00e6re absolutt mest s\u00e5rbar for underern\u00e6ring og menneskeskapte sultkatastrofe, sier han.<\/p>\n<p><img alt=\"Sham Qudeih, en to\u00e5ring i Khan Younis, veier n\u00e5 kun fire kilo. Bildet er tatt s\u00f8ndag.  Foto: HAITHAM IMAD \/ EPA \/ NTB\" class=\"_image_qp4xg_65 layout-component layout-normal\" data-fullscreen- data-track-element-type=\"Article image fullscreen\" data-track-name=\"ImageFullscreen\" decoding=\"async\" loading=\"lazy\" height=\"5000\" itemprop=\"image\"  src=\"https:\/\/www.europesays.com\/no\/wp-content\/uploads\/2025\/08\/7a21b433-2674-4455-9393-86c910b9b67e\"  style=\"object-position:0% 0%\" width=\"7500\"\/>Sham Qudeih, en to\u00e5ring i Khan Younis, veier n\u00e5 kun fire kilo. Bildet er tatt s\u00f8ndag.  Foto: HAITHAM IMAD \/ EPA \/ NTB<\/p>\n<p class=\"_paragraph_1bvmi_4 _paragraph_xtcu6_10 layout-component text-serif-m layout-normal text-serif-m layout-padded\">Det siste d\u00f8gnet har fem personer, hvorav to barn, d\u00f8dd grunnet underern\u00e6ring, skriver palestinske helsemyndigheter. s\u00e5 langt skal 100 barn og 117 voksne ha sultet hjel p\u00e5 Gazastripen siden krigens start.<\/p>\n<p class=\"_paragraph_1bvmi_4 _paragraph_xtcu6_10 layout-component text-serif-m layout-normal text-serif-m layout-padded\">WHO-sjef Tedros Adhanom Ghebreyesus sa torsdag at \u00abunderern\u00e6ringen er utbredt, og antall sultrelaterte d\u00f8dsfall \u00f8ker\u00bb. <\/p>\n<p class=\"_paragraph_1bvmi_4 _paragraph_xtcu6_10 layout-component text-serif-m layout-normal text-serif-m layout-padded\">Han fortalte da at 12.000 barn under fem \u00e5r har f\u00e5tt p\u00e5vist akutt underern\u00e6ring i juli.<\/p>\n<p class=\"_paragraph_1bvmi_4 _paragraph_xtcu6_10 layout-component text-serif-m layout-normal text-serif-m layout-padded\">Samtidig er lite som tyder p\u00e5 at Israels angrep i Gaza snart vil ende:<\/p>\n<p class=\"_paragraph_1bvmi_4 _paragraph_xtcu6_10 layout-component text-serif-m layout-normal text-serif-m layout-padded\">Denne uken bestemte Netanyahu og hans regjering seg for \u00e5 utvide milit\u00e6roperasjonen ytterligere.<\/p>\n<p> Amund Bakke Foss<\/p>\n<p class=\"text-sans-s\">Utenriksjournalist<\/p>\n<p><img decoding=\"async\" alt=\"Amund Bakke Foss\" class=\"_image_8qg3d_185\" src=\"https:\/\/www.europesays.com\/no\/wp-content\/uploads\/2025\/08\/1754853252_38_b1c0513a-25cc-4ed8-a6d1-f2cd16e8f69e\" width=\"480\"\/>     <\/p>\n","protected":false},"excerpt":{"rendered":"Under en pressekonferanse s\u00f8ndag ettermiddag i Jerusalem viste Benjamin Netanyahu frem bilder av tre utmagrede barn fra Gaza,&hellip;\n","protected":false},"author":2,"featured_media":4407,"comment_status":"","ping_status":"","sticky":false,"template":"","format":"standard","meta":{"footnotes":""},"categories":[12],"tags":[20,21,24,25,53,15,52,22,23,13,30,28,29,14,16,26,27,42,43,44,45],"class_list":{"0":"post-4406","1":"post","2":"type-post","3":"status-publish","4":"format-standard","5":"has-post-thumbnail","7":"category-verden","8":"tag-breaking-news","9":"tag-breakingnews","10":"tag-featured-news","11":"tag-featurednews","12":"tag-gaza","13":"tag-headlines","14":"tag-israel","15":"tag-latest-news","16":"tag-latestnews","17":"tag-news","18":"tag-no","19":"tag-norge","20":"tag-norway","21":"tag-nyheter","22":"tag-overskrifter","23":"tag-top-stories","24":"tag-topstories","25":"tag-verden","26":"tag-world","27":"tag-world-news","28":"tag-worldnews"},"share_on_mastodon":{"url":"","error":""},"_links":{"self":[{"href":"https:\/\/www.europesays.com\/no\/wp-json\/wp\/v2\/posts\/4406","targetHints":{"allow":["GET"]}}],"collection":[{"href":"https:\/\/www.europesays.com\/no\/wp-json\/wp\/v2\/posts"}],"about":[{"href":"https:\/\/www.europesays.com\/no\/wp-json\/wp\/v2\/types\/post"}],"author":[{"embeddable":true,"href":"https:\/\/www.europesays.com\/no\/wp-json\/wp\/v2\/users\/2"}],"replies":[{"embeddable":true,"href":"https:\/\/www.europesays.com\/no\/wp-json\/wp\/v2\/comments?post=4406"}],"version-history":[{"count":0,"href":"https:\/\/www.europesays.com\/no\/wp-json\/wp\/v2\/posts\/4406\/revisions"}],"wp:featuredmedia":[{"embeddable":true,"href":"https:\/\/www.europesays.com\/no\/wp-json\/wp\/v2\/media\/4407"}],"wp:attachment":[{"href":"https:\/\/www.europesays.com\/no\/wp-json\/wp\/v2\/media?parent=4406"}],"wp:term":[{"taxonomy":"category","embeddable":true,"href":"https:\/\/www.europesays.com\/no\/wp-json\/wp\/v2\/categories?post=4406"},{"taxonomy":"post_tag","embeddable":true,"href":"https:\/\/www.europesays.com\/no\/wp-json\/wp\/v2\/tags?post=4406"}],"curies":[{"name":"wp","href":"https:\/\/api.w.org\/{rel}","templated":true}]}}