{"id":44122,"date":"2025-09-24T18:57:08","date_gmt":"2025-09-24T18:57:08","guid":{"rendered":"https:\/\/www.europesays.com\/no\/44122\/"},"modified":"2025-09-24T18:57:08","modified_gmt":"2025-09-24T18:57:08","slug":"kultur-stakkars-klovn-premieren-utsolgt-for-manuset-er-ferdig-vil-lage-en-musikal-pa-nasjonalt-niva","status":"publish","type":"post","link":"https:\/\/www.europesays.com\/no\/44122\/","title":{"rendered":"Kultur, Stakkars Klovn | Premieren utsolgt \u2013 f\u00f8r manuset er ferdig: \u2013 Vil lage en musikal p\u00e5 nasjonalt niv\u00e5"},"content":{"rendered":"<p>   <img decoding=\"async\" width=\"1362\" height=\"748\" fetchpriority=\"high\"  loading=\"eager\"  src=\"https:\/\/www.europesays.com\/no\/wp-content\/uploads\/2025\/09\/Digital+%C3%B8ving.png\" alt=\"\" class=\"brick-c-cFOWSL\" style=\"--brick-image-ratio: 1362 \/ 748;\"\/><\/p>\n<p>    DIGITAL \u00d8VING: Musikerne og skuespillerne i Stakkars Klovn m\u00e5 gjennomf\u00f8re \u00f8vingene digitalt. Hele gjengen er namdalinger, men holder til over hele landet. \u00d8verst fra venstre: Elise Pedersen-Engesvik, Nora Dahle Hansen, Reidar Johnsen, Borgar Mulstad, Margrethe H. Homstad, H\u00e5vard Fyrileiv Holmvassdal, Maren E. K. Lein, Terese Moe Dahle, Eskil Br\u00f8ndbo, Eirik Engan og Arnar Bjor\u00f8y.<br \/>\n    Foto: Skjermdump fra Teams\u00f8vingen\n  <\/p>\n<p data-content=\"lead-text\" class=\"lead-text story&#10;        brick-c-SOGIC\">\n<p>        Musikalen \u00abStakkars Klovn\u00bb har solgt nesten to fulle hus i Namsos, selv om manuset fortsatt ikke er ferdigskrevet.\n    <\/p>\n<p>    Plussmerking. Denne artikkelen kan bare leses av abonenter<\/p>\n<p>  For abonnenter<\/p>\n","protected":false},"excerpt":{"rendered":"DIGITAL \u00d8VING: Musikerne og skuespillerne i Stakkars Klovn m\u00e5 gjennomf\u00f8re \u00f8vingene digitalt. Hele gjengen er namdalinger, men holder&hellip;\n","protected":false},"author":2,"featured_media":44123,"comment_status":"","ping_status":"","sticky":false,"template":"","format":"standard","meta":{"footnotes":""},"categories":[58],"tags":[71,30,28,29,72],"class_list":{"0":"post-44122","1":"post","2":"type-post","3":"status-publish","4":"format-standard","5":"has-post-thumbnail","7":"category-underholdning","8":"tag-entertainment","9":"tag-no","10":"tag-norge","11":"tag-norway","12":"tag-underholdning"},"share_on_mastodon":{"url":"","error":""},"_links":{"self":[{"href":"https:\/\/www.europesays.com\/no\/wp-json\/wp\/v2\/posts\/44122","targetHints":{"allow":["GET"]}}],"collection":[{"href":"https:\/\/www.europesays.com\/no\/wp-json\/wp\/v2\/posts"}],"about":[{"href":"https:\/\/www.europesays.com\/no\/wp-json\/wp\/v2\/types\/post"}],"author":[{"embeddable":true,"href":"https:\/\/www.europesays.com\/no\/wp-json\/wp\/v2\/users\/2"}],"replies":[{"embeddable":true,"href":"https:\/\/www.europesays.com\/no\/wp-json\/wp\/v2\/comments?post=44122"}],"version-history":[{"count":0,"href":"https:\/\/www.europesays.com\/no\/wp-json\/wp\/v2\/posts\/44122\/revisions"}],"wp:featuredmedia":[{"embeddable":true,"href":"https:\/\/www.europesays.com\/no\/wp-json\/wp\/v2\/media\/44123"}],"wp:attachment":[{"href":"https:\/\/www.europesays.com\/no\/wp-json\/wp\/v2\/media?parent=44122"}],"wp:term":[{"taxonomy":"category","embeddable":true,"href":"https:\/\/www.europesays.com\/no\/wp-json\/wp\/v2\/categories?post=44122"},{"taxonomy":"post_tag","embeddable":true,"href":"https:\/\/www.europesays.com\/no\/wp-json\/wp\/v2\/tags?post=44122"}],"curies":[{"name":"wp","href":"https:\/\/api.w.org\/{rel}","templated":true}]}}