{"id":44194,"date":"2025-09-24T20:40:13","date_gmt":"2025-09-24T20:40:13","guid":{"rendered":"https:\/\/www.europesays.com\/no\/44194\/"},"modified":"2025-09-24T20:40:13","modified_gmt":"2025-09-24T20:40:13","slug":"kunst-i-offentlig-rom-skulptur","status":"publish","type":"post","link":"https:\/\/www.europesays.com\/no\/44194\/","title":{"rendered":"Kunst i offentlig rom, Skulptur"},"content":{"rendered":"\n<p>Det var trolig ikke meningen at den sammenklemte leirklumpen i Storgata skulle sammenlignes med en maltraktert penis i cellofan. Men det var enten det, eller lakkert avf\u00f8ring, skulle man tro \u00e9n jeg snakket med.<\/p>\n<p>Jeg pr\u00f8vde p\u00e5 si at man m\u00e5 se kunstverket fra en veldig spesifikk vinkel, og myse kraftig, hvis det skal ligne et mannlig kj\u00f8nnsorgan.<\/p>\n<p>Mine fors\u00f8k p\u00e5 nyanser slo ikke an. Vedkommende sto p\u00e5 sitt.<\/p>\n<p><b>Kunsten kan heldigvis tolkes fritt. Og skulpturen i Storgata, forundrer, om ikke annet. <\/b><\/p>\n<p>Noen barn sammenlignet kunstverket med en sklie. Noe som kunstnerne, Lutz-Rainer M\u00fcller og Stian \u00c5dlandsvik, selv motsatte seg ved avdukingen.<\/p>\n<p>De ba foreldrene om \u00e5 passe p\u00e5 ungene som klatret p\u00e5 aluminiumsklumpen.<\/p>\n<p>Lykke til med det.<\/p>\n<p>Kunstverket forestiller en sammenklemt klump av leire som har blitt forst\u00f8rret, st\u00f8pt i aluminium og lakkert i en grell gjengivelse av nordlys.<\/p>\n<p>Skulpturen er utstyrt med ladere til mobiltelefoner.<\/p>\n<p>Denne selfie-vennlige skulpturen st\u00e5r rett utenfor McDonalds, Backstube og en suvenirbutikk. I en by som er i en enorm endring, og en voldsom global p\u00e5virkning, p\u00e5 grunn av det store innrykket av turister.<\/p>\n<p><b>Her vil tusenvis av kinesere, italienere, indere, briter stoppe for \u00e5 ta et bilde i vinter. Skulpturen er en kommende kjendis, et viralt fenomen, et kunstverk for v\u00e5r tid.<\/b><\/p>\n<p>Der selviscenesettelse, skryt og hyperkonsum g\u00e5r h\u00e5nd i h\u00e5nd.<\/p>\n<p>De av som slet med \u00e5 krysse Storgata ved den lokaleide Rakett-kiosken p\u00e5 grunn av p\u00f8lsek\u00f8ene, kommer ogs\u00e5 til \u00e5 ha sv\u00e6re strev med \u00e5 komme seg forbi McDonalds i vinter.<\/p>\n<p>Enten er denne skulpturen en kynisk utnyttelse av kraften i sosiale medier, for ber\u00f8mmelse. Eller s\u00e5 er skulpturen en ironisk betraktning av verdens og Troms\u00f8s tilstand, der den gl\u00f8der i lysene fra en global fast-food kjede, og konkurrerer med trollene i suvenirsjappa.<\/p>\n<p><b>Jeg holder en knapp p\u00e5 ironien, fordi det gj\u00f8r kunstverket til en str\u00e5lende kommentar. En deltaker i samfunnsdebatten. Det vil stemme overens med M\u00fcllers og \u00c5dlandsviks kunstnerskap for \u00f8vrig. <\/b><\/p>\n<p>De to har blant annet samarbeidet om de skeive lampene p\u00e5 campus i Breivika. Som for \u00f8vrig ble meget omdiskutert i sin tid.<\/p>\n<p>Men som ogs\u00e5 er en kommentar p\u00e5 Troms\u00f8s plass i verden, og verdens plass i Troms\u00f8. \u00c5ndalsvik og M\u00fcller kommenterer byen v\u00e5r gjennom kunst p\u00e5 en debattvennlig m\u00e5te.<\/p>\n<p>Det er jo &#8230; vakkert.<\/p>\n<p>Kan hende jeg tar like mye feil som han som s\u00e5 en penis i cellofan da han gl\u00f8ttet p\u00e5 skulpturen. Men det har nesten blitt umulig \u00e5 bruke ironi som kunstnerisk grep i en verden der alle venter p\u00e5 \u00e5 bli krenket. Denne skulpturen kan ha lykkes med det.<\/p>\n<p>Dermed lykkes det i \u00e5 v\u00e6re kunst. I motsetning til en tilfeldig, vulg\u00e6r ladestasjon.<\/p>\n<p>Uansett hva man tolker det som, har skulpturen blitt en snakkis.<\/p>\n<p>Kunst i offentlige rom skaper identitet og samtale, og er viktig for urban utvikling.<\/p>\n<p><b>Den samtalen h\u00e5per jeg vi ogs\u00e5 f\u00e5r til n\u00e5r det etterlengtede minnesmerket for 22. juli skal oppf\u00f8res i Domkirkeparken. Enn s\u00e5 lenge har ikke reaksjonene p\u00e5 de fem forslagene v\u00e6rt oppl\u00f8ftende.<\/b><\/p>\n<p>Kommentarfeltene har allerede d\u00f8mt de fem forslagene som ligger p\u00e5 bordet nord og ned. Flere \u00f8nsker seg en alminnelig plakett, noe \u00abklassisk\u00bb, heller enn et dominerende moderne kunstverk utenfor kirken.<\/p>\n<p>Hva folk i for tiden mener er \u00abklassisk\u00bb, er usikkert. Men 22. juli fortjener \u00e5 minnes med debatt, diskusjon, og meningsfull refleksjon som peker p\u00e5 ungdommens idealisme. Et kunstverk som skal gj\u00f8re det b\u00f8r v\u00e6re modig, sterkt, synlig og kompromissl\u00f8st.<\/p>\n<p>Alt det som terroristen ville utslette. Et stort og sterkt minnested i nord er langt p\u00e5 overtid. Siden ingen fra Troms\u00f8 ble drept, har kommunen ikke blitt tilbudt et minnesmerke. Det initiativet har kommunen tatt selv, og har satt av to millioner kroner til kunstverket.<\/p>\n<p>Det var en stor ungdomsdelegasjon p\u00e5 rundt 40 personer som dro til Ut\u00f8ya. Mange kom hjem med arr, p\u00e5 kropp og sjel. Byen er et sted som folk med minner om Ut\u00f8ya flytter til.<\/p>\n<p>Byen er ogs\u00e5 et sted der tilreisende fra hele verden gjerne kan komme, ogs\u00e5 for \u00e5 reflektere over fascismens konsekvenser og demokratiets verdi i moderne tid.<\/p>\n<p><b>Alt dette b\u00f8r et minnested for 22. juli handle om. Alt dette kan kunsten l\u00f8se. Klassisk estetikk, hva det n\u00e5 enn er, kan man etterstrebe i sin egen stue.<\/b><\/p>\n<p>I gatene i Troms\u00f8 skal vi ha uredd kunst.<\/p>\n","protected":false},"excerpt":{"rendered":"Det var trolig ikke meningen at den sammenklemte leirklumpen i Storgata skulle sammenlignes med en maltraktert penis i&hellip;\n","protected":false},"author":2,"featured_media":44195,"comment_status":"","ping_status":"","sticky":false,"template":"","format":"standard","meta":{"footnotes":""},"categories":[10],"tags":[36,20,21,24,25,15,635,6946,22,23,13,30,28,29,14,1533,16,6947,1356,26,27,1379],"class_list":{"0":"post-44194","1":"post","2":"type-post","3":"status-publish","4":"format-standard","5":"has-post-thumbnail","7":"category-norge","8":"tag-art","9":"tag-breaking-news","10":"tag-breakingnews","11":"tag-featured-news","12":"tag-featurednews","13":"tag-headlines","14":"tag-kunst","15":"tag-kunst-i-offentlig-rom","16":"tag-latest-news","17":"tag-latestnews","18":"tag-news","19":"tag-no","20":"tag-norge","21":"tag-norway","22":"tag-nyheter","23":"tag-opinion","24":"tag-overskrifter","25":"tag-skulptur","26":"tag-storgata","27":"tag-top-stories","28":"tag-topstories","29":"tag-tromso-sentrum"},"share_on_mastodon":{"url":"","error":""},"_links":{"self":[{"href":"https:\/\/www.europesays.com\/no\/wp-json\/wp\/v2\/posts\/44194","targetHints":{"allow":["GET"]}}],"collection":[{"href":"https:\/\/www.europesays.com\/no\/wp-json\/wp\/v2\/posts"}],"about":[{"href":"https:\/\/www.europesays.com\/no\/wp-json\/wp\/v2\/types\/post"}],"author":[{"embeddable":true,"href":"https:\/\/www.europesays.com\/no\/wp-json\/wp\/v2\/users\/2"}],"replies":[{"embeddable":true,"href":"https:\/\/www.europesays.com\/no\/wp-json\/wp\/v2\/comments?post=44194"}],"version-history":[{"count":0,"href":"https:\/\/www.europesays.com\/no\/wp-json\/wp\/v2\/posts\/44194\/revisions"}],"wp:featuredmedia":[{"embeddable":true,"href":"https:\/\/www.europesays.com\/no\/wp-json\/wp\/v2\/media\/44195"}],"wp:attachment":[{"href":"https:\/\/www.europesays.com\/no\/wp-json\/wp\/v2\/media?parent=44194"}],"wp:term":[{"taxonomy":"category","embeddable":true,"href":"https:\/\/www.europesays.com\/no\/wp-json\/wp\/v2\/categories?post=44194"},{"taxonomy":"post_tag","embeddable":true,"href":"https:\/\/www.europesays.com\/no\/wp-json\/wp\/v2\/tags?post=44194"}],"curies":[{"name":"wp","href":"https:\/\/api.w.org\/{rel}","templated":true}]}}