{"id":44278,"date":"2025-09-24T22:11:14","date_gmt":"2025-09-24T22:11:14","guid":{"rendered":"https:\/\/www.europesays.com\/no\/44278\/"},"modified":"2025-09-24T22:11:14","modified_gmt":"2025-09-24T22:11:14","slug":"nytt-at-de-er-sa-unge","status":"publish","type":"post","link":"https:\/\/www.europesays.com\/no\/44278\/","title":{"rendered":"\u2013 Nytt at de er s\u00e5 unge"},"content":{"rendered":"\n<p class=\"_lead_ew2ao_2 _lead_xtcu6_50 layout-component text-serif-m layout-normal text-serif-l layout-component layout-wide layout-padded _wide_17hqh_1 layout-padded\">To 13 \u00e5r gamle gutter ble innbrakt etter granatangrepet p\u00e5 Bislett. \u2013\u2060\u00a0Det er nytt at de er s\u00e5 unge, sier Andreas Holgersen Lund i Kripos.<\/p>\n<p><img alt=\" Foto: Terje Pedersen \/ NTB\" class=\"_image_qp4xg_65 layout-component layout-wide\" data-fullscreen- data-track-element-type=\"Article image fullscreen\" data-track-name=\"ImageFullscreen\" fetchpriority=\"high\" decoding=\"sync\" loading=\"eager\" height=\"1871\" itemprop=\"image\"  src=\"https:\/\/www.europesays.com\/no\/wp-content\/uploads\/2025\/09\/42129be0-dabf-4718-b83f-2dd91f76e775\"  style=\"object-position:0% 0%\" width=\"2797\"\/> Foto: Terje Pedersen \/ NTB<\/p>\n<ul aria-hidden=\"true\" class=\"_images_1y6fe_106\">\n<li><a class=\"_link_1y6fe_111\" href=\"https:\/\/www.vg.no\/forfatter\/marianne-vikaas\" style=\"z-index:1\" title=\"Marianne Vik\u00e5s\" rel=\"nofollow noopener\" target=\"_blank\"><img alt=\"Bilde av Marianne Vik\u00e5s\" class=\"_image_1y6fe_88\" fetchpriority=\"low\" loading=\"lazy\" decoding=\"async\" itemprop=\"image\"  src=\"https:\/\/www.europesays.com\/no\/wp-content\/uploads\/2025\/09\/1758751872_628_d2438f37-7bc3-4fbe-9541-5b99b45f89bc\"  width=\"480\"\/><\/a><\/li>\n<\/ul>\n<p> Oppdatert onsdag 24. september kl. 19:57     <\/p>\n<p class=\"_paragraph_ew2ao_4 _paragraph_xtcu6_10 layout-component text-serif-m layout-normal text-serif-m layout-padded\">Han leder sekretariatet for politiets innsats mot kriminelle nettverk. <\/p>\n<p class=\"_paragraph_ew2ao_4 _paragraph_xtcu6_10 layout-component text-serif-m layout-normal text-serif-m layout-padded\">Oslo-politiet har bekreftet at de <a href=\"https:\/\/www.vg.no\/nyheter\/i\/0VPoo2\/13-aaring-paagrepet-etter-eksplosjon-i-oslo\" data-track-element-type=\"Link\" data-track-id=\"link:0VPoo2\" class=\"_link_ew2ao_39\" rel=\"nofollow noopener\" target=\"_blank\">etterforsker om de to 13-\u00e5ringene handlet p\u00e5 bestilling av andre<\/a> \u2013 s\u00e5kalt \u00abviolence as a service\u00bb, eller voldsoppdrag p\u00e5 norsk. <\/p>\n<p class=\"_paragraph_ew2ao_4 _paragraph_xtcu6_10 layout-component text-serif-m layout-normal text-serif-m layout-padded\">\u2013 Dette er en trussel og tematikk som har blitt l\u00f8ftet gjennom politiets trusselvurdering, og det vi har sett i v\u00e5re n\u00e6rmeste naboland. Vi m\u00e5 ta innover oss at dette kan skje i Norge, sier Lund til VG.<\/p>\n<p><img decoding=\"async\" alt=\"Bilde av Andreas Holgersen Lund\" class=\"_image_ygndg_42\" height=\"42\" itemprop=\"image\" loading=\"lazy\"  src=\"https:\/\/www.europesays.com\/no\/wp-content\/uploads\/2025\/09\/e81af3ae-7f60-4f4a-b757-665b7b6c9035\"  width=\"40\"\/><strong class=\"_name_ygndg_51 title-serif-xs\">Andreas Holgersen Lund<\/strong><\/p>\n<p class=\"_paragraph_ew2ao_4 _paragraph_xtcu6_10 layout-component text-serif-m layout-normal text-serif-m layout-padded\">If\u00f8lge VGs opplysninger kobles saken til det svenske <a href=\"https:\/\/www.vg.no\/nyheter\/i\/Gy4jqB\/granatangrep-kobles-til-kidnappingssak\" data-track-element-type=\"Link\" data-track-id=\"link:Gy4jqB\" class=\"_link_ew2ao_39\" rel=\"nofollow noopener\" target=\"_blank\">kriminelle nettverket Foxtrot<\/a>. Sverige har i flere \u00e5r v\u00e6rt rammet av en voldsb\u00f8lge fra kriminelle nettverk, der Foxtrot er et av de mest fryktede og omtalte. <\/p>\n<p class=\"_paragraph_ew2ao_4 _paragraph_xtcu6_10 layout-component text-serif-m layout-normal text-serif-m layout-padded\">\u2013 Nedslagsfeltet til disse kriminelle er grensel\u00f8st, b\u00e5de med tanke p\u00e5 internett og geografisk nedslagsfelt. For b\u00e5de voldsoppdrag og narkotika s\u00e5 ser vi et felles nordisk marked, sier Lund.<\/p>\n<p class=\"_paragraph_ew2ao_4 _paragraph_xtcu6_10 layout-component text-serif-m layout-normal text-serif-m layout-padded\"><strong class=\"_strong_ew2ao_25\"><a href=\"https:\/\/www.vg.no\/tag\/kripos?utm_source=vg-article&amp;utm_medium=auto-tagger&amp;utm_campaign=eMAqp9\" class=\"_link_ew2ao_39\" rel=\"nofollow noopener\" target=\"_blank\">Kripos<\/a> advarer:<\/strong> <a href=\"https:\/\/www.vg.no\/nyheter\/i\/ny2pnm\/kriminelle-nettverk-bruker-sosiale-medier-til-aa-sette-ut-voldsoppdrag\" data-track-element-type=\"Link\" data-track-id=\"link:ny2pnm\" class=\"_link_ew2ao_39\" rel=\"nofollow noopener\" target=\"_blank\">Slik rekrutteres norsk ungdom<\/a><\/p>\n<p>\u2013 Krevende<\/p>\n<p class=\"_paragraph_ew2ao_4 _paragraph_xtcu6_10 layout-component text-serif-m layout-normal text-serif-m layout-padded\">Sekretariatet Lund er leder for, har sitt opphav i de 600 millionene regjeringen \u00f8remerket bekjempelse av kriminelle nettverk. <\/p>\n<p><img alt=\"Kripos har tidligere gitt ut disse skjermbildene for \u00e5 vise hvordan rekruttering ofte skjer: I sosiale medier.  Foto: Kripos\" class=\"_image_qp4xg_65 layout-component layout-normal\" data-fullscreen- data-track-element-type=\"Article image fullscreen\" data-track-name=\"ImageFullscreen\" decoding=\"async\" loading=\"lazy\" height=\"436\" itemprop=\"image\"  src=\"https:\/\/www.europesays.com\/no\/wp-content\/uploads\/2025\/09\/89c11568-7368-4921-a1a5-9f85fde63485\"  style=\"object-position:0% 0%\" width=\"480\"\/>Kripos har tidligere gitt ut disse skjermbildene for \u00e5 vise hvordan rekruttering ofte skjer: I sosiale medier.  Foto: Kripos<\/p>\n<p class=\"_paragraph_ew2ao_4 _paragraph_xtcu6_10 layout-component text-serif-m layout-normal text-serif-m layout-padded\">En av oppgavene er \u00e5 gj\u00f8re det s\u00e5 vanskelig som mulig for nettverkene \u00e5 bedrive kriminalitet, samt \u00e5 hindre nyrekruttering. <\/p>\n<p class=\"_paragraph_ew2ao_4 _paragraph_xtcu6_10 layout-component text-serif-m layout-normal text-serif-m layout-padded\">\u2013 Det at barn og unge blir brukt til voldsoppdrag, at krypterte plattformer blir benyttet til rekruttering, samt omfanget i sosiale medier har store konsekvenser. Det er en stadig utvikling for norsk politi, og noe vi har p\u00e5 radaren, sier Lund og fortsetter:<\/p>\n<p class=\"_paragraph_ew2ao_4 _paragraph_xtcu6_10 layout-component text-serif-m layout-normal text-serif-m layout-padded\">\u2013 Noe klarer vi \u00e5 forebygge, men dette er krevende saker \u00e5 jobbe med, s\u00e5 det vil ogs\u00e5 kunne bli saker som vi har f\u00e5tt n\u00e5. <\/p>\n<p class=\"_paragraph_ew2ao_4 _paragraph_xtcu6_10 layout-component text-serif-m layout-normal text-serif-m layout-padded\">\u2013 Hva er det dere ser fra deres st\u00e5sted?<\/p>\n<p class=\"_paragraph_ew2ao_4 _paragraph_xtcu6_10 layout-component text-serif-m layout-normal text-serif-m layout-padded\">\u2013 Vi ser at det som har utspring i Sverige, i form av m\u00e5ten \u00e5 rekruttere p\u00e5, sprer seg til andre nettverk som ikke har svensk opphav. Dette er noe vi ikke bare ser i Norge, men som Europol ogs\u00e5 har tatt innover seg. <\/p>\n<p class=\"_paragraph_ew2ao_4 _paragraph_xtcu6_10 layout-component text-serif-m layout-normal text-serif-m layout-padded\">\u2013 Hvilke endringer ser dere i Norge?<\/p>\n<p class=\"_paragraph_ew2ao_4 _paragraph_xtcu6_10 layout-component text-serif-m layout-normal text-serif-m layout-padded\">\u2013 Det er nytt at de er s\u00e5 unge. At det er 13-\u00e5ringer som er s\u00e5 sentrale. Det gj\u00f8r at det er krevende \u00e5 f\u00f8lge med p\u00e5 og holde styr p\u00e5 den forebyggende jobben. <\/p>\n<p class=\"_paragraph_ew2ao_4 _paragraph_xtcu6_10 layout-component text-serif-m layout-normal text-serif-m layout-padded\"><strong class=\"_strong_ew2ao_25\">Listhaug:<\/strong> <a href=\"https:\/\/www.vg.no\/nyheter\/i\/VzWG36\/listhaug-naa-har-vi-svenske-tilstander-i-norge\" data-track-element-type=\"Link\" data-track-id=\"link:VzWG36\" class=\"_link_ew2ao_39\" rel=\"nofollow noopener\" target=\"_blank\">\u2013\u2060\u00a0N\u00e5 har vi svenske tilstande<\/a>r<\/p>\n<p>\u2013 Dette er barn<\/p>\n<p class=\"_paragraph_ew2ao_4 _paragraph_xtcu6_10 layout-component text-serif-m layout-normal text-serif-m layout-padded\">I Sverige har man over lengre tid sett at barn og unge har blitt rekruttert til voldsoppdrag. P\u00e5 grunn av sin unge alder har de ikke n\u00f8dvendigvis v\u00e6rt i politiets s\u00f8kelys tidligere. <\/p>\n<p class=\"_paragraph_ew2ao_4 _paragraph_xtcu6_10 layout-component text-serif-m layout-normal text-serif-m layout-padded\">Desto vanskeligere kan det v\u00e6re for politiet \u00e5 fange dem opp. <\/p>\n<p class=\"_paragraph_ew2ao_4 _paragraph_xtcu6_10 layout-component text-serif-m layout-normal text-serif-m layout-padded\">Andreas Holgersen Lund sier at noe av det sekretariatet f\u00f8lger opp er informasjonsdeling p\u00e5 tvers av den offentlige sektoren.<\/p>\n<p class=\"_paragraph_ew2ao_4 _paragraph_xtcu6_10 layout-component text-serif-m layout-normal text-serif-m layout-padded\">\u2013 Vi m\u00e5 bruke hele verkt\u00f8ykassen til det offentlige Norge for \u00e5 h\u00e5ndtere en felles trussel, sier han.<\/p>\n<p class=\"_paragraph_ew2ao_4 _paragraph_xtcu6_10 layout-component text-serif-m layout-normal text-serif-m layout-padded\">\u2013 Hva tenker du om at det er 13-\u00e5ringer som her har blitt innbrakt?<\/p>\n<p class=\"_paragraph_ew2ao_4 _paragraph_xtcu6_10 layout-component text-serif-m layout-normal text-serif-m layout-padded\">\u2013 Det er krevende og trist at de blir eksponert for dette her. Dette er barn, og det gj\u00f8r det utfordrende og krevende \u00e5 f\u00f8lge opp fra et politiperspektiv n\u00e5r rekrutteringsbasen spenner s\u00e5 vidt i alder og sikkert geografisk ogs\u00e5.<\/p>\n<p class=\"_paragraph_ew2ao_4 _paragraph_xtcu6_10 layout-component text-serif-m layout-normal text-serif-m layout-padded\"><strong class=\"_strong_ew2ao_25\">Svensk ekspert:<\/strong> <a href=\"https:\/\/www.vg.no\/nyheter\/i\/jQomOw\/granatangrepet-i-oslo-svensk-ekspert\" data-track-element-type=\"Link\" data-track-id=\"link:jQomOw\" class=\"_link_ew2ao_39\" rel=\"nofollow noopener\" target=\"_blank\">\u2013\u2060\u00a0Rene mordannonse<\/a>r<\/p>\n<p class=\"_paragraph_ew2ao_4 _paragraph_xtcu6_10 layout-component text-serif-m layout-normal text-serif-m layout-padded\">Tidligere \u2013 n\u00e5r man snakker om mer tradisjonelle gjenger \u2013 s\u00e5 politiet at nye medlemmer ofte ble rekruttert i nabolaget av personer de kjente.<\/p>\n<p class=\"_paragraph_ew2ao_4 _paragraph_xtcu6_10 layout-component text-serif-m layout-normal text-serif-m layout-padded\">\u2013 N\u00e5 er dynamikken endret, og det vi ser fra utlandet er at ut\u00f8verne har begrenset eller ingen tilknytning til konflikten de blir en del av, sier Lund. <\/p>\n<p class=\"_paragraph_ew2ao_4 _paragraph_xtcu6_10 layout-component text-serif-m layout-normal text-serif-m layout-padded\">Ofte er det opportunistiske grunner som ligger til grunn for at barn og unge tar p\u00e5 seg oppdrag: Penger eller status i chattegruppene. <\/p>\n<p class=\"_paragraph_ew2ao_4 _paragraph_xtcu6_10 layout-component text-serif-m layout-normal text-serif-m layout-padded\">If\u00f8lge\u00a0<a href=\"https:\/\/www.tv2.no\/nyheter\/innenriks\/eksplosjonen-i-oslo-13-aring-sa-han-fikk-30000-kroner\/18128788\/\" class=\"_link_ew2ao_39\" rel=\"nofollow noopener\" target=\"_blank\">TV 2<\/a>\u00a0har \u00e9n av de innbrakte 13-\u00e5ringene forklart at han fikk 30.000 kroner for \u00e5 gj\u00f8re jobben.<\/p>\n<p class=\"_paragraph_ew2ao_4 _paragraph_xtcu6_10 layout-component text-serif-m layout-normal text-serif-m layout-padded\">De siste \u00e5rene har det v\u00e6rt flere saker i Norge som politiet har knyttet til Foxtrot. <\/p>\n<p class=\"_paragraph_ew2ao_4 _paragraph_xtcu6_10 layout-component text-serif-m layout-normal text-serif-m layout-padded\">Denne m\u00e5neden startet rettssaken etter drapsfors\u00f8ket utenfor Mossehallen i 2023, som p\u00e5talemyndigheten mener bunner i en <a href=\"https:\/\/www.vg.no\/nyheter\/i\/o3Xqm0\/anklages-for-jordgubben-kontakt-vet-ikke-hvor-mitt-liv-ender\" data-track-element-type=\"Link\" data-track-id=\"link:o3Xqm0\" class=\"_link_ew2ao_39\" rel=\"nofollow noopener\" target=\"_blank\">konflikt innad i den svenske gjengen<\/a>. <\/p>\n<p class=\"_paragraph_ew2ao_4 _paragraph_xtcu6_10 layout-component text-serif-m layout-normal text-serif-m layout-padded\">Nylig ble siktelsen mot en <a href=\"https:\/\/www.vg.no\/nyheter\/i\/jQovew\/norsk-16-aaring-siktet-i-ny-drapssak-i-sverige\" data-track-element-type=\"Link\" data-track-id=\"link:jQovew\" class=\"_link_ew2ao_39\" rel=\"nofollow noopener\" target=\"_blank\">16-\u00e5ring fra Stavanger<\/a> utvidet til \u00e5 gjelde medvirkning til nok et drap. Flere av sakene politiet mener han har v\u00e6rt involvert i, knyttes til Foxtrot. <\/p>\n<p>Les ogs\u00e5<br \/>\n    <img decoding=\"async\" alt=\"Tips oss illustrasjon\" width=\"62px\" height=\"auto\" src=\"https:\/\/www.europesays.com\/no\/wp-content\/uploads\/2025\/08\/1754784428_95_W9avJzE.png\"\/>    <\/p>\n<p class=\"title-serif-s\">Har du tips til oss?<\/p>\n<p class=\"text-sans-m\">Send oss informasjon, bilder eller video<\/p>\n<p>  <a href=\"https:\/\/www.vg.no\/tips-oss\" rel=\"nofollow noopener\" target=\"_blank\"> Tips oss <\/a>      <\/p>\n","protected":false},"excerpt":{"rendered":"To 13 \u00e5r gamle gutter ble innbrakt etter granatangrepet p\u00e5 Bislett. \u2013\u2060\u00a0Det er nytt at de er s\u00e5&hellip;\n","protected":false},"author":2,"featured_media":44279,"comment_status":"","ping_status":"","sticky":false,"template":"","format":"standard","meta":{"footnotes":""},"categories":[10],"tags":[20,21,24,25,15,3881,1957,22,23,1604,13,30,28,29,14,16,1123,26,27,3739],"class_list":{"0":"post-44278","1":"post","2":"type-post","3":"status-publish","4":"format-standard","5":"has-post-thumbnail","7":"category-norge","8":"tag-breaking-news","9":"tag-breakingnews","10":"tag-featured-news","11":"tag-featurednews","12":"tag-headlines","13":"tag-kriminelle-nettverk","14":"tag-kripos","15":"tag-latest-news","16":"tag-latestnews","17":"tag-nettverk","18":"tag-news","19":"tag-no","20":"tag-norge","21":"tag-norway","22":"tag-nyheter","23":"tag-overskrifter","24":"tag-rekruttering","25":"tag-top-stories","26":"tag-topstories","27":"tag-vgkrimgruppa"},"share_on_mastodon":{"url":"","error":""},"_links":{"self":[{"href":"https:\/\/www.europesays.com\/no\/wp-json\/wp\/v2\/posts\/44278","targetHints":{"allow":["GET"]}}],"collection":[{"href":"https:\/\/www.europesays.com\/no\/wp-json\/wp\/v2\/posts"}],"about":[{"href":"https:\/\/www.europesays.com\/no\/wp-json\/wp\/v2\/types\/post"}],"author":[{"embeddable":true,"href":"https:\/\/www.europesays.com\/no\/wp-json\/wp\/v2\/users\/2"}],"replies":[{"embeddable":true,"href":"https:\/\/www.europesays.com\/no\/wp-json\/wp\/v2\/comments?post=44278"}],"version-history":[{"count":0,"href":"https:\/\/www.europesays.com\/no\/wp-json\/wp\/v2\/posts\/44278\/revisions"}],"wp:featuredmedia":[{"embeddable":true,"href":"https:\/\/www.europesays.com\/no\/wp-json\/wp\/v2\/media\/44279"}],"wp:attachment":[{"href":"https:\/\/www.europesays.com\/no\/wp-json\/wp\/v2\/media?parent=44278"}],"wp:term":[{"taxonomy":"category","embeddable":true,"href":"https:\/\/www.europesays.com\/no\/wp-json\/wp\/v2\/categories?post=44278"},{"taxonomy":"post_tag","embeddable":true,"href":"https:\/\/www.europesays.com\/no\/wp-json\/wp\/v2\/tags?post=44278"}],"curies":[{"name":"wp","href":"https:\/\/api.w.org\/{rel}","templated":true}]}}