{"id":44410,"date":"2025-09-25T05:00:14","date_gmt":"2025-09-25T05:00:14","guid":{"rendered":"https:\/\/www.europesays.com\/no\/44410\/"},"modified":"2025-09-25T05:00:14","modified_gmt":"2025-09-25T05:00:14","slug":"det-er-ikke-lett","status":"publish","type":"post","link":"https:\/\/www.europesays.com\/no\/44410\/","title":{"rendered":"&#8211; Det er ikke lett"},"content":{"rendered":"<p>  Dennis Hauger (22) forteller at han og kj\u00e6resten vurderer \u00e5 ta forholdet et steg videre &#8211; utenfor Norges grenser.<\/p>\n<p>\n    PAR: Julie Sletten og den norske motorsportstjerna Dennis Hauger vurderer \u00e5 flytte sammen til USA. Foto: juliesletten \/ Instagram\n  <\/p>\n<p>Etter flere uker med spekulasjoner offentliggjorde motorsportstjerna Dennis Hauger at <a href=\"https:\/\/www.dagbladet.no\/sport\/et-historisk-oyeblikk\/83632168\" target=\"_blank\" rel=\"nofollow noopener\">han har signert<\/a> med\u00a0Dale Coyne Racings Honda &#8211; p\u00e5 utl\u00e5n fra Andretti Global.<\/p>\n<p>Nordmannen skal kj\u00f8re for laget i Indycar &#8211; USAs svar p\u00e5 Formel 1 &#8211; og tar med det fatt p\u00e5 sitt andre \u00e5r over Atlanteren.<\/p>\n<p class=\"font-weight-bold m-font-weight-bold\" data-lab-font_weight=\"font-weight-bold\">&#8211; Jeg er ekstremt forn\u00f8yd og gleder meg, sier Hauger til Dagbladet.<\/p>\n<p>        KJ\u00c6RESTE: Dennis Hauger forteller hvordan det er \u00e5 v\u00e6re borte fra kj\u00e6resten sin. Video: Ulvevadet \/ Cederblad \/ Dagbladet <\/p>\n<p>&#8211; Ikke lett\t<\/p>\n<p>Men det er ikke bare Hauger som kan f\u00e5 et nytt eventyr. Kj\u00e6resten vurderer \u00e5 bli med ham til USA.<\/p>\n<p class=\"font-weight-bold m-font-weight-bold\" data-lab-font_weight=\"font-weight-bold\">&#8211; Vi f\u00e5r se. Det kommer an p\u00e5 henne. Hun har jobb og sine ting i Norge. Om det blir fram og tilbake eller noe permanent vil tida vise. Det finner vi ut av, forteller Hauger.<\/p>\n<p>22-\u00e5ringen, som vant Indy NXT-mesterskapet sammenlagt i den foreg\u00e5ende sesongen, har de siste tre \u00e5ra v\u00e6rt sammen med sosiale medier-profilen Julie Sletten (27).<\/p>\n<p class=\"italic m-italic\" data-lab-italic=\"italic\">&#8211; Hva sier hun til \u00e5 flytte til USA?<\/p>\n<p>&#8211; Hun er gira, er glad p\u00e5 mine vegne, heier og er en av mine st\u00f8rste st\u00f8ttespillere. Jeg er kjempetakknemlig for at hun er med, st\u00f8tter meg og at vi kan dele det sammen, svarer Aurskog-karen.<\/p>\n<p class=\"font-weight-bold m-font-weight-bold\" data-lab-font_weight=\"font-weight-bold\">Hauger, som det siste \u00e5ret har bodd i USA, forteller videre at savnet etter sin kj\u00e6re tidvis er stort.<\/p>\n<p>&#8211; Det er ikke lett n\u00e5r kj\u00e6reste, familie og venner er p\u00e5 den andre siden av jorda. Det er ikke bare-bare, men vi har veldig mye kontakt. Kommunikasjon er det viktigste. Det har g\u00e5tt overraskende bra, s\u00e5 det har v\u00e6rt fint, sier Hauger.<\/p>\n<p>          <img loading=\"lazy\" decoding=\"async\" src=\"https:\/\/www.europesays.com\/no\/wp-content\/uploads\/2025\/09\/83639652.webp\" width=\"686\" height=\"392\" title=\"FORN\u00d8YD: Dennis Hauger rykker opp ett niv\u00e5 og er klar for prestisjetunge Indycar. Her fra pressem\u00f8te i den anledning. Kanskje blir kj\u00e6resten med i bagasjen. Foto : Kristin Svorte\" alt=\"\" class=\"\" style=\"--aspect-ratio-image: 1.75; \"\/><\/p>\n<p>\n          FORN\u00d8YD: Dennis Hauger rykker opp ett niv\u00e5 og er klar for prestisjetunge Indycar. Her fra pressem\u00f8te i den anledning. Kanskje blir kj\u00e6resten med i bagasjen. Foto : Kristin Svorte\n      <\/p>\n<p>Herjet\t<\/p>\n<p>De f\u00f8rste fem Indycar-l\u00f8pene er i mars neste \u00e5r.<\/p>\n<p>&#8211; S\u00e5 det blir en travel start p\u00e5 sesongen, fortalte Hauger p\u00e5 pressekonferansen p\u00e5\u00a0Amerikalinjen Hotell i Oslo sentrum, der Dagbladet og en rekke andre medier var p\u00e5 plass.<\/p>\n<p class=\"font-weight-bold m-font-weight-bold\" data-lab-font_weight=\"font-weight-bold\">Hauger dominerte i debutsesongen i Indy NXT med seier i seks av fjorten l\u00f8p, elleve pallplasser, sju pole positions, fire banerekorder og mesterskapstittel.<\/p>\n<p>Men etter opprykket roer han ned forventningene.<\/p>\n<p>&#8211; M\u00e5let er\u00a0\u00abRookie of the Year\u00bb-tittelen, sier Hauger &#8211; som alts\u00e5 sikter seg inn p\u00e5 \u00e5 bli k\u00e5ret til neste sesongs beste debutant i sirkuset.<\/p>\n<p>&#8211; S\u00e5 f\u00e5r vi se hvordan jeg kan bygge det opp videre i sesongen, fortsatte Hauger.<\/p>\n<p>          <img loading=\"lazy\" decoding=\"async\" src=\"https:\/\/www.europesays.com\/no\/wp-content\/uploads\/2025\/09\/83639660.webp\" width=\"686\" height=\"392\" title=\"KJ\u00d8RER P\u00c5: Dennis Hauger herjet i Indy NXT. Neste sesong kj\u00f8rer han i den \u00f8verste divisjonen i USA: Indycar. Foto: NTB\" alt=\"\" class=\"\" style=\"--aspect-ratio-image: 1.75; \"\/><\/p>\n<p>\n          KJ\u00d8RER P\u00c5: Dennis Hauger herjet i Indy NXT. Neste sesong kj\u00f8rer han i den \u00f8verste divisjonen i USA: Indycar. Foto: NTB\n      <\/p>\n<p>Vrient\t<\/p>\n<p>Manager Harald Huysman deler tankegangen.<\/p>\n<p>&#8211; Det er et av de svakeste teamene &#8211; ikke minst \u00f8konomisk. S\u00e5 det blir ikke lett \u00e5 ta opp kampen med de store lagene. Men det er helt greit. Alle parter er klar over at dette blir et l\u00e6re\u00e5r, sier Huysman til Dagbladet.<\/p>\n<p class=\"font-weight-bold m-font-weight-bold\" data-lab-font_weight=\"font-weight-bold\">Viaplays Formel 1-kommentator Atle Gulbrandsen har stor tro p\u00e5 Hauger.<\/p>\n<p>&#8211; Han kommer ikke til \u00e5 dominere det f\u00f8rste \u00e5ret, men jeg er nesten helt sikker p\u00e5 at han kommer til \u00e5 etablere seg i Indycar, sier Gulbrandsen til Dagbladet.<\/p>\n<p>          <img loading=\"lazy\" decoding=\"async\" src=\"https:\/\/www.europesays.com\/no\/wp-content\/uploads\/2025\/09\/83639663.webp\" width=\"980\" height=\"559\" title=\"EKSPERT: Viaplays Atle Gulbrandsen. Foto: Kristin Svorte \/ Dagbladet\" alt=\"\" class=\"\" style=\"--aspect-ratio-image: 1.75; \"\/><\/p>\n<p>\n          EKSPERT: Viaplays Atle Gulbrandsen. Foto: Kristin Svorte \/ Dagbladet\n      <\/p>\n<p>Hylles\t<\/p>\n<p>Forhandlingene har p\u00e5g\u00e5tt siden juni.<\/p>\n<p class=\"italic m-italic\" data-lab-italic=\"italic\">&#8211; Hvordan har dialogen v\u00e6rt for \u00e5 f\u00e5 dette til?<\/p>\n<p>&#8211; Det har v\u00e6rt veldig greit. Det har v\u00e6rt fine folk \u00e5 forhandle med. Dennis har gjort det enklere for meg etter at han slo til som han gjorde. Han har virkelig imponert &#8211; ogs\u00e5 menneskelig. De liker ham veldig godt for den personen han er. Han er ydmyk, fin og hardtarbeidende. Det har v\u00e6rt veldig viktig, svarer manageren.<\/p>\n<p>Forrige sesong vant Hauger snaue ti millioner kroner for \u00e5 vinne Indy NXT-mesterskapet. Summen er \u00f8remerket satsingen i neste sesong.<\/p>\n<p>    <a itemprop=\"url\" href=\"https:\/\/www.dagbladet.no\/sport\/slaktes-pinlig\/83276548\" rel=\"nofollow noopener\" target=\"_blank\"><\/p>\n<p>      <img loading=\"lazy\" decoding=\"async\" src=\"https:\/\/www.europesays.com\/no\/wp-content\/uploads\/2025\/09\/83277110.webp\" width=\"980\" height=\"441\" title=\"Slaktes: - Pinlig\" alt=\"\" class=\"lazyload\" style=\"--aspect-ratio-image: 2.22; \"\/><\/p>\n<p>        Slaktes: &#8211; Pinlig<\/p>\n<p>    <\/a><\/p>\n<p class=\"italic m-italic\" data-lab-italic=\"italic\">&#8211; Hvor mye koster det \u00e5 v\u00e6re med en hel sesong?<\/p>\n<p>&#8211; For de store lagene ligger budsjettene p\u00e5 rundt 35 millioner dollar for en sesong. S\u00e5 ti millioner kroner hjelper Dennis, men teamene har sine finansieringskilder fra TV-rettigheter, sponsorer og annet, svarer Huysman.<\/p>\n<p>Indy 500 er selve juvelen i Indycar. I mai kan Hauger bli f\u00f8rste nordmann p\u00e5 over et \u00e5rhundre til \u00e5 delta &#8211; etter Gil Andersen fra Horten, som kj\u00f8rte seks \u00e5r p\u00e5 rad fra 1911.<\/p>\n<p>    <a itemprop=\"url\" href=\"https:\/\/www.dagbladet.no\/sport\/ble-vitne-til-dodsfall-stort-sjokk\/82593496\" rel=\"nofollow noopener\" target=\"_blank\"><\/p>\n<p>      <img loading=\"lazy\" decoding=\"async\" src=\"https:\/\/www.europesays.com\/no\/wp-content\/uploads\/2025\/09\/82603881.webp\" width=\"980\" height=\"441\" title=\"Ble vitne til d\u00f8dsfall: - Stort sjokk\" alt=\"\" class=\"lazyload\" style=\"--aspect-ratio-image: 2.22; \"\/><\/p>\n<p>        Ble vitne til d\u00f8dsfall: &#8211; Stort sjokk<\/p>\n<p>    <\/a><\/p>\n","protected":false},"excerpt":{"rendered":"Dennis Hauger (22) forteller at han og kj\u00e6resten vurderer \u00e5 ta forholdet et steg videre &#8211; utenfor Norges&hellip;\n","protected":false},"author":2,"featured_media":44411,"comment_status":"","ping_status":"","sticky":false,"template":"","format":"standard","meta":{"footnotes":""},"categories":[59],"tags":[1119,2026,6978,1120,30,28,29,83,82],"class_list":{"0":"post-44410","1":"post","2":"type-post","3":"status-publish","4":"format-standard","5":"has-post-thumbnail","7":"category-sport","8":"tag-dennis-hauger","9":"tag-formel-1","10":"tag-indycar","11":"tag-motorsport","12":"tag-no","13":"tag-norge","14":"tag-norway","15":"tag-sport","16":"tag-sports"},"share_on_mastodon":{"url":"","error":""},"_links":{"self":[{"href":"https:\/\/www.europesays.com\/no\/wp-json\/wp\/v2\/posts\/44410","targetHints":{"allow":["GET"]}}],"collection":[{"href":"https:\/\/www.europesays.com\/no\/wp-json\/wp\/v2\/posts"}],"about":[{"href":"https:\/\/www.europesays.com\/no\/wp-json\/wp\/v2\/types\/post"}],"author":[{"embeddable":true,"href":"https:\/\/www.europesays.com\/no\/wp-json\/wp\/v2\/users\/2"}],"replies":[{"embeddable":true,"href":"https:\/\/www.europesays.com\/no\/wp-json\/wp\/v2\/comments?post=44410"}],"version-history":[{"count":0,"href":"https:\/\/www.europesays.com\/no\/wp-json\/wp\/v2\/posts\/44410\/revisions"}],"wp:featuredmedia":[{"embeddable":true,"href":"https:\/\/www.europesays.com\/no\/wp-json\/wp\/v2\/media\/44411"}],"wp:attachment":[{"href":"https:\/\/www.europesays.com\/no\/wp-json\/wp\/v2\/media?parent=44410"}],"wp:term":[{"taxonomy":"category","embeddable":true,"href":"https:\/\/www.europesays.com\/no\/wp-json\/wp\/v2\/categories?post=44410"},{"taxonomy":"post_tag","embeddable":true,"href":"https:\/\/www.europesays.com\/no\/wp-json\/wp\/v2\/tags?post=44410"}],"curies":[{"name":"wp","href":"https:\/\/api.w.org\/{rel}","templated":true}]}}