{"id":44421,"date":"2025-09-25T05:15:20","date_gmt":"2025-09-25T05:15:20","guid":{"rendered":"https:\/\/www.europesays.com\/no\/44421\/"},"modified":"2025-09-25T05:15:20","modified_gmt":"2025-09-25T05:15:20","slug":"dagens-horoskop-for-torsdag-25-september","status":"publish","type":"post","link":"https:\/\/www.europesays.com\/no\/44421\/","title":{"rendered":"Dagens horoskop for torsdag 25. september"},"content":{"rendered":"<p>Hver dag vil v\u00e5r astrolog Sol gi deg et innblikk i fremtiden. Er du nysgjerrig p\u00e5 kj\u00e6rlighet, jobb, \u00f8konomi, venner eller kanskje familie? La stjernetegnet ditt vise vei. Pssst, <a href=\"https:\/\/www.kk.no\/horoskop\" rel=\"nofollow noopener\" target=\"_blank\">her finner du v\u00e5rt ukeshoroskop<\/a>.<\/p>\n<p class=\"font-weight-bold m-font-weight-bold\" data-lab-font_weight=\"font-weight-bold\">Nedenfor finner du horoskopet for torsdag 25. september.\u00a0<\/p>\n<p>    KKs Astrolog<\/p>\n<ul>\n<li>Sol W. Jonassen (46).<\/li>\n<li>Utdannet Evolusjon\u00e6r Astrolog, Soulflow terapeut og meditasjonsinstrukt\u00f8r.<\/li>\n<li>Har jobbet internasjonalt med \u00e5 holde foredrag og undervise i 20 \u00e5r.<\/li>\n<\/ul>\n<p>      Vis mer<br \/>\n      Vis mindre<\/p>\n<p>V\u00c6REN\t<\/p>\n<p>F\u00f8dt: 21. mars\u201320. april<\/p>\n<p> Noen<br \/>\nganger f\u00f8les det som om livet legger p\u00e5 s\u00e5 mye at det nesten er umulig \u00e5 holde<br \/>\nseg oppe. Kanskje har du sagt ja for raskt og tenkt at \u00abdet g\u00e5r nok\u00bb, men n\u00e5<br \/>\nser du at det kanskje ikke var s\u00e5 lurt. Det som skulle v\u00e6re enkelt, har vokst<br \/>\nseg komplisert, og s\u00e5 har det bare ballet p\u00e5 seg. N\u00e5 st\u00e5r du i en tidsklemme<br \/>\nmed for mye ansvar p\u00e5 skuldrene. Rist av deg det som ikke er ditt. Kjenn etter:<br \/>\nhvis det kjennes tungt og skaper indre motstand, s\u00e5 lytt til den. Du tjener<br \/>\ningenting p\u00e5 \u00e5 brenne deg ut. <\/p>\n<p>    <a itemprop=\"url\" href=\"https:\/\/www.kk.no\/helse\/advarer-de-som-har-rosacea-disse-kremene-forverrer-huden\/81819973\" rel=\"nofollow noopener\" target=\"_blank\"><\/p>\n<p>      <img loading=\"lazy\" decoding=\"async\" src=\"https:\/\/www.europesays.com\/no\/wp-content\/uploads\/2025\/09\/1758777309_515_81840837.webp\" width=\"980\" height=\"441\" title=\"Advarer de som har rosacea: - Disse kremene forverrer huden\" alt=\"\" class=\"lazyload\" style=\"--aspect-ratio-image: 2.22; \"\/><\/p>\n<p>        Advarer de som har rosacea: &#8211; Disse kremene forverrer huden<\/p>\n<p>    <\/a><\/p>\n<p>TYREN\t<\/p>\n<p>F\u00f8dt: 21. april\u201321. mai<\/p>\n<p> Det<br \/>\nkoker godt rundt deg n\u00e5, men du ser ut til \u00e5 v\u00e6re forbl\u00f8ffende up\u00e5virket av det<br \/>\nhele. Enten det gjelder konflikt blant kollegaer eller uro i familien, har du<br \/>\nevnen til \u00e5 trekke deg et skritt tilbake og observere, uten \u00e5 ta parti eller<br \/>\nf\u00f8le at det er ditt ansvar \u00e5 l\u00f8se. S\u00e5 lenge du er komfortabel med at andre<br \/>\nstresser over ting du ikke kan gj\u00f8re noe med, kan du fortsette \u00e5 nyte livet.<br \/>\nHusk: du kan ikke styre hva andre tenker eller gj\u00f8r. Hold deg p\u00e5 din egen<br \/>\nbanehalvdel, det er der du finner friheten. <\/p>\n<p>    <a itemprop=\"url\" href=\"https:\/\/www.kk.no\/samliv\/opplever-du-at-menn-gradvis-mister-interessen-prov-dette\/82077616\" rel=\"nofollow noopener\" target=\"_blank\"><\/p>\n<p>      <img loading=\"lazy\" decoding=\"async\" src=\"https:\/\/www.europesays.com\/no\/wp-content\/uploads\/2025\/09\/1758777310_695_82133063.webp\" width=\"980\" height=\"441\" title=\"Opplever du at menn gradvis mister interessen? - Pr\u00f8v dette!\" alt=\"\" class=\"lazyload\" style=\"--aspect-ratio-image: 2.22; \"\/><\/p>\n<p>        Opplever du at menn gradvis mister interessen? &#8211; Pr\u00f8v dette!<\/p>\n<p>    <\/a><\/p>\n<p>TVILLINGENE\t<\/p>\n<p>F\u00f8dt: 22. mai\u201321. juni<\/p>\n<p> Etter<br \/>\nnoen hektiske dager trenger du en pustepause. Kanskje hadde du hatt aller mest<br \/>\nlyst p\u00e5 en ferie, men midt i en travel arbeidsuke er det lite realistisk. Da<br \/>\ngjelder det \u00e5 velge det nest beste: \u00e5 sette av tid til \u00e5 pleie deg selv p\u00e5 en<br \/>\nsunn og god m\u00e5te. Trenger du en massasje, bestill en. Husk at alt du gir til<br \/>\ndeg selv, er en investering i fremtiden. N\u00e5r du fyller deg opp med n\u00e6ring, ro<br \/>\nog kj\u00e6rlighet, er du klar for neste runde. La ambisjonene hvile litt, og la<br \/>\nhybelkaninene v\u00e6re i fred. Gi til deg selv det du s\u00e5 ofte gir til andre. <\/p>\n<p>    <a itemprop=\"url\" href=\"https:\/\/www.kk.no\/helse\/mange-kvinner-er-ikke-klar-over-diagnosen-1\/83582826\" rel=\"nofollow noopener\" target=\"_blank\"><\/p>\n<p>      <img loading=\"lazy\" decoding=\"async\" src=\"https:\/\/www.europesays.com\/no\/wp-content\/uploads\/2025\/09\/1758777311_470_83595886.webp\" width=\"980\" height=\"441\" title=\"- Mange kvinner er ikke klar over diagnosen\" alt=\"\" class=\"lazyload\" style=\"--aspect-ratio-image: 2.22; \"\/><\/p>\n<p>        &#8211; Mange kvinner er ikke klar over diagnosen<\/p>\n<p>    <\/a><\/p>\n<p>KREPSEN\t<\/p>\n<p>F\u00f8dt: 22. juni\u201322. juli<\/p>\n<p> Den<br \/>\nkosmiske dansen har roet seg, og midt i alt som har skjedd har du funnet<br \/>\ntilbake til noe verdifullt i deg selv. Ofte skal det en liten krise til for \u00e5<br \/>\nminne oss om hva som egentlig betyr mest, og n\u00e5 kan du kjenne p\u00e5 en dyp<br \/>\ntakknemlighet over at livet, tross alt, er godt. Ser du det hele i et st\u00f8rre<br \/>\nperspektiv, er det mye \u00e5 v\u00e6re takknemlig for, og n\u00e5r du dyrker denne f\u00f8lelsen,<br \/>\nspirer ny energi og inspirasjon. N\u00e5r du lar takknemligheten f\u00e5 vokse, blir den<br \/>\nb\u00e5de en p\u00e5minnelse om alt du allerede har, og en drivkraft som \u00e5pner d\u00f8ren til<br \/>\nnye muligheter. <\/p>\n<p>    <a itemprop=\"url\" href=\"https:\/\/www.kk.no\/kultur\/disse-stjernetegnene-passer-best-sammen\/67984373\" rel=\"nofollow noopener\" target=\"_blank\"><\/p>\n<p>      <img loading=\"lazy\" decoding=\"async\" src=\"https:\/\/www.europesays.com\/no\/wp-content\/uploads\/2025\/09\/1758777312_640_67984383.webp\" width=\"980\" height=\"441\" title=\"Disse stjernetegnene passer best sammen\" alt=\"\" class=\"lazyload\" style=\"--aspect-ratio-image: 2.22; \"\/><\/p>\n<p>        Disse stjernetegnene passer best sammen<\/p>\n<p>    <\/a><\/p>\n<p>L\u00d8VEN\t<\/p>\n<p>F\u00f8dt: 23. juli\u201323. august<\/p>\n<p> Dette<br \/>\ner en intens dag, kosmos koker av energi, og det kan lett bli armer og bein i<br \/>\nalle retninger. Det skal mye til \u00e5 holde temperamentet i sjakk n\u00e5, for b\u00e5de du<br \/>\nog de rundt deg kan v\u00e6re lettantennelige og raske til \u00e5 reagere p\u00e5 ord og<br \/>\nhandlinger. Det krever stor disiplin \u00e5 la v\u00e6re \u00e5 sende den meldingen eller \u00e5<br \/>\navst\u00e5 fra \u00e5 svare spontant. Men selv om behovet for \u00e5 ta opp en sak presser p\u00e5,<br \/>\ner det ikke sikkert dette er riktig tid eller sted. Vent til trykket har<br \/>\nlettet, da kan du handle med b\u00e5de klarhet og styrke. <\/p>\n<p>    <a itemprop=\"url\" href=\"https:\/\/www.kk.no\/mote\/na-skal-alle-ha-denne\/83541092\" rel=\"nofollow noopener\" target=\"_blank\"><\/p>\n<p>      <img loading=\"lazy\" decoding=\"async\" src=\"https:\/\/www.europesays.com\/no\/wp-content\/uploads\/2025\/09\/1758777312_758_83541109.webp\" width=\"980\" height=\"441\" title=\"N\u00e5 skal alle ha denne\" alt=\"\" class=\"lazyload\" style=\"--aspect-ratio-image: 2.22; \"\/><\/p>\n<p>        N\u00e5 skal alle ha denne<\/p>\n<p>    <\/a><\/p>\n<p>JOMFRUEN\t<\/p>\n<p>F\u00f8dt: 24. august\u201323. september<\/p>\n<p> N\u00e5<br \/>\nhar t\u00e5ken lettet, og det som en gang var uklart, er blitt helt tydelig. Du vet<br \/>\nhva du f\u00f8ler, mener og vil, og denne klarheten gir deg kraft til \u00e5 handle.<br \/>\nDette er dagen for \u00e5 sette handling bak ordene, starte et nytt prosjekt eller<br \/>\nta initiativ for det du \u00f8nsker. Du venter ikke lenger p\u00e5 at andre skal bestemme<br \/>\nseg; du tar saken i egne hender og styrer skuta selv. St\u00e5r du midt i et st\u00f8rre<br \/>\nprosjekt p\u00e5 jobb, kan ditt initiativ v\u00e6re avgj\u00f8rende for utfallet. Vil du bli<br \/>\nferdig, m\u00e5 du gripe tak i det som trengs, og du er klar til \u00e5 gj\u00f8re nettopp<br \/>\ndet. <\/p>\n<p>    <a itemprop=\"url\" href=\"https:\/\/www.kk.no\/samliv\/jeg-tror-frykten-for-a-velge-feil-partner-er-mye-mer-utbredt-i-dag\/81316132\" rel=\"nofollow noopener\" target=\"_blank\"><\/p>\n<p>      <img loading=\"lazy\" decoding=\"async\" src=\"https:\/\/www.europesays.com\/no\/wp-content\/uploads\/2025\/09\/1758777313_790_81316290.webp\" width=\"980\" height=\"441\" title=\"- Jeg tror frykten for \u00e5 velge feil partner er mye mer utbredt i dag\" alt=\"\" class=\"lazyload\" style=\"--aspect-ratio-image: 2.22; \"\/><\/p>\n<p>        &#8211; Jeg tror frykten for \u00e5 velge feil partner er mye mer utbredt i dag <\/p>\n<p>    <\/a><\/p>\n<p>VEKTEN\t<\/p>\n<p>F\u00f8dt: 24. september\u201323. oktober<\/p>\n<p> Det<br \/>\ner ikke alltid ting blir som forventet, og skuffelsen som f\u00f8lger er en naturlig<br \/>\ndel av livet. Akkurat n\u00e5 m\u00e5 du kanskje bare akseptere at det er s\u00e5nn du har<br \/>\ndet, og vite at det vil g\u00e5 over. Men hvis du holder fast ved gamle skuffelser<br \/>\nog insisterer p\u00e5 at ting alltid vil v\u00e6re slik, risikerer du \u00e5 l\u00e5se deg fast i<br \/>\net m\u00f8nster styrt av fortiden. Det er ikke der du vil v\u00e6re. N\u00e5 f\u00e5r du en<br \/>\nstr\u00e5lende mulighet til \u00e5 bryte ut, legge fortiden bak deg og lukke d\u00f8ren for<br \/>\ngodt. Ikke hold liv i gamle sp\u00f8kelser, de h\u00f8rer ikke hjemme i fremtiden din. <\/p>\n<p>    <a itemprop=\"url\" href=\"https:\/\/www.kk.no\/underholdning\/slik-velges-forraederne-1\/83602379\" rel=\"nofollow noopener\" target=\"_blank\"><\/p>\n<p>      <img loading=\"lazy\" decoding=\"async\" src=\"https:\/\/www.europesays.com\/no\/wp-content\/uploads\/2025\/09\/1758777314_476_83602392.webp\" width=\"980\" height=\"441\" title=\"Slik velges forr\u00e6derne\" alt=\"\" class=\"lazyload\" style=\"--aspect-ratio-image: 2.22; \"\/><\/p>\n<p>        Slik velges forr\u00e6derne<\/p>\n<p>    <\/a><\/p>\n<p>SKORPIONEN\t<\/p>\n<p>F\u00f8dt: 24. oktober\u201322. november<\/p>\n<p>Kanskje f\u00e5r du ikke den st\u00f8tten eller hjelpen du<br \/>\ntrenger n\u00e5, og det kan vekke frustrasjon \u2013 s\u00e6rlig fordi du selv alltid stiller<br \/>\nopp n\u00e5r andre trenger deg. Men med b\u00e5de M\u00e5nen og Mars i ditt tegn blir du<br \/>\nutfordret til \u00e5 stole p\u00e5 instinktene dine og frigj\u00f8re deg fra un\u00f8dvendig<br \/>\navhengighet til mennesker du ofte lener deg p\u00e5. N\u00e5 er tiden inne til \u00e5 ta egne<br \/>\nvalg og stole p\u00e5 at de leder deg i riktig retning. Du har mer enn nok ressurser<br \/>\ni deg selv, og n\u00e5r du f\u00f8rst bestemmer deg for \u00e5 ordne ting p\u00e5 egen h\u00e5nd, er du<br \/>\nn\u00e6rmest ustoppelig. Ikke vent, ta grep!<\/p>\n<p>    <a itemprop=\"url\" href=\"https:\/\/www.kk.no\/samliv\/alle-parforhold-er-et-tapsprosjekt-1\/83594125\" rel=\"nofollow noopener\" target=\"_blank\"><\/p>\n<p>      <img loading=\"lazy\" decoding=\"async\" src=\"https:\/\/www.europesays.com\/no\/wp-content\/uploads\/2025\/09\/1758777316_499_81316290.webp\" width=\"980\" height=\"441\" title=\"- Alle parforhold er et tapsprosjekt\" alt=\"\" class=\"lazyload\" style=\"--aspect-ratio-image: 2.22; \"\/><\/p>\n<p>        &#8211; Alle parforhold er et tapsprosjekt<\/p>\n<p>    <\/a><\/p>\n<p>SKYTTEN<\/p>\n<p>F\u00f8dt: 23. november\u201321. desember<\/p>\n<p>Det er like greit \u00e5 omfavne tanken om at<br \/>\nhandlingsplaneten Mars n\u00e5 befinner seg i din sektor for spiritualitet og<br \/>\nretrett de neste to m\u00e5nedene s\u00e5 du finner fred. Dette er nemlig en periode hvor<br \/>\ndu mest sannsynlig vil kjenne sterkere p\u00e5 de indre prosessene, og der fokuset<br \/>\nhandler mer om \u00e5 jobbe med deg selv enn \u00e5 erobre verden slik du hadde planlagt.<br \/>\nDagens kosmos speiler nettopp dette. Du b\u00f8r senke tempoet, gi deg selv tid til<br \/>\n\u00e5 ford\u00f8ye alt som skjer p\u00e5 innsiden, og unng\u00e5 hastverk. Finn rom for stillhet<br \/>\nog alenetid, det er der klarheten og styrken kan vokse frem.<\/p>\n<p>    <a itemprop=\"url\" href=\"https:\/\/www.kk.no\/livet\/lett-a-handle-pa-impuls-forste-gang-man-far-penger\/83594400\" rel=\"nofollow noopener\" target=\"_blank\"><\/p>\n<p>      <img loading=\"lazy\" decoding=\"async\" src=\"https:\/\/www.europesays.com\/no\/wp-content\/uploads\/2025\/09\/83594419.webp\" width=\"980\" height=\"441\" title=\"- Lett \u00e5 handle p\u00e5 impuls f\u00f8rste gang man f\u00e5r penger\" alt=\"\" class=\"lazyload\" style=\"--aspect-ratio-image: 2.22; \"\/><\/p>\n<p>        &#8211; Lett \u00e5 handle p\u00e5 impuls f\u00f8rste gang man f\u00e5r penger<\/p>\n<p>    <\/a><\/p>\n<p>STEINBUKKEN<\/p>\n<p>F\u00f8dt: 22. desember\u201320. januar<\/p>\n<p> Noen<br \/>\nganger kan det f\u00f8les som om alle vender seg til deg n\u00e5r noe skal ordnes.<br \/>\nKanskje vil de l\u00e5ne penger, trenger hjelp til noe, eller skyver et ansvar over<br \/>\np\u00e5 deg som de selv ikke klarer \u00e5 h\u00e5ndtere. Da ender du opp som den som m\u00e5 fikse<br \/>\nalt. Den f\u00f8lelsen er viktig \u00e5 ta p\u00e5 alvor, for den peker p\u00e5 en ubalanse. Sp\u00f8r<br \/>\ndeg selv: Tar du p\u00e5 deg for mye fordi du tror du m\u00e5, eller fordi du ikke ser<br \/>\nnoe annet alternativ? T\u00f8r du \u00e5 la det bli litt kaos i andres liv, vil de f\u00e5<br \/>\nmuligheten til \u00e5 kjenne p\u00e5 sitt eget ansvar, uten at du rydder opp for dem. <\/p>\n<p>    <a itemprop=\"url\" href=\"https:\/\/www.kk.no\/helse\/ikke-sikkert-at-gluten-er-problemet\/83562313\" rel=\"nofollow noopener\" target=\"_blank\"><\/p>\n<p>      <img loading=\"lazy\" decoding=\"async\" src=\"https:\/\/www.europesays.com\/no\/wp-content\/uploads\/2025\/09\/1758777318_846_83562337.webp\" width=\"980\" height=\"441\" title=\"- Ikke sikkert at gluten er problemet\" alt=\"\" class=\"lazyload\" style=\"--aspect-ratio-image: 2.22; \"\/><\/p>\n<p>        &#8211; Ikke sikkert at gluten er problemet<\/p>\n<p>    <\/a><\/p>\n<p>VANNMANNEN<\/p>\n<p>F\u00f8dt: 21. januar\u201318. februar<\/p>\n<p> Noe<br \/>\nhar l\u00f8snet, og du kan endelig legge bak deg noen frustrerende dager. Det du<br \/>\nnylig har opplevd, kan ha gjort deg ekstra takknemlig for det du har i livet,<br \/>\nenten det gjelder familie, venner eller hjemmet ditt. Denne takknemligheten gir<br \/>\ndeg en dyp f\u00f8lelse av fred. Du ser at du har gjort en god jobb, enten som<br \/>\nforelder, partner eller venn. Og med den vissheten kan du hvile i at selv om<br \/>\nverden rundt deg kan virke kaotisk, s\u00e5 r\u00e5der det orden og suksess p\u00e5<br \/>\nhjemmefronten. Dette er virkelig kontrastenes tid. Nyt det enkle livet og sett<br \/>\npris p\u00e5 de du elsker. <\/p>\n<p>    <a itemprop=\"url\" href=\"https:\/\/www.kk.no\/helse\/dette-er-oreplagene-du-bor-vaere-obs-pa\/83594107\" rel=\"nofollow noopener\" target=\"_blank\"><\/p>\n<p>      <img loading=\"lazy\" decoding=\"async\" src=\"https:\/\/www.europesays.com\/no\/wp-content\/uploads\/2025\/09\/1758777319_710_83594172.webp\" width=\"980\" height=\"441\" title=\"- Dette er \u00f8replagene du b\u00f8r v\u00e6re obs p\u00e5\" alt=\"\" class=\"lazyload\" style=\"--aspect-ratio-image: 2.22; \"\/><\/p>\n<p>        &#8211; Dette er \u00f8replagene du b\u00f8r v\u00e6re obs p\u00e5<\/p>\n<p>    <\/a><\/p>\n<p>FISKENE<\/p>\n<p>F\u00f8dt: 19. februar\u201320. mars<\/p>\n<p> Du<br \/>\nbegynner n\u00e5 \u00e5 f\u00e5 oversikt over detaljene. En plan tar form, og du er klar til \u00e5<br \/>\nta de f\u00f8rste skrittene mot \u00e5 realisere en dr\u00f8m. At s\u00e5 mye allerede er p\u00e5 plass,<br \/>\ngir deg b\u00e5de mot og styrke til \u00e5 starte, samtidig som det hjelper deg \u00e5 se<br \/>\nhvilke muligheter som finnes, og hvor utfordringene kan dukke opp. Du er n\u00e5 s\u00e5<br \/>\ngodt forberedt som du kan v\u00e6re, og dermed er det gr\u00f8nt lys for \u00e5 sette i gang.<br \/>\nS\u00e5 lenge du ser deg for f\u00f8r du skrider til verks, st\u00e5r du trygt. Bruk dagen<br \/>\neffektivt og unng\u00e5 \u00e5 utsette det du kan gj\u00f8re i dag til i morgen. Det er godt<br \/>\nmed alt som er gjort. <\/p>\n<p>    <a itemprop=\"url\" href=\"https:\/\/www.kk.no\/kultur\/denne-treningen-passer-for-deg\/67987682\" rel=\"nofollow noopener\" target=\"_blank\"><\/p>\n<p>      <img loading=\"lazy\" decoding=\"async\" src=\"https:\/\/www.europesays.com\/no\/wp-content\/uploads\/2025\/09\/1758777320_638_67987690.webp\" width=\"980\" height=\"441\" title=\"Denne treningen passer for deg\" alt=\"\" class=\"lazyload\" style=\"--aspect-ratio-image: 2.22; \"\/><\/p>\n<p>        Denne treningen passer for deg<\/p>\n<p>    <\/a><\/p>\n","protected":false},"excerpt":{"rendered":"Hver dag vil v\u00e5r astrolog Sol gi deg et innblikk i fremtiden. Er du nysgjerrig p\u00e5 kj\u00e6rlighet, jobb,&hellip;\n","protected":false},"author":2,"featured_media":2150,"comment_status":"","ping_status":"","sticky":false,"template":"","format":"standard","meta":{"footnotes":""},"categories":[58],"tags":[4065,4064,71,4063,30,28,29,4066,72],"class_list":{"0":"post-44421","1":"post","2":"type-post","3":"status-publish","4":"format-standard","5":"has-post-thumbnail","7":"category-underholdning","8":"tag-astrologi","9":"tag-dagens_horoskop","10":"tag-entertainment","11":"tag-horoskop","12":"tag-no","13":"tag-norge","14":"tag-norway","15":"tag-stjernetegn","16":"tag-underholdning"},"share_on_mastodon":{"url":"","error":""},"_links":{"self":[{"href":"https:\/\/www.europesays.com\/no\/wp-json\/wp\/v2\/posts\/44421","targetHints":{"allow":["GET"]}}],"collection":[{"href":"https:\/\/www.europesays.com\/no\/wp-json\/wp\/v2\/posts"}],"about":[{"href":"https:\/\/www.europesays.com\/no\/wp-json\/wp\/v2\/types\/post"}],"author":[{"embeddable":true,"href":"https:\/\/www.europesays.com\/no\/wp-json\/wp\/v2\/users\/2"}],"replies":[{"embeddable":true,"href":"https:\/\/www.europesays.com\/no\/wp-json\/wp\/v2\/comments?post=44421"}],"version-history":[{"count":0,"href":"https:\/\/www.europesays.com\/no\/wp-json\/wp\/v2\/posts\/44421\/revisions"}],"wp:featuredmedia":[{"embeddable":true,"href":"https:\/\/www.europesays.com\/no\/wp-json\/wp\/v2\/media\/2150"}],"wp:attachment":[{"href":"https:\/\/www.europesays.com\/no\/wp-json\/wp\/v2\/media?parent=44421"}],"wp:term":[{"taxonomy":"category","embeddable":true,"href":"https:\/\/www.europesays.com\/no\/wp-json\/wp\/v2\/categories?post=44421"},{"taxonomy":"post_tag","embeddable":true,"href":"https:\/\/www.europesays.com\/no\/wp-json\/wp\/v2\/tags?post=44421"}],"curies":[{"name":"wp","href":"https:\/\/api.w.org\/{rel}","templated":true}]}}